{"id":1029,"date":"2013-05-07T05:49:53","date_gmt":"2013-05-07T05:49:53","guid":{"rendered":"http:\/\/localhost\/joomla\/2013\/05\/07\/el-estado-de-la-nacion-txuriurdin\/"},"modified":"2025-05-28T15:53:50","modified_gmt":"2025-05-28T13:53:50","slug":"el-estado-de-la-nacion-txuriurdin","status":"publish","type":"post","link":"https:\/\/elbeaterio.es\/index.php\/2013\/05\/07\/el-estado-de-la-nacion-txuriurdin\/","title":{"rendered":"El estado de la naci\u00f3n txuriurdin"},"content":{"rendered":"\n<p class=\" eplus-wrapper\"><\/p>\n\n\n\n<figure class=\" wp-block-table eplus-wrapper\"><table><thead><tr><th class=\"has-text-align-center\" data-align=\"center\">Getafe CF 2-1 Real Sociedad<\/th><\/tr><\/thead><tbody><tr><td class=\"has-text-align-center\" data-align=\"center\">Jornada 34 Liga &#8211; 06\/05\/2013<\/td><\/tr><\/tbody><\/table><\/figure>\n\n\n\n<p class=\" eplus-wrapper\"><\/p>\n\n\n\n<p class=\" eplus-wrapper\">El presidente de la Real acudi\u00f3 a la cita con Onda Vasca el pasado viernes para compartir con los oyentes el estado de la naci\u00f3n txuriurdin. En la entrevista con Xabier Lapitz, en la que no faltaron ni el director deportivo Loren, ni uno de los jugadores \u201cde peso\u201d en la plantilla como Mikel Gonz\u00e1lez, Jokin Aperribay no fue mucho m\u00e1s all\u00e1 de la realidad del d\u00eda a d\u00eda aunque quiso dejar claro que \u201ctonter\u00edas las justas\u201d.<\/p>\n\n\n\n<!--more-->\n\n\n\n<p class=\" eplus-wrapper\">Se refer\u00eda al hipot\u00e9tico, pero muy cercano, marco de la pr\u00f3xima temporada donde la entidad va a disputar alguna de las competiciones continentales. Eso conllevar\u00e1 m\u00e1s esfuerzo de los jugadores, pero si el plantel refuerza su composici\u00f3n no ser\u00e1 a base de inversiones que se alejen del plan trazado por el actual grupo dirigente. La hoja de ruta no var\u00eda. Todas las voces que hablan desde dentro se refieren permanentemente a la apuesta por los jugadores de casa, a la apuesta por los futbolistas que han situado al equipo en un puesto de privilegio. Nada m\u00e1s y nada menos.<\/p>\n\n\n\n<p class=\" eplus-wrapper\">En ese repaso de situaciones se habl\u00f3 de I\u00f1igo Mart\u00ednez, un central al que se le intuye una enorme carrera profesional. Neg\u00f3 cualquier oferta por \u00e9l, ni por ninguno de sus compa\u00f1eros. \u201cSi alguien fuera a pagar esa cl\u00e1usula, se notar\u00eda en mi cara. He pasado por la Avenida y ning\u00fan director de banco ha salido a buscarme\u201d. El presidente es cauto. Intuye que el verano va a ser complicado porque a lo mejor los ingresos por televisi\u00f3n no llegan a los clubes y estos van a verse muy maniatados para poder concretar operaciones.<\/p>\n\n\n\n<p class=\" eplus-wrapper\">Aperribay termina mandato en pocos meses. Cogi\u00f3 al club en una situaci\u00f3n casi ca\u00f3tica y lo va a dejar muy cerca de lo envidiable. Ese es su m\u00e9rito. Por eso, antes de decidir si se presenta a la reelecci\u00f3n, parece muy claro que no va a asumir riesgos econ\u00f3micos y deportivos que saquen a la entidad que preside del carril por el que ha hecho el recorrido estos \u00faltimos a\u00f1os.<\/p>\n\n\n\n<p class=\" eplus-wrapper\">Gracias a la sobriedad y al rigor, la situaci\u00f3n es llevadera. Esa es una de las razones por las que, al no haber tensiones de tesorer\u00eda ni compromisos que apremien, nadie da el paso para tratar de aprovecharse de la necesidad y llevarse jugadores a bajo precio. \u201cNo necesitamos vender\u201d. La sociedad goza de buena salud en lo social, lo deportivo y lo econ\u00f3mico. Sabe perfectamente tambi\u00e9n que \u201ccamar\u00f3n que se duerme se lo lleva la corriente\u201d.<\/p>\n\n\n\n<p class=\" eplus-wrapper\">El club debe estar alerta a todo lo que le afecte y tenga que ver con el futuro. Se empe\u00f1a en sacar adelante la remodelaci\u00f3n de Anoeta, vital para el futuro del club. Por ah\u00ed han de venir la consolidaci\u00f3n de la econom\u00eda, el abaratamiento de las entradas para los j\u00f3venes y asegurar un presupuesto que permita mantener vivos todos los proyectos. Hay tarea en tiempos de crisis.<\/p>\n\n\n\n<p class=\" eplus-wrapper\">Como era previsible surgi\u00f3 el nombre de Montanier. Dej\u00f3 claro que la comunicaci\u00f3n entre ellos es fluida, que se re\u00fanen a menudo, que hablan con tranquilidad de las cosas y que lo seguir\u00e1n haciendo hasta cerrar, si finalmente todos est\u00e1n de acuerdo, su continuidad y el contrato que le mantenga al frente del equipo. No fue m\u00e1s preciso, ni quiso ir mucho m\u00e1s all\u00e1, aunque estemos en mayo y a esta liga le queden dos telediarios, eso s\u00ed, repletos de contenido.<\/p>\n\n\n\n<p class=\" eplus-wrapper\">Quiso explicar tambi\u00e9n lo relacionado con los horarios de los partidos. El de anoche y los dos pr\u00f3ximos se disputar\u00e1n a las veintid\u00f3s, mucho m\u00e1s tarde del toque de retreta en los cuarteles. Siente que los aficionados que se est\u00e1n mostrando tan firmes en su apoyo, no pudieran desplazarse ayer a Getafe como les hubiera gustado. Agradecen los esfuerzos de todos porque \u201csin ti no soy nada\u201d. El apoyo colosal de los seguidores est\u00e1 siendo decisivo en el devenir de los encuentros.<\/p>\n\n\n\n<p class=\" eplus-wrapper\">El equipo sabe que est\u00e1 ante su gran e inesperada oportunidad. Ellos han apostado por un proyecto en el que pueden conseguir un hito. \u00bfCabe mayor reto?. Son conscientes de que mantener hasta el final la cuarta plaza va a exigir redoblar esfuerzos. Dependen de muchas cosas, porque los rivales juegan, las lesiones hacen mella, los infortunios y los desaciertos, las tensiones y la ansiedad se organizan alrededor como un akelarre de meigas, mezclando p\u00f3cimas. Mientras no sea venenosa\u2026<\/p>\n\n\n\n<p class=\" eplus-wrapper\">La afici\u00f3n sabe que tiene tambi\u00e9n un papel que jugar como tantas otras veces en las que demostr\u00f3 sentido e intuici\u00f3n. Siempre que hizo falta su apoyo, respondi\u00f3 sin exigir nada a cambio. S\u00f3lo la entrega y la actitud del equipo a la hora de afrontar los compromisos. Y en esto, en la naci\u00f3n txuriurdin, no hay debate. Ayer no fue posible, pese a ponerse todo de cara con el gol inicial, el colectivo se perdi\u00f3 y no encontr\u00f3 el sitio en toda la noche. Ante el Granada la grada volver\u00e1 a blandir espadas y banderas. El equipo lo notar\u00e1.<\/p>\n","protected":false},"excerpt":{"rendered":"<p>Getafe CF 2-1 Real Sociedad Jornada 34 Liga &#8211; 06\/05\/2013 El presidente de la Real acudi\u00f3 a la cita con Onda Vasca el pasado viernes para compartir con los oyentes el estado de la naci\u00f3n txuriurdin. En la entrevista con Xabier Lapitz, en la que no faltaron ni el director deportivo Loren, ni uno de [&hellip;]<\/p>\n","protected":false},"author":1,"featured_media":8362,"comment_status":"closed","ping_status":"open","sticky":false,"template":"","format":"standard","meta":{"editor_plus_copied_stylings":"{}","_monsterinsights_skip_tracking":false,"_monsterinsights_sitenote_active":false,"_monsterinsights_sitenote_note":"","_monsterinsights_sitenote_category":0,"footnotes":""},"categories":[38],"tags":[],"class_list":["post-1029","post","type-post","status-publish","format-standard","has-post-thumbnail","hentry","category-beaterios-2012-2013"],"aioseo_notices":[],"_links":{"self":[{"href":"https:\/\/elbeaterio.es\/index.php\/wp-json\/wp\/v2\/posts\/1029","targetHints":{"allow":["GET"]}}],"collection":[{"href":"https:\/\/elbeaterio.es\/index.php\/wp-json\/wp\/v2\/posts"}],"about":[{"href":"https:\/\/elbeaterio.es\/index.php\/wp-json\/wp\/v2\/types\/post"}],"author":[{"embeddable":true,"href":"https:\/\/elbeaterio.es\/index.php\/wp-json\/wp\/v2\/users\/1"}],"replies":[{"embeddable":true,"href":"https:\/\/elbeaterio.es\/index.php\/wp-json\/wp\/v2\/comments?post=1029"}],"version-history":[{"count":2,"href":"https:\/\/elbeaterio.es\/index.php\/wp-json\/wp\/v2\/posts\/1029\/revisions"}],"predecessor-version":[{"id":8423,"href":"https:\/\/elbeaterio.es\/index.php\/wp-json\/wp\/v2\/posts\/1029\/revisions\/8423"}],"wp:featuredmedia":[{"embeddable":true,"href":"https:\/\/elbeaterio.es\/index.php\/wp-json\/wp\/v2\/media\/8362"}],"wp:attachment":[{"href":"https:\/\/elbeaterio.es\/index.php\/wp-json\/wp\/v2\/media?parent=1029"}],"wp:term":[{"taxonomy":"category","embeddable":true,"href":"https:\/\/elbeaterio.es\/index.php\/wp-json\/wp\/v2\/categories?post=1029"},{"taxonomy":"post_tag","embeddable":true,"href":"https:\/\/elbeaterio.es\/index.php\/wp-json\/wp\/v2\/tags?post=1029"}],"curies":[{"name":"wp","href":"https:\/\/api.w.org\/{rel}","templated":true}]}}