{"id":1085,"date":"2013-06-08T16:08:11","date_gmt":"2013-06-08T16:08:11","guid":{"rendered":"http:\/\/localhost\/joomla\/2013\/06\/08\/se-siente-seguro\/"},"modified":"2023-07-02T16:14:04","modified_gmt":"2023-07-02T14:14:04","slug":"se-siente-seguro","status":"publish","type":"post","link":"https:\/\/elbeaterio.es\/index.php\/2013\/06\/08\/se-siente-seguro\/","title":{"rendered":"Se siente seguro"},"content":{"rendered":"<p>Los rumores surgieron de repente pero con una intensidad poco habitual. Colocaban al exseleccionador franc\u00e9s de f\u00fatbol Laurent Blanc en el banquillo de la Real Sociedad. Las redes sociales de muchos medios de comunicaci\u00f3n, de los profesionales y de personas afines al club, se hac\u00edan eco a velocidad de v\u00e9rtigo. Hasta yo mismo dud\u00e9. Con la misma celeridad, a modo de urgencia, nos citaron a una rueda de prensa en el estadio de Anoeta como queriendo colaborar con el runr\u00fan.<\/p>\n<p><!--more--><\/p>\n<p>\u00a0Con un par de onzas de chocolate entre pecho y espalda, sin caf\u00e9, acud\u00ed a la cita. Los asientos ocupados como en las tardes en las que se cuece algo grande y la voz del presidente Aperribay. Primero, hizo una introducci\u00f3n de lo sucedido en el ejercicio anterior y seguido, hablando bajito, asegur\u00f3 que el pr\u00f3ximo entrenador del primer equipo iba a ser Jagoba Arrasate.<\/p>\n<p>Silencio sepulcral. Cuando todo el mundo esperaba un nombre franc\u00e9s, surgi\u00f3 el del ayudante de Montanier. La sala qued\u00f3 algo as\u00ed como anestesiada. O eso me pareci\u00f3. Cont\u00f3 la historia de la decisi\u00f3n y expres\u00f3 la confianza en las capacidades del t\u00e9cnico de Berriatua.<\/p>\n<p>Confieso que d\u00edas antes quise entrevistarle. Nos conocemos hace muchos a\u00f1os y la relaci\u00f3n con \u00e9l es de largo recorrido. \u201cI\u00f1aki, me han prohibido hablar\u201d. A partir de ah\u00ed, envi\u00e9 un correo electr\u00f3nico al club solicitando permiso para poder entrevistarle. No obtuve respuesta, ni siquiera un \u201cno\u201d. Por eso, no parec\u00eda dif\u00edcil intuir la decisi\u00f3n. S\u00f3lo quedaba esperar.<\/p>\n<p>Terminada la rueda de prensa, recib\u00ed las correspondientes excusas por la negativa. Un d\u00eda m\u00e1s tarde, el nuevo entrenador se sent\u00f3 en la silla del \u201csolo ante el peligro\u201d, aunque bien arropado por el presidente y el director deportivo. Quiz\u00e1s sorprendi\u00f3. Se le vio tranquilo e ilusionado. Le gustar\u00eda estar muchos a\u00f1os, le encantar\u00eda que el equipo repitiese actuaci\u00f3n y que se parezca lo m\u00e1s posible al que ha conseguido ponerle el list\u00f3n bien alto.<\/p>\n<p>Se siente seguro. Domina los escenarios y se supone que, su experiencia como educador, le ha ense\u00f1ado a manifestarse en p\u00fablico ante los dem\u00e1s, en dominar los escenarios y asumir las responsabilidades. Quienes conocen\u00a0 bien el porqu\u00e9 de la decisi\u00f3n, aseguran que el primer convencido de las capacidades de Jagoba Arrasate es el presidente y que una vez que Montanier decidi\u00f3 marcharse y que Martino se convirti\u00f3 en un imposible, tuvieron claro que no hab\u00eda nada m\u00e1s que mirar y buscar.<\/p>\n<p>Probablemente, haya muchos aficionados que a estas horas est\u00e9n asustados, porque como gestor de grupos en el f\u00fatbol no ha pasado de Tercera. Cuando le insinuaron algo al respecto respondi\u00f3: \u201cA lo mejor dentro de tres meses esas personas que ahora tienen miedo, tienen m\u00e1s o se les ha disipado\u201d.<\/p>\n","protected":false},"excerpt":{"rendered":"<p>Los rumores surgieron de repente pero con una intensidad poco habitual. Colocaban al exseleccionador franc\u00e9s de f\u00fatbol Laurent Blanc en el banquillo de la Real Sociedad. Las redes sociales de muchos medios de comunicaci\u00f3n, de los profesionales y de personas afines al club, se hac\u00edan eco a velocidad de v\u00e9rtigo. Hasta yo mismo dud\u00e9. Con [&hellip;]<\/p>\n","protected":false},"author":1,"featured_media":0,"comment_status":"closed","ping_status":"open","sticky":false,"template":"","format":"standard","meta":{"editor_plus_copied_stylings":"{}","_monsterinsights_skip_tracking":false,"footnotes":""},"categories":[45],"tags":[],"class_list":["post-1085","post","type-post","status-publish","format-standard","hentry","category-comentarios-2012-2013"],"aioseo_notices":[],"aioseo_head":"\n\t\t<!-- All in One SEO 5.0.0.1 - aioseo.com -->\n\t<meta name=\"description\" content=\"Los rumores surgieron de repente pero con una intensidad poco habitual. Colocaban al exseleccionador franc\u00e9s de f\u00fatbol Laurent Blanc en el banquillo de la Real Sociedad. Las redes sociales de muchos medios de comunicaci\u00f3n, de los profesionales y de personas afines al club, se hac\u00edan eco a velocidad de v\u00e9rtigo. Hasta yo mismo dud\u00e9. Con\" \/>\n\t<meta name=\"robots\" content=\"max-image-preview:large\" \/>\n\t<meta name=\"author\" content=\"I\u00f1aki de Mujika\"\/>\n\t<meta name=\"google-site-verification\" content=\"OqF6EAwritiAZRpCdqm7K8ePP_ZHngiUX4qiOwdV5ls\" \/>\n\t<link rel=\"canonical\" href=\"https:\/\/elbeaterio.es\/index.php\/2013\/06\/08\/se-siente-seguro\/\" \/>\n\t<meta name=\"generator\" content=\"All in One SEO (AIOSEO) 5.0.0.1\" \/>\n\t\t<meta property=\"og:locale\" content=\"es_ES\" \/>\n\t\t<meta property=\"og:site_name\" content=\"El Beaterio de I\u00f1aki de Mujika - Blog de I\u00f1aki de Mujika. Sus beaterios en Noticias de Gipuzkoa, las entrevistas, los programas de televisi\u00f3n &quot;Tiempo real&quot;, homenajes, etc.\" \/>\n\t\t<meta property=\"og:type\" content=\"article\" \/>\n\t\t<meta property=\"og:title\" content=\"Se siente seguro - El Beaterio de I\u00f1aki de Mujika\" \/>\n\t\t<meta property=\"og:description\" content=\"Los rumores surgieron de repente pero con una intensidad poco habitual. Colocaban al exseleccionador franc\u00e9s de f\u00fatbol Laurent Blanc en el banquillo de la Real Sociedad. Las redes sociales de muchos medios de comunicaci\u00f3n, de los profesionales y de personas afines al club, se hac\u00edan eco a velocidad de v\u00e9rtigo. Hasta yo mismo dud\u00e9. Con\" \/>\n\t\t<meta property=\"og:url\" content=\"https:\/\/elbeaterio.es\/index.php\/2013\/06\/08\/se-siente-seguro\/\" \/>\n\t\t<meta property=\"article:published_time\" content=\"2013-06-08T16:08:11+00:00\" \/>\n\t\t<meta property=\"article:modified_time\" content=\"2023-07-02T14:14:04+00:00\" \/>\n\t\t<meta name=\"twitter:card\" content=\"summary_large_image\" \/>\n\t\t<meta name=\"twitter:title\" content=\"Se siente seguro - El Beaterio de I\u00f1aki de Mujika\" \/>\n\t\t<meta name=\"twitter:description\" content=\"Los rumores surgieron de repente pero con una intensidad poco habitual. Colocaban al exseleccionador franc\u00e9s de f\u00fatbol Laurent Blanc en el banquillo de la Real Sociedad. Las redes sociales de muchos medios de comunicaci\u00f3n, de los profesionales y de personas afines al club, se hac\u00edan eco a velocidad de v\u00e9rtigo. Hasta yo mismo dud\u00e9. Con\" \/>\n\t\t<script type=\"application\/ld+json\" class=\"aioseo-schema\">\n\t\t\t{\"@context\":\"https:\\\/\\\/schema.org\",\"@graph\":[{\"@type\":\"BlogPosting\",\"@id\":\"https:\\\/\\\/elbeaterio.es\\\/index.php\\\/2013\\\/06\\\/08\\\/se-siente-seguro\\\/#blogposting\",\"name\":\"Se siente seguro - El Beaterio de I\\u00f1aki de Mujika\",\"headline\":\"Se siente seguro\",\"author\":{\"@id\":\"https:\\\/\\\/elbeaterio.es\\\/index.php\\\/author\\\/ceh-mujicagmail-com\\\/#author\"},\"publisher\":{\"@id\":\"https:\\\/\\\/elbeaterio.es\\\/#person\"},\"image\":{\"@type\":\"ImageObject\",\"@id\":\"https:\\\/\\\/elbeaterio.es\\\/index.php\\\/2013\\\/06\\\/08\\\/se-siente-seguro\\\/#articleImage\",\"url\":\"https:\\\/\\\/secure.gravatar.com\\\/avatar\\\/52e148bfb67d1f33983028b354e60f197561f893059a19708944b85230c274f9?s=96&d=mm&r=g\",\"width\":96,\"height\":96,\"caption\":\"I\\u00f1aki de Mujika\"},\"datePublished\":\"2013-06-08T16:08:11+02:00\",\"dateModified\":\"2023-07-02T16:14:04+02:00\",\"inLanguage\":\"es-ES\",\"mainEntityOfPage\":{\"@id\":\"https:\\\/\\\/elbeaterio.es\\\/index.php\\\/2013\\\/06\\\/08\\\/se-siente-seguro\\\/#webpage\"},\"isPartOf\":{\"@id\":\"https:\\\/\\\/elbeaterio.es\\\/index.php\\\/2013\\\/06\\\/08\\\/se-siente-seguro\\\/#webpage\"},\"articleSection\":\"Comentarios 2012-2013\"},{\"@type\":\"BreadcrumbList\",\"@id\":\"https:\\\/\\\/elbeaterio.es\\\/index.php\\\/2013\\\/06\\\/08\\\/se-siente-seguro\\\/#breadcrumblist\",\"itemListElement\":[{\"@type\":\"ListItem\",\"@id\":\"https:\\\/\\\/elbeaterio.es#listItem\",\"position\":1,\"name\":\"Hogar\",\"item\":\"https:\\\/\\\/elbeaterio.es\",\"nextItem\":{\"@type\":\"ListItem\",\"@id\":\"https:\\\/\\\/elbeaterio.es\\\/index.php\\\/category\\\/temporadas-anteriores\\\/#listItem\",\"name\":\"Temporadas anteriores\"}},{\"@type\":\"ListItem\",\"@id\":\"https:\\\/\\\/elbeaterio.es\\\/index.php\\\/category\\\/temporadas-anteriores\\\/#listItem\",\"position\":2,\"name\":\"Temporadas anteriores\",\"item\":\"https:\\\/\\\/elbeaterio.es\\\/index.php\\\/category\\\/temporadas-anteriores\\\/\",\"nextItem\":{\"@type\":\"ListItem\",\"@id\":\"https:\\\/\\\/elbeaterio.es\\\/index.php\\\/category\\\/temporadas-anteriores\\\/comentario-del-dia\\\/#listItem\",\"name\":\"El comentario del d\\u00eda\"},\"previousItem\":{\"@type\":\"ListItem\",\"@id\":\"https:\\\/\\\/elbeaterio.es#listItem\",\"name\":\"Hogar\"}},{\"@type\":\"ListItem\",\"@id\":\"https:\\\/\\\/elbeaterio.es\\\/index.php\\\/category\\\/temporadas-anteriores\\\/comentario-del-dia\\\/#listItem\",\"position\":3,\"name\":\"El comentario del d\\u00eda\",\"item\":\"https:\\\/\\\/elbeaterio.es\\\/index.php\\\/category\\\/temporadas-anteriores\\\/comentario-del-dia\\\/\",\"nextItem\":{\"@type\":\"ListItem\",\"@id\":\"https:\\\/\\\/elbeaterio.es\\\/index.php\\\/category\\\/temporadas-anteriores\\\/comentario-del-dia\\\/comentarios-2012-2013\\\/#listItem\",\"name\":\"Comentarios 2012-2013\"},\"previousItem\":{\"@type\":\"ListItem\",\"@id\":\"https:\\\/\\\/elbeaterio.es\\\/index.php\\\/category\\\/temporadas-anteriores\\\/#listItem\",\"name\":\"Temporadas anteriores\"}},{\"@type\":\"ListItem\",\"@id\":\"https:\\\/\\\/elbeaterio.es\\\/index.php\\\/category\\\/temporadas-anteriores\\\/comentario-del-dia\\\/comentarios-2012-2013\\\/#listItem\",\"position\":4,\"name\":\"Comentarios 2012-2013\",\"item\":\"https:\\\/\\\/elbeaterio.es\\\/index.php\\\/category\\\/temporadas-anteriores\\\/comentario-del-dia\\\/comentarios-2012-2013\\\/\",\"nextItem\":{\"@type\":\"ListItem\",\"@id\":\"https:\\\/\\\/elbeaterio.es\\\/index.php\\\/2013\\\/06\\\/08\\\/se-siente-seguro\\\/#listItem\",\"name\":\"Se siente seguro\"},\"previousItem\":{\"@type\":\"ListItem\",\"@id\":\"https:\\\/\\\/elbeaterio.es\\\/index.php\\\/category\\\/temporadas-anteriores\\\/comentario-del-dia\\\/#listItem\",\"name\":\"El comentario del d\\u00eda\"}},{\"@type\":\"ListItem\",\"@id\":\"https:\\\/\\\/elbeaterio.es\\\/index.php\\\/2013\\\/06\\\/08\\\/se-siente-seguro\\\/#listItem\",\"position\":5,\"name\":\"Se siente seguro\",\"previousItem\":{\"@type\":\"ListItem\",\"@id\":\"https:\\\/\\\/elbeaterio.es\\\/index.php\\\/category\\\/temporadas-anteriores\\\/comentario-del-dia\\\/comentarios-2012-2013\\\/#listItem\",\"name\":\"Comentarios 2012-2013\"}}]},{\"@type\":\"Person\",\"@id\":\"https:\\\/\\\/elbeaterio.es\\\/#person\",\"name\":\"I\\u00f1aki de Mujika\",\"image\":{\"@type\":\"ImageObject\",\"@id\":\"https:\\\/\\\/elbeaterio.es\\\/index.php\\\/2013\\\/06\\\/08\\\/se-siente-seguro\\\/#personImage\",\"url\":\"https:\\\/\\\/secure.gravatar.com\\\/avatar\\\/52e148bfb67d1f33983028b354e60f197561f893059a19708944b85230c274f9?s=96&d=mm&r=g\",\"width\":96,\"height\":96,\"caption\":\"I\\u00f1aki de Mujika\"}},{\"@type\":\"Person\",\"@id\":\"https:\\\/\\\/elbeaterio.es\\\/index.php\\\/author\\\/ceh-mujicagmail-com\\\/#author\",\"url\":\"https:\\\/\\\/elbeaterio.es\\\/index.php\\\/author\\\/ceh-mujicagmail-com\\\/\",\"name\":\"I\\u00f1aki de Mujika\",\"image\":{\"@type\":\"ImageObject\",\"@id\":\"https:\\\/\\\/elbeaterio.es\\\/index.php\\\/2013\\\/06\\\/08\\\/se-siente-seguro\\\/#authorImage\",\"url\":\"https:\\\/\\\/secure.gravatar.com\\\/avatar\\\/52e148bfb67d1f33983028b354e60f197561f893059a19708944b85230c274f9?s=96&d=mm&r=g\",\"width\":96,\"height\":96,\"caption\":\"I\\u00f1aki de Mujika\"}},{\"@type\":\"WebPage\",\"@id\":\"https:\\\/\\\/elbeaterio.es\\\/index.php\\\/2013\\\/06\\\/08\\\/se-siente-seguro\\\/#webpage\",\"url\":\"https:\\\/\\\/elbeaterio.es\\\/index.php\\\/2013\\\/06\\\/08\\\/se-siente-seguro\\\/\",\"name\":\"Se siente seguro - El Beaterio de I\\u00f1aki de Mujika\",\"description\":\"Los rumores surgieron de repente pero con una intensidad poco habitual. Colocaban al exseleccionador franc\\u00e9s de f\\u00fatbol Laurent Blanc en el banquillo de la Real Sociedad. Las redes sociales de muchos medios de comunicaci\\u00f3n, de los profesionales y de personas afines al club, se hac\\u00edan eco a velocidad de v\\u00e9rtigo. Hasta yo mismo dud\\u00e9. Con\",\"inLanguage\":\"es-ES\",\"isPartOf\":{\"@id\":\"https:\\\/\\\/elbeaterio.es\\\/#website\"},\"breadcrumb\":{\"@id\":\"https:\\\/\\\/elbeaterio.es\\\/index.php\\\/2013\\\/06\\\/08\\\/se-siente-seguro\\\/#breadcrumblist\"},\"author\":{\"@id\":\"https:\\\/\\\/elbeaterio.es\\\/index.php\\\/author\\\/ceh-mujicagmail-com\\\/#author\"},\"creator\":{\"@id\":\"https:\\\/\\\/elbeaterio.es\\\/index.php\\\/author\\\/ceh-mujicagmail-com\\\/#author\"},\"datePublished\":\"2013-06-08T16:08:11+02:00\",\"dateModified\":\"2023-07-02T16:14:04+02:00\"},{\"@type\":\"WebSite\",\"@id\":\"https:\\\/\\\/elbeaterio.es\\\/#website\",\"url\":\"https:\\\/\\\/elbeaterio.es\\\/\",\"name\":\"El Beaterio de I\\u00f1aki de Mujika\",\"alternateName\":\"elbeaterio.es\",\"description\":\"Blog de I\\u00f1aki de Mujika. Sus beaterios en Noticias de Gipuzkoa, las entrevistas, los programas de televisi\\u00f3n \\\"Tiempo real\\\", homenajes, etc.\",\"inLanguage\":\"es-ES\",\"publisher\":{\"@id\":\"https:\\\/\\\/elbeaterio.es\\\/#person\"}}]}\n\t\t<\/script>\n\t\t<!-- All in One SEO -->\n\n","aioseo_head_json":{"title":"Se siente seguro - El Beaterio de I\u00f1aki de Mujika","description":"Los rumores surgieron de repente pero con una intensidad poco habitual. Colocaban al exseleccionador franc\u00e9s de f\u00fatbol Laurent Blanc en el banquillo de la Real Sociedad. Las redes sociales de muchos medios de comunicaci\u00f3n, de los profesionales y de personas afines al club, se hac\u00edan eco a velocidad de v\u00e9rtigo. Hasta yo mismo dud\u00e9. Con","canonical_url":"https:\/\/elbeaterio.es\/index.php\/2013\/06\/08\/se-siente-seguro\/","robots":"max-image-preview:large","keywords":"","webmasterTools":{"google-site-verification":"OqF6EAwritiAZRpCdqm7K8ePP_ZHngiUX4qiOwdV5ls","miscellaneous":""},"schema":{"@context":"https:\/\/schema.org","@graph":[{"@type":"BlogPosting","@id":"https:\/\/elbeaterio.es\/index.php\/2013\/06\/08\/se-siente-seguro\/#blogposting","name":"Se siente seguro - El Beaterio de I\u00f1aki de Mujika","headline":"Se siente seguro","author":{"@id":"https:\/\/elbeaterio.es\/index.php\/author\/ceh-mujicagmail-com\/#author"},"publisher":{"@id":"https:\/\/elbeaterio.es\/#person"},"image":{"@type":"ImageObject","@id":"https:\/\/elbeaterio.es\/index.php\/2013\/06\/08\/se-siente-seguro\/#articleImage","url":"https:\/\/secure.gravatar.com\/avatar\/52e148bfb67d1f33983028b354e60f197561f893059a19708944b85230c274f9?s=96&d=mm&r=g","width":96,"height":96,"caption":"I\u00f1aki de Mujika"},"datePublished":"2013-06-08T16:08:11+02:00","dateModified":"2023-07-02T16:14:04+02:00","inLanguage":"es-ES","mainEntityOfPage":{"@id":"https:\/\/elbeaterio.es\/index.php\/2013\/06\/08\/se-siente-seguro\/#webpage"},"isPartOf":{"@id":"https:\/\/elbeaterio.es\/index.php\/2013\/06\/08\/se-siente-seguro\/#webpage"},"articleSection":"Comentarios 2012-2013"},{"@type":"BreadcrumbList","@id":"https:\/\/elbeaterio.es\/index.php\/2013\/06\/08\/se-siente-seguro\/#breadcrumblist","itemListElement":[{"@type":"ListItem","@id":"https:\/\/elbeaterio.es#listItem","position":1,"name":"Hogar","item":"https:\/\/elbeaterio.es","nextItem":{"@type":"ListItem","@id":"https:\/\/elbeaterio.es\/index.php\/category\/temporadas-anteriores\/#listItem","name":"Temporadas anteriores"}},{"@type":"ListItem","@id":"https:\/\/elbeaterio.es\/index.php\/category\/temporadas-anteriores\/#listItem","position":2,"name":"Temporadas anteriores","item":"https:\/\/elbeaterio.es\/index.php\/category\/temporadas-anteriores\/","nextItem":{"@type":"ListItem","@id":"https:\/\/elbeaterio.es\/index.php\/category\/temporadas-anteriores\/comentario-del-dia\/#listItem","name":"El comentario del d\u00eda"},"previousItem":{"@type":"ListItem","@id":"https:\/\/elbeaterio.es#listItem","name":"Hogar"}},{"@type":"ListItem","@id":"https:\/\/elbeaterio.es\/index.php\/category\/temporadas-anteriores\/comentario-del-dia\/#listItem","position":3,"name":"El comentario del d\u00eda","item":"https:\/\/elbeaterio.es\/index.php\/category\/temporadas-anteriores\/comentario-del-dia\/","nextItem":{"@type":"ListItem","@id":"https:\/\/elbeaterio.es\/index.php\/category\/temporadas-anteriores\/comentario-del-dia\/comentarios-2012-2013\/#listItem","name":"Comentarios 2012-2013"},"previousItem":{"@type":"ListItem","@id":"https:\/\/elbeaterio.es\/index.php\/category\/temporadas-anteriores\/#listItem","name":"Temporadas anteriores"}},{"@type":"ListItem","@id":"https:\/\/elbeaterio.es\/index.php\/category\/temporadas-anteriores\/comentario-del-dia\/comentarios-2012-2013\/#listItem","position":4,"name":"Comentarios 2012-2013","item":"https:\/\/elbeaterio.es\/index.php\/category\/temporadas-anteriores\/comentario-del-dia\/comentarios-2012-2013\/","nextItem":{"@type":"ListItem","@id":"https:\/\/elbeaterio.es\/index.php\/2013\/06\/08\/se-siente-seguro\/#listItem","name":"Se siente seguro"},"previousItem":{"@type":"ListItem","@id":"https:\/\/elbeaterio.es\/index.php\/category\/temporadas-anteriores\/comentario-del-dia\/#listItem","name":"El comentario del d\u00eda"}},{"@type":"ListItem","@id":"https:\/\/elbeaterio.es\/index.php\/2013\/06\/08\/se-siente-seguro\/#listItem","position":5,"name":"Se siente seguro","previousItem":{"@type":"ListItem","@id":"https:\/\/elbeaterio.es\/index.php\/category\/temporadas-anteriores\/comentario-del-dia\/comentarios-2012-2013\/#listItem","name":"Comentarios 2012-2013"}}]},{"@type":"Person","@id":"https:\/\/elbeaterio.es\/#person","name":"I\u00f1aki de Mujika","image":{"@type":"ImageObject","@id":"https:\/\/elbeaterio.es\/index.php\/2013\/06\/08\/se-siente-seguro\/#personImage","url":"https:\/\/secure.gravatar.com\/avatar\/52e148bfb67d1f33983028b354e60f197561f893059a19708944b85230c274f9?s=96&d=mm&r=g","width":96,"height":96,"caption":"I\u00f1aki de Mujika"}},{"@type":"Person","@id":"https:\/\/elbeaterio.es\/index.php\/author\/ceh-mujicagmail-com\/#author","url":"https:\/\/elbeaterio.es\/index.php\/author\/ceh-mujicagmail-com\/","name":"I\u00f1aki de Mujika","image":{"@type":"ImageObject","@id":"https:\/\/elbeaterio.es\/index.php\/2013\/06\/08\/se-siente-seguro\/#authorImage","url":"https:\/\/secure.gravatar.com\/avatar\/52e148bfb67d1f33983028b354e60f197561f893059a19708944b85230c274f9?s=96&d=mm&r=g","width":96,"height":96,"caption":"I\u00f1aki de Mujika"}},{"@type":"WebPage","@id":"https:\/\/elbeaterio.es\/index.php\/2013\/06\/08\/se-siente-seguro\/#webpage","url":"https:\/\/elbeaterio.es\/index.php\/2013\/06\/08\/se-siente-seguro\/","name":"Se siente seguro - El Beaterio de I\u00f1aki de Mujika","description":"Los rumores surgieron de repente pero con una intensidad poco habitual. Colocaban al exseleccionador franc\u00e9s de f\u00fatbol Laurent Blanc en el banquillo de la Real Sociedad. Las redes sociales de muchos medios de comunicaci\u00f3n, de los profesionales y de personas afines al club, se hac\u00edan eco a velocidad de v\u00e9rtigo. Hasta yo mismo dud\u00e9. Con","inLanguage":"es-ES","isPartOf":{"@id":"https:\/\/elbeaterio.es\/#website"},"breadcrumb":{"@id":"https:\/\/elbeaterio.es\/index.php\/2013\/06\/08\/se-siente-seguro\/#breadcrumblist"},"author":{"@id":"https:\/\/elbeaterio.es\/index.php\/author\/ceh-mujicagmail-com\/#author"},"creator":{"@id":"https:\/\/elbeaterio.es\/index.php\/author\/ceh-mujicagmail-com\/#author"},"datePublished":"2013-06-08T16:08:11+02:00","dateModified":"2023-07-02T16:14:04+02:00"},{"@type":"WebSite","@id":"https:\/\/elbeaterio.es\/#website","url":"https:\/\/elbeaterio.es\/","name":"El Beaterio de I\u00f1aki de Mujika","alternateName":"elbeaterio.es","description":"Blog de I\u00f1aki de Mujika. Sus beaterios en Noticias de Gipuzkoa, las entrevistas, los programas de televisi\u00f3n \"Tiempo real\", homenajes, etc.","inLanguage":"es-ES","publisher":{"@id":"https:\/\/elbeaterio.es\/#person"}}]},"og:locale":"es_ES","og:site_name":"El Beaterio de I\u00f1aki de Mujika - Blog de I\u00f1aki de Mujika. Sus beaterios en Noticias de Gipuzkoa, las entrevistas, los programas de televisi\u00f3n &quot;Tiempo real&quot;, homenajes, etc.","og:type":"article","og:title":"Se siente seguro - El Beaterio de I\u00f1aki de Mujika","og:description":"Los rumores surgieron de repente pero con una intensidad poco habitual. Colocaban al exseleccionador franc\u00e9s de f\u00fatbol Laurent Blanc en el banquillo de la Real Sociedad. Las redes sociales de muchos medios de comunicaci\u00f3n, de los profesionales y de personas afines al club, se hac\u00edan eco a velocidad de v\u00e9rtigo. Hasta yo mismo dud\u00e9. Con","og:url":"https:\/\/elbeaterio.es\/index.php\/2013\/06\/08\/se-siente-seguro\/","article:published_time":"2013-06-08T16:08:11+00:00","article:modified_time":"2023-07-02T14:14:04+00:00","twitter:card":"summary_large_image","twitter:title":"Se siente seguro - El Beaterio de I\u00f1aki de Mujika","twitter:description":"Los rumores surgieron de repente pero con una intensidad poco habitual. Colocaban al exseleccionador franc\u00e9s de f\u00fatbol Laurent Blanc en el banquillo de la Real Sociedad. Las redes sociales de muchos medios de comunicaci\u00f3n, de los profesionales y de personas afines al club, se hac\u00edan eco a velocidad de v\u00e9rtigo. Hasta yo mismo dud\u00e9. Con"},"aioseo_meta_data":{"post_id":"1085","title":null,"description":null,"keywords":null,"keyphrases":null,"primary_term":null,"canonical_url":null,"og_title":null,"og_description":null,"og_object_type":"default","og_image_type":"default","og_image_url":null,"og_image_width":null,"og_image_height":null,"og_image_custom_url":null,"og_image_custom_fields":null,"og_video":null,"og_custom_url":null,"og_article_section":null,"og_article_tags":null,"twitter_use_og":false,"twitter_card":"default","twitter_image_type":"default","twitter_image_url":null,"twitter_image_custom_url":null,"twitter_image_custom_fields":null,"twitter_title":null,"twitter_description":null,"schema":{"blockGraphs":[],"customGraphs":[],"default":{"data":{"Article":[],"Course":[],"Dataset":[],"FAQPage":[],"Movie":[],"Person":[],"Product":[],"ProductReview":[],"Car":[],"Recipe":[],"Service":[],"SoftwareApplication":[],"WebPage":[]},"graphName":"","isEnabled":true},"graphs":[]},"schema_type":"default","schema_type_options":null,"pillar_content":false,"robots_default":true,"robots_noindex":false,"robots_noarchive":false,"robots_nosnippet":false,"robots_nofollow":false,"robots_noimageindex":false,"robots_noodp":false,"robots_notranslate":false,"robots_max_snippet":null,"robots_max_videopreview":null,"robots_max_imagepreview":"large","priority":null,"frequency":null,"local_seo":null,"breadcrumb_settings":null,"limit_modified_date":false,"ai":null,"created":"2024-11-16 17:12:54","updated":"2025-06-04 04:03:44","seo_analyzer_scan_date":null,"focus_keyword":null,"additional_keywords":null,"truseo_locale":null},"aioseo_breadcrumb":"<div class=\"aioseo-breadcrumbs\"><span class=\"aioseo-breadcrumb\">\n\t\t\t<a href=\"https:\/\/elbeaterio.es\" title=\"Hogar\">Hogar<\/a>\n\t\t<\/span><span class=\"aioseo-breadcrumb-separator\">&raquo;<\/span><span class=\"aioseo-breadcrumb\">\n\t\t\t<a href=\"https:\/\/elbeaterio.es\/index.php\/category\/temporadas-anteriores\/\" title=\"Temporadas anteriores\">Temporadas anteriores<\/a>\n\t\t<\/span><span class=\"aioseo-breadcrumb-separator\">&raquo;<\/span><span class=\"aioseo-breadcrumb\">\n\t\t\t<a href=\"https:\/\/elbeaterio.es\/index.php\/category\/temporadas-anteriores\/comentario-del-dia\/\" title=\"El comentario del d\u00eda\">El comentario del d\u00eda<\/a>\n\t\t<\/span><span class=\"aioseo-breadcrumb-separator\">&raquo;<\/span><span class=\"aioseo-breadcrumb\">\n\t\t\t<a href=\"https:\/\/elbeaterio.es\/index.php\/category\/temporadas-anteriores\/comentario-del-dia\/comentarios-2012-2013\/\" title=\"Comentarios 2012-2013\">Comentarios 2012-2013<\/a>\n\t\t<\/span><span class=\"aioseo-breadcrumb-separator\">&raquo;<\/span><span class=\"aioseo-breadcrumb\">\n\t\t\tSe siente seguro\n\t\t<\/span><\/div>","aioseo_breadcrumb_json":[{"label":"Hogar","link":"https:\/\/elbeaterio.es"},{"label":"Temporadas anteriores","link":"https:\/\/elbeaterio.es\/index.php\/category\/temporadas-anteriores\/"},{"label":"El comentario del d\u00eda","link":"https:\/\/elbeaterio.es\/index.php\/category\/temporadas-anteriores\/comentario-del-dia\/"},{"label":"Comentarios 2012-2013","link":"https:\/\/elbeaterio.es\/index.php\/category\/temporadas-anteriores\/comentario-del-dia\/comentarios-2012-2013\/"},{"label":"Se siente seguro","link":"https:\/\/elbeaterio.es\/index.php\/2013\/06\/08\/se-siente-seguro\/"}],"_links":{"self":[{"href":"https:\/\/elbeaterio.es\/index.php\/wp-json\/wp\/v2\/posts\/1085","targetHints":{"allow":["GET"]}}],"collection":[{"href":"https:\/\/elbeaterio.es\/index.php\/wp-json\/wp\/v2\/posts"}],"about":[{"href":"https:\/\/elbeaterio.es\/index.php\/wp-json\/wp\/v2\/types\/post"}],"author":[{"embeddable":true,"href":"https:\/\/elbeaterio.es\/index.php\/wp-json\/wp\/v2\/users\/1"}],"replies":[{"embeddable":true,"href":"https:\/\/elbeaterio.es\/index.php\/wp-json\/wp\/v2\/comments?post=1085"}],"version-history":[{"count":1,"href":"https:\/\/elbeaterio.es\/index.php\/wp-json\/wp\/v2\/posts\/1085\/revisions"}],"predecessor-version":[{"id":5436,"href":"https:\/\/elbeaterio.es\/index.php\/wp-json\/wp\/v2\/posts\/1085\/revisions\/5436"}],"wp:attachment":[{"href":"https:\/\/elbeaterio.es\/index.php\/wp-json\/wp\/v2\/media?parent=1085"}],"wp:term":[{"taxonomy":"category","embeddable":true,"href":"https:\/\/elbeaterio.es\/index.php\/wp-json\/wp\/v2\/categories?post=1085"},{"taxonomy":"post_tag","embeddable":true,"href":"https:\/\/elbeaterio.es\/index.php\/wp-json\/wp\/v2\/tags?post=1085"}],"curies":[{"name":"wp","href":"https:\/\/api.w.org\/{rel}","templated":true}]}}