{"id":109,"date":"2011-09-26T07:30:27","date_gmt":"2011-09-26T07:30:27","guid":{"rendered":"http:\/\/localhost\/joomla\/2011\/09\/26\/sone-con-una-aceituna-verde\/"},"modified":"2025-05-28T20:22:40","modified_gmt":"2025-05-28T18:22:40","slug":"sone-con-una-aceituna-verde","status":"publish","type":"post","link":"https:\/\/elbeaterio.es\/index.php\/2011\/09\/26\/sone-con-una-aceituna-verde\/","title":{"rendered":"So\u00f1\u00e9 con una aceituna verde"},"content":{"rendered":"\n<figure class=\" wp-block-table eplus-wrapper\"><table><thead><tr><th class=\"has-text-align-center\" data-align=\"center\">Real Mallorca 2-1 Real Sociedad<\/th><\/tr><\/thead><tbody><tr><td class=\"has-text-align-center\" data-align=\"center\">Jornada 6 Liga &#8211; 25\/09\/2011<\/td><\/tr><\/tbody><\/table><\/figure>\n\n\n\n<p class=\" eplus-wrapper\">A veces se sue\u00f1an cosas extra\u00f1\u00edsimas. Me pas\u00f3 la noche del martes al mi\u00e9rcoles. Dicen que si cenas mucho queso, la cabeza es un sonajero que imagina historias impensables. Suelen aparecer personajes desconocidos en escenarios que luego no eres capaz de recordar. Sin embargo, tengo claro que esa madrugada, por razones que desconozco, apareci\u00f3 en mi mente una aceituna dispuesta a cruzar un sem\u00e1foro en cuanto se pusiera verde. De repente, mientras esperaba, se acerc\u00f3 por su izquierda una cuchara que pretend\u00eda cautivarle.<\/p>\n\n\n\n<!--more-->\n\n\n\n<p class=\" eplus-wrapper\"><br>La oliva verde pens\u00f3 que pod\u00eda ser un buen partido. Se encontrar\u00eda dentro, c\u00f3moda, con espacios, sin da\u00f1o ni sufrimiento, pero el riesgo que corr\u00eda de entrar en una boca y desparecer para siempre le atemorizaba. Tras el saludo de rigor, mir\u00f3 hacia otra parte. Por la derecha, lleg\u00f3 un tenedor, con sus cuatro puntas afiladas. Le ech\u00f3 los tejos al instante con la fuerza impetuosa del esbelto porte. La aceituna sonri\u00f3 con el descaro del pretendiente, pero crey\u00f3 que no era la compa\u00f1\u00eda m\u00e1s recomendable. Sab\u00eda que tarde o temprano sentir\u00eda en su carne el dolor de las p\u00faas y que su destino iba a ser el mismo que con la cuchara.<\/p>\n\n\n\n<p class=\" eplus-wrapper\">Preocupada esper\u00f3 impaciente a que el sem\u00e1foro cambiara de color y facilitara su veloz marcha. Cuando esto sucedi\u00f3, aceler\u00f3 el paso, pero vio de frente esperando en la otra acera la punta afilada de un palillo de madera. El encuentro estaba a punto de producirse. Parec\u00eda que los d\u00edas de la aceituna terminaban. En el preciso momento en que iban a encontrarse me despert\u00e9 de un sobresalto. Trat\u00e9 de digerir el sue\u00f1o, ordenar el pensamiento y encontrar respuesta a semejante desatino. No era cuesti\u00f3n de levantarse, pero pens\u00e9 en el libro de Freud por si en su particular interpretaci\u00f3n de los sue\u00f1os encontraba algo que pudiese relacionarse.<\/p>\n\n\n\n<p class=\" eplus-wrapper\">Pensar\u00e1 el lector, y no me extra\u00f1a, que estoy fatal, m\u00e1s &#8220;pall\u00e1&#8221; que &#8220;pac\u00e1&#8221;. Lo achaco a la tensi\u00f3n que me produce vivir en un sin vivir profesional, el que impide que las emisoras de radio accedamos a los estadios a realizar nuestro trabajo de siempre, transmitir partidos y cont\u00e1rselos a la audiencia que est\u00e1 acostumbrada a pas\u00e1rselo bien, incluso cuando el encuentro de turno es un pe\u00f1azo insoportable. Lo \u00faltimo al respecto es que el gobierno central, al que le quedan dos telediarios, se ha puesto de nuestra parte seg\u00fan su portavoz. No es mala noticia, aunque reconozcan que no hay tiempo para modificar la ley y declararnos &#8220;de inter\u00e9s general&#8221;.<\/p>\n\n\n\n<p class=\" eplus-wrapper\">Debido al eterno compromiso con los oyentes, por no dejar desasistido al beaterio parroquiano, seguimos todos al pie del ca\u00f1\u00f3n aunque nos pongan trabas inimaginables. Aqu\u00ed se traga lo que haga falta. Un domingo a las doce. El siguiente tambi\u00e9n. En casa y fuera.\u00a1Como hemos vendido los derechos!. Por supuesto, no faltan ni los coristas, ni los pandereteros que justifican con su silencio c\u00f3mplice la actual situaci\u00f3n, o les resulta indiferente. No s\u00e9 que es peor.<\/p>\n\n\n\n<p class=\" eplus-wrapper\">Todo no es negativo, porque esta situaci\u00f3n nos permite ahorrar una pasta en viajes (Gij\u00f3n, Sevilla y Palma de Mallorca no son desplazamientos baratos). Tampoco estamos contratando los circuitos microf\u00f3nicos para la transmisi\u00f3n de los encuentros. La gente est\u00e1 encantada porque antes la radio iba por delante de las im\u00e1genes y ahora va todo a la par y ponen altos los altavoces en bares y domicilios. En este desplazamiento he ahorrado adem\u00e1s el coste de las ensaimadas rellenas de cabello de \u00e1ngel. Esas que compro calentitas, reci\u00e9n horneadas, en el &#8220;Forn des Teatre&#8221;. Como quiera que nunca soy capaz de venirme sin sobrasada mallorquina y que siempre caen un par de zapatos nuevos&#8230; termino el mes con superavit.<\/p>\n\n\n\n<p class=\" eplus-wrapper\">El otro asunto que nos ocupa se relaciona con el equipo y sus actuaciones. Existen dos tendencias entre los opin\u00f3logos. Un sector esparce incieso a espuertas respecto del cuadro de Montanier y su trabajo. Echa una &#8220;pixarraka&#8221; y creen que es &#8220;Eau de toilette&#8221;.Ciencia ficci\u00f3n y conatos de utop\u00eda para ensalzar todo lo que se mueve. La otra parte relativiza y entiende que no es oro todo lo que reluce. Que las bondades existen, es cierto, pero no tanto como para desmelenarse. El encuentro de ayer en Son Moix ha reforzado la teor\u00eda de los segundos. No gan\u00f3 el Mallorca, sino que perdi\u00f3 la Real. Por su culpa, por su grand\u00edsima culpa. Atr\u00e1s cometi\u00f3 errores en los goles que terminaron por condenarle. Adelante, porque apunt\u00f3 a los postes y marr\u00f3 las ocasiones. La tradici\u00f3n del f\u00fatbol ense\u00f1a que si fallas en las \u00e1reas tienes fiesta. Oportunidad perdida ante un rival que parece asequible y ley\u00f3 mejor el partido. Resumen: Tres puntos, de nueve en disputa.<\/p>\n\n\n\n<p class=\" eplus-wrapper\">Estas semanas de tanto compromiso no somos capaces de controlarlas. Ayer se nos puso de cara con el gol de Agirretxe que est\u00e1 que se sale. Luego, todo al rev\u00e9s. Las decisiones del t\u00e9cnico galo tampoco cambiaron la tendencia del partido. Y que el Se\u00f1or me perdone, pero ayer s\u00f3lo le mov\u00eda el cesto un futbolista de raza como Joseba Llorente al que se empe\u00f1a en aparcar.<\/p>\n\n\n\n<p class=\" eplus-wrapper\">Oportunidad perdida. A la espera del derby, la Real pinch\u00f3 en hueso. Tal vez en el de aquella aceituna de los sue\u00f1os, que no supe si estaba rellena.<\/p>\n","protected":false},"excerpt":{"rendered":"<p>Real Mallorca 2-1 Real Sociedad Jornada 6 Liga &#8211; 25\/09\/2011 A veces se sue\u00f1an cosas extra\u00f1\u00edsimas. Me pas\u00f3 la noche del martes al mi\u00e9rcoles. Dicen que si cenas mucho queso, la cabeza es un sonajero que imagina historias impensables. Suelen aparecer personajes desconocidos en escenarios que luego no eres capaz de recordar. Sin embargo, tengo [&hellip;]<\/p>\n","protected":false},"author":1,"featured_media":8440,"comment_status":"closed","ping_status":"open","sticky":false,"template":"","format":"standard","meta":{"editor_plus_copied_stylings":"{}","_monsterinsights_skip_tracking":false,"_monsterinsights_sitenote_active":false,"_monsterinsights_sitenote_note":"","_monsterinsights_sitenote_category":0,"footnotes":""},"categories":[33],"tags":[],"class_list":["post-109","post","type-post","status-publish","format-standard","has-post-thumbnail","hentry","category-beaterios-2011-2012"],"aioseo_notices":[],"_links":{"self":[{"href":"https:\/\/elbeaterio.es\/index.php\/wp-json\/wp\/v2\/posts\/109","targetHints":{"allow":["GET"]}}],"collection":[{"href":"https:\/\/elbeaterio.es\/index.php\/wp-json\/wp\/v2\/posts"}],"about":[{"href":"https:\/\/elbeaterio.es\/index.php\/wp-json\/wp\/v2\/types\/post"}],"author":[{"embeddable":true,"href":"https:\/\/elbeaterio.es\/index.php\/wp-json\/wp\/v2\/users\/1"}],"replies":[{"embeddable":true,"href":"https:\/\/elbeaterio.es\/index.php\/wp-json\/wp\/v2\/comments?post=109"}],"version-history":[{"count":2,"href":"https:\/\/elbeaterio.es\/index.php\/wp-json\/wp\/v2\/posts\/109\/revisions"}],"predecessor-version":[{"id":8467,"href":"https:\/\/elbeaterio.es\/index.php\/wp-json\/wp\/v2\/posts\/109\/revisions\/8467"}],"wp:featuredmedia":[{"embeddable":true,"href":"https:\/\/elbeaterio.es\/index.php\/wp-json\/wp\/v2\/media\/8440"}],"wp:attachment":[{"href":"https:\/\/elbeaterio.es\/index.php\/wp-json\/wp\/v2\/media?parent=109"}],"wp:term":[{"taxonomy":"category","embeddable":true,"href":"https:\/\/elbeaterio.es\/index.php\/wp-json\/wp\/v2\/categories?post=109"},{"taxonomy":"post_tag","embeddable":true,"href":"https:\/\/elbeaterio.es\/index.php\/wp-json\/wp\/v2\/tags?post=109"}],"curies":[{"name":"wp","href":"https:\/\/api.w.org\/{rel}","templated":true}]}}