{"id":1092,"date":"2013-06-12T18:28:17","date_gmt":"2013-06-12T18:28:17","guid":{"rendered":"http:\/\/localhost\/joomla\/2013\/06\/12\/cuando-dicen-que-esta-mal\/"},"modified":"2023-07-02T16:14:04","modified_gmt":"2023-07-02T14:14:04","slug":"cuando-dicen-que-esta-mal","status":"publish","type":"post","link":"https:\/\/elbeaterio.es\/index.php\/2013\/06\/12\/cuando-dicen-que-esta-mal\/","title":{"rendered":"Cuando dicen que est\u00e1 mal&#8230;"},"content":{"rendered":"<p>Cada vez que dicen que Aimar Olaizola no est\u00e1 bien y que tiene problemas, me agarro los machos y espero al siguiente partido. Con machacona insistencia echa por tierra los pron\u00f3sticos y se exhibe como el campe\u00f3n que es. Siempre respetuoso con los rivales, les\u00a0valora antes de cada conquista.<\/p>\n<p><!--more--><\/p>\n<p>Expres\u00f3 las dificultades que pod\u00eda causarle Mikel Urrutikoetxea. Sabedor de la fuerza y de la ilusi\u00f3n del pelotari de Zar\u00e1tamo, no dud\u00f3 en la forma de jugarle. Sab\u00eda que el principio del partido iba a ser exigente, pero que a medida que el encuentro avanzase, la tensi\u00f3n o la ansiedad pod\u00edan jugarle una mala pasada.<\/p>\n<p>Aimar supo esperar. Lleg\u00f3, en plena igualdad, una pasa en el saque del pelotari vizcaino que Olaizola no dud\u00f3 en aprovechar para tirar de libreto y arrear. Y si le das ventaja, no la desaprovecha. Las tablas y la experiencia cuentan. Lo demuestra a cada paso. Falla poco y en general en los momentos menos trascendentes. Preparado, con las manos mejor o peor, se mueve en la cancha con la habilidad de una ardilla. Llega a todo y ejecuta. As\u00ed ha sumado finales y txapelas.<\/p>\n<p>De un tiempo a esta parte se encuentra muchas veces con Juan Mart\u00ednez de Irujo en los partidos decisivos. Nadie duda a la hora de asegurar que ambos est\u00e1n un escal\u00f3n por arriba del resto y que los dos se necesitan. Les gusta enfrentarse. A la frialdad de Olaizola se une el calor de Irujo. Mientras uno trata de templar, el otro acelera. Eso s\u00ed, sacuden pelotazos sin tregua, juegan al escondite, se estorban, se cruzan pelotas al ancho o arriesgan en dejadas que casi nunca son imposibles.<\/p>\n<p>El front\u00f3n volver\u00e1 a llenarse. La c\u00e1tedra apostar\u00e1 por el campe\u00f3n, pero quien quiere recuperar el cetro no dir\u00e1 su \u00faltima palabra hasta el final de la final. Quince d\u00edas por delante para hablar de claves, material, estados de forma, deseos, vivencias y sue\u00f1os.<\/p>\n","protected":false},"excerpt":{"rendered":"<p>Cada vez que dicen que Aimar Olaizola no est\u00e1 bien y que tiene problemas, me agarro los machos y espero al siguiente partido. Con machacona insistencia echa por tierra los pron\u00f3sticos y se exhibe como el campe\u00f3n que es. Siempre respetuoso con los rivales, les\u00a0valora antes de cada conquista.<\/p>\n","protected":false},"author":1,"featured_media":0,"comment_status":"closed","ping_status":"open","sticky":false,"template":"","format":"standard","meta":{"editor_plus_copied_stylings":"{}","_monsterinsights_skip_tracking":false,"footnotes":""},"categories":[45],"tags":[],"class_list":["post-1092","post","type-post","status-publish","format-standard","hentry","category-comentarios-2012-2013"],"aioseo_notices":[],"aioseo_head":"\n\t\t<!-- All in One SEO 5.0.0.1 - aioseo.com -->\n\t<meta name=\"description\" content=\"Cada vez que dicen que Aimar Olaizola no est\u00e1 bien y que tiene problemas, me agarro los machos y espero al siguiente partido. Con machacona insistencia echa por tierra los pron\u00f3sticos y se exhibe como el campe\u00f3n que es. Siempre respetuoso con los rivales, les valora antes de cada conquista. Expres\u00f3 las dificultades que pod\u00eda causarle\" \/>\n\t<meta name=\"robots\" content=\"max-image-preview:large\" \/>\n\t<meta name=\"author\" content=\"I\u00f1aki de Mujika\"\/>\n\t<meta name=\"google-site-verification\" content=\"OqF6EAwritiAZRpCdqm7K8ePP_ZHngiUX4qiOwdV5ls\" \/>\n\t<link rel=\"canonical\" href=\"https:\/\/elbeaterio.es\/index.php\/2013\/06\/12\/cuando-dicen-que-esta-mal\/\" \/>\n\t<meta name=\"generator\" content=\"All in One SEO (AIOSEO) 5.0.0.1\" \/>\n\t\t<meta property=\"og:locale\" content=\"es_ES\" \/>\n\t\t<meta property=\"og:site_name\" content=\"El Beaterio de I\u00f1aki de Mujika - Blog de I\u00f1aki de Mujika. Sus beaterios en Noticias de Gipuzkoa, las entrevistas, los programas de televisi\u00f3n &quot;Tiempo real&quot;, homenajes, etc.\" \/>\n\t\t<meta property=\"og:type\" content=\"article\" \/>\n\t\t<meta property=\"og:title\" content=\"Cuando dicen que est\u00e1 mal\u2026 - El Beaterio de I\u00f1aki de Mujika\" \/>\n\t\t<meta property=\"og:description\" content=\"Cada vez que dicen que Aimar Olaizola no est\u00e1 bien y que tiene problemas, me agarro los machos y espero al siguiente partido. Con machacona insistencia echa por tierra los pron\u00f3sticos y se exhibe como el campe\u00f3n que es. Siempre respetuoso con los rivales, les valora antes de cada conquista. Expres\u00f3 las dificultades que pod\u00eda causarle\" \/>\n\t\t<meta property=\"og:url\" content=\"https:\/\/elbeaterio.es\/index.php\/2013\/06\/12\/cuando-dicen-que-esta-mal\/\" \/>\n\t\t<meta property=\"article:published_time\" content=\"2013-06-12T18:28:17+00:00\" \/>\n\t\t<meta property=\"article:modified_time\" content=\"2023-07-02T14:14:04+00:00\" \/>\n\t\t<meta name=\"twitter:card\" content=\"summary_large_image\" \/>\n\t\t<meta name=\"twitter:title\" content=\"Cuando dicen que est\u00e1 mal\u2026 - El Beaterio de I\u00f1aki de Mujika\" \/>\n\t\t<meta name=\"twitter:description\" content=\"Cada vez que dicen que Aimar Olaizola no est\u00e1 bien y que tiene problemas, me agarro los machos y espero al siguiente partido. Con machacona insistencia echa por tierra los pron\u00f3sticos y se exhibe como el campe\u00f3n que es. Siempre respetuoso con los rivales, les valora antes de cada conquista. Expres\u00f3 las dificultades que pod\u00eda causarle\" \/>\n\t\t<script type=\"application\/ld+json\" class=\"aioseo-schema\">\n\t\t\t{\"@context\":\"https:\\\/\\\/schema.org\",\"@graph\":[{\"@type\":\"BlogPosting\",\"@id\":\"https:\\\/\\\/elbeaterio.es\\\/index.php\\\/2013\\\/06\\\/12\\\/cuando-dicen-que-esta-mal\\\/#blogposting\",\"name\":\"Cuando dicen que est\\u00e1 mal\\u2026 - El Beaterio de I\\u00f1aki de Mujika\",\"headline\":\"Cuando dicen que est\\u00e1 mal&#8230;\",\"author\":{\"@id\":\"https:\\\/\\\/elbeaterio.es\\\/index.php\\\/author\\\/ceh-mujicagmail-com\\\/#author\"},\"publisher\":{\"@id\":\"https:\\\/\\\/elbeaterio.es\\\/#person\"},\"image\":{\"@type\":\"ImageObject\",\"@id\":\"https:\\\/\\\/elbeaterio.es\\\/index.php\\\/2013\\\/06\\\/12\\\/cuando-dicen-que-esta-mal\\\/#articleImage\",\"url\":\"https:\\\/\\\/secure.gravatar.com\\\/avatar\\\/52e148bfb67d1f33983028b354e60f197561f893059a19708944b85230c274f9?s=96&d=mm&r=g\",\"width\":96,\"height\":96,\"caption\":\"I\\u00f1aki de Mujika\"},\"datePublished\":\"2013-06-12T18:28:17+02:00\",\"dateModified\":\"2023-07-02T16:14:04+02:00\",\"inLanguage\":\"es-ES\",\"mainEntityOfPage\":{\"@id\":\"https:\\\/\\\/elbeaterio.es\\\/index.php\\\/2013\\\/06\\\/12\\\/cuando-dicen-que-esta-mal\\\/#webpage\"},\"isPartOf\":{\"@id\":\"https:\\\/\\\/elbeaterio.es\\\/index.php\\\/2013\\\/06\\\/12\\\/cuando-dicen-que-esta-mal\\\/#webpage\"},\"articleSection\":\"Comentarios 2012-2013\"},{\"@type\":\"BreadcrumbList\",\"@id\":\"https:\\\/\\\/elbeaterio.es\\\/index.php\\\/2013\\\/06\\\/12\\\/cuando-dicen-que-esta-mal\\\/#breadcrumblist\",\"itemListElement\":[{\"@type\":\"ListItem\",\"@id\":\"https:\\\/\\\/elbeaterio.es#listItem\",\"position\":1,\"name\":\"Hogar\",\"item\":\"https:\\\/\\\/elbeaterio.es\",\"nextItem\":{\"@type\":\"ListItem\",\"@id\":\"https:\\\/\\\/elbeaterio.es\\\/index.php\\\/category\\\/temporadas-anteriores\\\/#listItem\",\"name\":\"Temporadas anteriores\"}},{\"@type\":\"ListItem\",\"@id\":\"https:\\\/\\\/elbeaterio.es\\\/index.php\\\/category\\\/temporadas-anteriores\\\/#listItem\",\"position\":2,\"name\":\"Temporadas anteriores\",\"item\":\"https:\\\/\\\/elbeaterio.es\\\/index.php\\\/category\\\/temporadas-anteriores\\\/\",\"nextItem\":{\"@type\":\"ListItem\",\"@id\":\"https:\\\/\\\/elbeaterio.es\\\/index.php\\\/category\\\/temporadas-anteriores\\\/comentario-del-dia\\\/#listItem\",\"name\":\"El comentario del d\\u00eda\"},\"previousItem\":{\"@type\":\"ListItem\",\"@id\":\"https:\\\/\\\/elbeaterio.es#listItem\",\"name\":\"Hogar\"}},{\"@type\":\"ListItem\",\"@id\":\"https:\\\/\\\/elbeaterio.es\\\/index.php\\\/category\\\/temporadas-anteriores\\\/comentario-del-dia\\\/#listItem\",\"position\":3,\"name\":\"El comentario del d\\u00eda\",\"item\":\"https:\\\/\\\/elbeaterio.es\\\/index.php\\\/category\\\/temporadas-anteriores\\\/comentario-del-dia\\\/\",\"nextItem\":{\"@type\":\"ListItem\",\"@id\":\"https:\\\/\\\/elbeaterio.es\\\/index.php\\\/category\\\/temporadas-anteriores\\\/comentario-del-dia\\\/comentarios-2012-2013\\\/#listItem\",\"name\":\"Comentarios 2012-2013\"},\"previousItem\":{\"@type\":\"ListItem\",\"@id\":\"https:\\\/\\\/elbeaterio.es\\\/index.php\\\/category\\\/temporadas-anteriores\\\/#listItem\",\"name\":\"Temporadas anteriores\"}},{\"@type\":\"ListItem\",\"@id\":\"https:\\\/\\\/elbeaterio.es\\\/index.php\\\/category\\\/temporadas-anteriores\\\/comentario-del-dia\\\/comentarios-2012-2013\\\/#listItem\",\"position\":4,\"name\":\"Comentarios 2012-2013\",\"item\":\"https:\\\/\\\/elbeaterio.es\\\/index.php\\\/category\\\/temporadas-anteriores\\\/comentario-del-dia\\\/comentarios-2012-2013\\\/\",\"nextItem\":{\"@type\":\"ListItem\",\"@id\":\"https:\\\/\\\/elbeaterio.es\\\/index.php\\\/2013\\\/06\\\/12\\\/cuando-dicen-que-esta-mal\\\/#listItem\",\"name\":\"Cuando dicen que est\\u00e1 mal&#8230;\"},\"previousItem\":{\"@type\":\"ListItem\",\"@id\":\"https:\\\/\\\/elbeaterio.es\\\/index.php\\\/category\\\/temporadas-anteriores\\\/comentario-del-dia\\\/#listItem\",\"name\":\"El comentario del d\\u00eda\"}},{\"@type\":\"ListItem\",\"@id\":\"https:\\\/\\\/elbeaterio.es\\\/index.php\\\/2013\\\/06\\\/12\\\/cuando-dicen-que-esta-mal\\\/#listItem\",\"position\":5,\"name\":\"Cuando dicen que est\\u00e1 mal&#8230;\",\"previousItem\":{\"@type\":\"ListItem\",\"@id\":\"https:\\\/\\\/elbeaterio.es\\\/index.php\\\/category\\\/temporadas-anteriores\\\/comentario-del-dia\\\/comentarios-2012-2013\\\/#listItem\",\"name\":\"Comentarios 2012-2013\"}}]},{\"@type\":\"Person\",\"@id\":\"https:\\\/\\\/elbeaterio.es\\\/#person\",\"name\":\"I\\u00f1aki de Mujika\",\"image\":{\"@type\":\"ImageObject\",\"@id\":\"https:\\\/\\\/elbeaterio.es\\\/index.php\\\/2013\\\/06\\\/12\\\/cuando-dicen-que-esta-mal\\\/#personImage\",\"url\":\"https:\\\/\\\/secure.gravatar.com\\\/avatar\\\/52e148bfb67d1f33983028b354e60f197561f893059a19708944b85230c274f9?s=96&d=mm&r=g\",\"width\":96,\"height\":96,\"caption\":\"I\\u00f1aki de Mujika\"}},{\"@type\":\"Person\",\"@id\":\"https:\\\/\\\/elbeaterio.es\\\/index.php\\\/author\\\/ceh-mujicagmail-com\\\/#author\",\"url\":\"https:\\\/\\\/elbeaterio.es\\\/index.php\\\/author\\\/ceh-mujicagmail-com\\\/\",\"name\":\"I\\u00f1aki de Mujika\",\"image\":{\"@type\":\"ImageObject\",\"@id\":\"https:\\\/\\\/elbeaterio.es\\\/index.php\\\/2013\\\/06\\\/12\\\/cuando-dicen-que-esta-mal\\\/#authorImage\",\"url\":\"https:\\\/\\\/secure.gravatar.com\\\/avatar\\\/52e148bfb67d1f33983028b354e60f197561f893059a19708944b85230c274f9?s=96&d=mm&r=g\",\"width\":96,\"height\":96,\"caption\":\"I\\u00f1aki de Mujika\"}},{\"@type\":\"WebPage\",\"@id\":\"https:\\\/\\\/elbeaterio.es\\\/index.php\\\/2013\\\/06\\\/12\\\/cuando-dicen-que-esta-mal\\\/#webpage\",\"url\":\"https:\\\/\\\/elbeaterio.es\\\/index.php\\\/2013\\\/06\\\/12\\\/cuando-dicen-que-esta-mal\\\/\",\"name\":\"Cuando dicen que est\\u00e1 mal\\u2026 - El Beaterio de I\\u00f1aki de Mujika\",\"description\":\"Cada vez que dicen que Aimar Olaizola no est\\u00e1 bien y que tiene problemas, me agarro los machos y espero al siguiente partido. Con machacona insistencia echa por tierra los pron\\u00f3sticos y se exhibe como el campe\\u00f3n que es. Siempre respetuoso con los rivales, les valora antes de cada conquista. Expres\\u00f3 las dificultades que pod\\u00eda causarle\",\"inLanguage\":\"es-ES\",\"isPartOf\":{\"@id\":\"https:\\\/\\\/elbeaterio.es\\\/#website\"},\"breadcrumb\":{\"@id\":\"https:\\\/\\\/elbeaterio.es\\\/index.php\\\/2013\\\/06\\\/12\\\/cuando-dicen-que-esta-mal\\\/#breadcrumblist\"},\"author\":{\"@id\":\"https:\\\/\\\/elbeaterio.es\\\/index.php\\\/author\\\/ceh-mujicagmail-com\\\/#author\"},\"creator\":{\"@id\":\"https:\\\/\\\/elbeaterio.es\\\/index.php\\\/author\\\/ceh-mujicagmail-com\\\/#author\"},\"datePublished\":\"2013-06-12T18:28:17+02:00\",\"dateModified\":\"2023-07-02T16:14:04+02:00\"},{\"@type\":\"WebSite\",\"@id\":\"https:\\\/\\\/elbeaterio.es\\\/#website\",\"url\":\"https:\\\/\\\/elbeaterio.es\\\/\",\"name\":\"El Beaterio de I\\u00f1aki de Mujika\",\"alternateName\":\"elbeaterio.es\",\"description\":\"Blog de I\\u00f1aki de Mujika. Sus beaterios en Noticias de Gipuzkoa, las entrevistas, los programas de televisi\\u00f3n \\\"Tiempo real\\\", homenajes, etc.\",\"inLanguage\":\"es-ES\",\"publisher\":{\"@id\":\"https:\\\/\\\/elbeaterio.es\\\/#person\"}}]}\n\t\t<\/script>\n\t\t<!-- All in One SEO -->\n\n","aioseo_head_json":{"title":"Cuando dicen que est\u00e1 mal\u2026 - El Beaterio de I\u00f1aki de Mujika","description":"Cada vez que dicen que Aimar Olaizola no est\u00e1 bien y que tiene problemas, me agarro los machos y espero al siguiente partido. Con machacona insistencia echa por tierra los pron\u00f3sticos y se exhibe como el campe\u00f3n que es. Siempre respetuoso con los rivales, les valora antes de cada conquista. Expres\u00f3 las dificultades que pod\u00eda causarle","canonical_url":"https:\/\/elbeaterio.es\/index.php\/2013\/06\/12\/cuando-dicen-que-esta-mal\/","robots":"max-image-preview:large","keywords":"","webmasterTools":{"google-site-verification":"OqF6EAwritiAZRpCdqm7K8ePP_ZHngiUX4qiOwdV5ls","miscellaneous":""},"schema":{"@context":"https:\/\/schema.org","@graph":[{"@type":"BlogPosting","@id":"https:\/\/elbeaterio.es\/index.php\/2013\/06\/12\/cuando-dicen-que-esta-mal\/#blogposting","name":"Cuando dicen que est\u00e1 mal\u2026 - El Beaterio de I\u00f1aki de Mujika","headline":"Cuando dicen que est\u00e1 mal&#8230;","author":{"@id":"https:\/\/elbeaterio.es\/index.php\/author\/ceh-mujicagmail-com\/#author"},"publisher":{"@id":"https:\/\/elbeaterio.es\/#person"},"image":{"@type":"ImageObject","@id":"https:\/\/elbeaterio.es\/index.php\/2013\/06\/12\/cuando-dicen-que-esta-mal\/#articleImage","url":"https:\/\/secure.gravatar.com\/avatar\/52e148bfb67d1f33983028b354e60f197561f893059a19708944b85230c274f9?s=96&d=mm&r=g","width":96,"height":96,"caption":"I\u00f1aki de Mujika"},"datePublished":"2013-06-12T18:28:17+02:00","dateModified":"2023-07-02T16:14:04+02:00","inLanguage":"es-ES","mainEntityOfPage":{"@id":"https:\/\/elbeaterio.es\/index.php\/2013\/06\/12\/cuando-dicen-que-esta-mal\/#webpage"},"isPartOf":{"@id":"https:\/\/elbeaterio.es\/index.php\/2013\/06\/12\/cuando-dicen-que-esta-mal\/#webpage"},"articleSection":"Comentarios 2012-2013"},{"@type":"BreadcrumbList","@id":"https:\/\/elbeaterio.es\/index.php\/2013\/06\/12\/cuando-dicen-que-esta-mal\/#breadcrumblist","itemListElement":[{"@type":"ListItem","@id":"https:\/\/elbeaterio.es#listItem","position":1,"name":"Hogar","item":"https:\/\/elbeaterio.es","nextItem":{"@type":"ListItem","@id":"https:\/\/elbeaterio.es\/index.php\/category\/temporadas-anteriores\/#listItem","name":"Temporadas anteriores"}},{"@type":"ListItem","@id":"https:\/\/elbeaterio.es\/index.php\/category\/temporadas-anteriores\/#listItem","position":2,"name":"Temporadas anteriores","item":"https:\/\/elbeaterio.es\/index.php\/category\/temporadas-anteriores\/","nextItem":{"@type":"ListItem","@id":"https:\/\/elbeaterio.es\/index.php\/category\/temporadas-anteriores\/comentario-del-dia\/#listItem","name":"El comentario del d\u00eda"},"previousItem":{"@type":"ListItem","@id":"https:\/\/elbeaterio.es#listItem","name":"Hogar"}},{"@type":"ListItem","@id":"https:\/\/elbeaterio.es\/index.php\/category\/temporadas-anteriores\/comentario-del-dia\/#listItem","position":3,"name":"El comentario del d\u00eda","item":"https:\/\/elbeaterio.es\/index.php\/category\/temporadas-anteriores\/comentario-del-dia\/","nextItem":{"@type":"ListItem","@id":"https:\/\/elbeaterio.es\/index.php\/category\/temporadas-anteriores\/comentario-del-dia\/comentarios-2012-2013\/#listItem","name":"Comentarios 2012-2013"},"previousItem":{"@type":"ListItem","@id":"https:\/\/elbeaterio.es\/index.php\/category\/temporadas-anteriores\/#listItem","name":"Temporadas anteriores"}},{"@type":"ListItem","@id":"https:\/\/elbeaterio.es\/index.php\/category\/temporadas-anteriores\/comentario-del-dia\/comentarios-2012-2013\/#listItem","position":4,"name":"Comentarios 2012-2013","item":"https:\/\/elbeaterio.es\/index.php\/category\/temporadas-anteriores\/comentario-del-dia\/comentarios-2012-2013\/","nextItem":{"@type":"ListItem","@id":"https:\/\/elbeaterio.es\/index.php\/2013\/06\/12\/cuando-dicen-que-esta-mal\/#listItem","name":"Cuando dicen que est\u00e1 mal&#8230;"},"previousItem":{"@type":"ListItem","@id":"https:\/\/elbeaterio.es\/index.php\/category\/temporadas-anteriores\/comentario-del-dia\/#listItem","name":"El comentario del d\u00eda"}},{"@type":"ListItem","@id":"https:\/\/elbeaterio.es\/index.php\/2013\/06\/12\/cuando-dicen-que-esta-mal\/#listItem","position":5,"name":"Cuando dicen que est\u00e1 mal&#8230;","previousItem":{"@type":"ListItem","@id":"https:\/\/elbeaterio.es\/index.php\/category\/temporadas-anteriores\/comentario-del-dia\/comentarios-2012-2013\/#listItem","name":"Comentarios 2012-2013"}}]},{"@type":"Person","@id":"https:\/\/elbeaterio.es\/#person","name":"I\u00f1aki de Mujika","image":{"@type":"ImageObject","@id":"https:\/\/elbeaterio.es\/index.php\/2013\/06\/12\/cuando-dicen-que-esta-mal\/#personImage","url":"https:\/\/secure.gravatar.com\/avatar\/52e148bfb67d1f33983028b354e60f197561f893059a19708944b85230c274f9?s=96&d=mm&r=g","width":96,"height":96,"caption":"I\u00f1aki de Mujika"}},{"@type":"Person","@id":"https:\/\/elbeaterio.es\/index.php\/author\/ceh-mujicagmail-com\/#author","url":"https:\/\/elbeaterio.es\/index.php\/author\/ceh-mujicagmail-com\/","name":"I\u00f1aki de Mujika","image":{"@type":"ImageObject","@id":"https:\/\/elbeaterio.es\/index.php\/2013\/06\/12\/cuando-dicen-que-esta-mal\/#authorImage","url":"https:\/\/secure.gravatar.com\/avatar\/52e148bfb67d1f33983028b354e60f197561f893059a19708944b85230c274f9?s=96&d=mm&r=g","width":96,"height":96,"caption":"I\u00f1aki de Mujika"}},{"@type":"WebPage","@id":"https:\/\/elbeaterio.es\/index.php\/2013\/06\/12\/cuando-dicen-que-esta-mal\/#webpage","url":"https:\/\/elbeaterio.es\/index.php\/2013\/06\/12\/cuando-dicen-que-esta-mal\/","name":"Cuando dicen que est\u00e1 mal\u2026 - El Beaterio de I\u00f1aki de Mujika","description":"Cada vez que dicen que Aimar Olaizola no est\u00e1 bien y que tiene problemas, me agarro los machos y espero al siguiente partido. Con machacona insistencia echa por tierra los pron\u00f3sticos y se exhibe como el campe\u00f3n que es. Siempre respetuoso con los rivales, les valora antes de cada conquista. Expres\u00f3 las dificultades que pod\u00eda causarle","inLanguage":"es-ES","isPartOf":{"@id":"https:\/\/elbeaterio.es\/#website"},"breadcrumb":{"@id":"https:\/\/elbeaterio.es\/index.php\/2013\/06\/12\/cuando-dicen-que-esta-mal\/#breadcrumblist"},"author":{"@id":"https:\/\/elbeaterio.es\/index.php\/author\/ceh-mujicagmail-com\/#author"},"creator":{"@id":"https:\/\/elbeaterio.es\/index.php\/author\/ceh-mujicagmail-com\/#author"},"datePublished":"2013-06-12T18:28:17+02:00","dateModified":"2023-07-02T16:14:04+02:00"},{"@type":"WebSite","@id":"https:\/\/elbeaterio.es\/#website","url":"https:\/\/elbeaterio.es\/","name":"El Beaterio de I\u00f1aki de Mujika","alternateName":"elbeaterio.es","description":"Blog de I\u00f1aki de Mujika. Sus beaterios en Noticias de Gipuzkoa, las entrevistas, los programas de televisi\u00f3n \"Tiempo real\", homenajes, etc.","inLanguage":"es-ES","publisher":{"@id":"https:\/\/elbeaterio.es\/#person"}}]},"og:locale":"es_ES","og:site_name":"El Beaterio de I\u00f1aki de Mujika - Blog de I\u00f1aki de Mujika. Sus beaterios en Noticias de Gipuzkoa, las entrevistas, los programas de televisi\u00f3n &quot;Tiempo real&quot;, homenajes, etc.","og:type":"article","og:title":"Cuando dicen que est\u00e1 mal\u2026 - El Beaterio de I\u00f1aki de Mujika","og:description":"Cada vez que dicen que Aimar Olaizola no est\u00e1 bien y que tiene problemas, me agarro los machos y espero al siguiente partido. Con machacona insistencia echa por tierra los pron\u00f3sticos y se exhibe como el campe\u00f3n que es. Siempre respetuoso con los rivales, les valora antes de cada conquista. Expres\u00f3 las dificultades que pod\u00eda causarle","og:url":"https:\/\/elbeaterio.es\/index.php\/2013\/06\/12\/cuando-dicen-que-esta-mal\/","article:published_time":"2013-06-12T18:28:17+00:00","article:modified_time":"2023-07-02T14:14:04+00:00","twitter:card":"summary_large_image","twitter:title":"Cuando dicen que est\u00e1 mal\u2026 - El Beaterio de I\u00f1aki de Mujika","twitter:description":"Cada vez que dicen que Aimar Olaizola no est\u00e1 bien y que tiene problemas, me agarro los machos y espero al siguiente partido. Con machacona insistencia echa por tierra los pron\u00f3sticos y se exhibe como el campe\u00f3n que es. Siempre respetuoso con los rivales, les valora antes de cada conquista. Expres\u00f3 las dificultades que pod\u00eda causarle"},"aioseo_meta_data":{"post_id":"1092","title":null,"description":null,"keywords":null,"keyphrases":null,"primary_term":null,"canonical_url":null,"og_title":null,"og_description":null,"og_object_type":"default","og_image_type":"default","og_image_url":null,"og_image_width":null,"og_image_height":null,"og_image_custom_url":null,"og_image_custom_fields":null,"og_video":null,"og_custom_url":null,"og_article_section":null,"og_article_tags":null,"twitter_use_og":false,"twitter_card":"default","twitter_image_type":"default","twitter_image_url":null,"twitter_image_custom_url":null,"twitter_image_custom_fields":null,"twitter_title":null,"twitter_description":null,"schema":{"blockGraphs":[],"customGraphs":[],"default":{"data":{"Article":[],"Course":[],"Dataset":[],"FAQPage":[],"Movie":[],"Person":[],"Product":[],"ProductReview":[],"Car":[],"Recipe":[],"Service":[],"SoftwareApplication":[],"WebPage":[]},"graphName":"","isEnabled":true},"graphs":[]},"schema_type":"default","schema_type_options":null,"pillar_content":false,"robots_default":true,"robots_noindex":false,"robots_noarchive":false,"robots_nosnippet":false,"robots_nofollow":false,"robots_noimageindex":false,"robots_noodp":false,"robots_notranslate":false,"robots_max_snippet":null,"robots_max_videopreview":null,"robots_max_imagepreview":"large","priority":null,"frequency":null,"local_seo":null,"breadcrumb_settings":null,"limit_modified_date":false,"ai":null,"created":"2024-11-16 17:12:54","updated":"2025-06-04 04:03:44","seo_analyzer_scan_date":null,"focus_keyword":null,"additional_keywords":null,"truseo_locale":null},"aioseo_breadcrumb":"<div class=\"aioseo-breadcrumbs\"><span class=\"aioseo-breadcrumb\">\n\t\t\t<a href=\"https:\/\/elbeaterio.es\" title=\"Hogar\">Hogar<\/a>\n\t\t<\/span><span class=\"aioseo-breadcrumb-separator\">&raquo;<\/span><span class=\"aioseo-breadcrumb\">\n\t\t\t<a href=\"https:\/\/elbeaterio.es\/index.php\/category\/temporadas-anteriores\/\" title=\"Temporadas anteriores\">Temporadas anteriores<\/a>\n\t\t<\/span><span class=\"aioseo-breadcrumb-separator\">&raquo;<\/span><span class=\"aioseo-breadcrumb\">\n\t\t\t<a href=\"https:\/\/elbeaterio.es\/index.php\/category\/temporadas-anteriores\/comentario-del-dia\/\" title=\"El comentario del d\u00eda\">El comentario del d\u00eda<\/a>\n\t\t<\/span><span class=\"aioseo-breadcrumb-separator\">&raquo;<\/span><span class=\"aioseo-breadcrumb\">\n\t\t\t<a href=\"https:\/\/elbeaterio.es\/index.php\/category\/temporadas-anteriores\/comentario-del-dia\/comentarios-2012-2013\/\" title=\"Comentarios 2012-2013\">Comentarios 2012-2013<\/a>\n\t\t<\/span><span class=\"aioseo-breadcrumb-separator\">&raquo;<\/span><span class=\"aioseo-breadcrumb\">\n\t\t\tCuando dicen que est\u00e1 mal\u2026\n\t\t<\/span><\/div>","aioseo_breadcrumb_json":[{"label":"Hogar","link":"https:\/\/elbeaterio.es"},{"label":"Temporadas anteriores","link":"https:\/\/elbeaterio.es\/index.php\/category\/temporadas-anteriores\/"},{"label":"El comentario del d\u00eda","link":"https:\/\/elbeaterio.es\/index.php\/category\/temporadas-anteriores\/comentario-del-dia\/"},{"label":"Comentarios 2012-2013","link":"https:\/\/elbeaterio.es\/index.php\/category\/temporadas-anteriores\/comentario-del-dia\/comentarios-2012-2013\/"},{"label":"Cuando dicen que est\u00e1 mal&#8230;","link":"https:\/\/elbeaterio.es\/index.php\/2013\/06\/12\/cuando-dicen-que-esta-mal\/"}],"_links":{"self":[{"href":"https:\/\/elbeaterio.es\/index.php\/wp-json\/wp\/v2\/posts\/1092","targetHints":{"allow":["GET"]}}],"collection":[{"href":"https:\/\/elbeaterio.es\/index.php\/wp-json\/wp\/v2\/posts"}],"about":[{"href":"https:\/\/elbeaterio.es\/index.php\/wp-json\/wp\/v2\/types\/post"}],"author":[{"embeddable":true,"href":"https:\/\/elbeaterio.es\/index.php\/wp-json\/wp\/v2\/users\/1"}],"replies":[{"embeddable":true,"href":"https:\/\/elbeaterio.es\/index.php\/wp-json\/wp\/v2\/comments?post=1092"}],"version-history":[{"count":1,"href":"https:\/\/elbeaterio.es\/index.php\/wp-json\/wp\/v2\/posts\/1092\/revisions"}],"predecessor-version":[{"id":5435,"href":"https:\/\/elbeaterio.es\/index.php\/wp-json\/wp\/v2\/posts\/1092\/revisions\/5435"}],"wp:attachment":[{"href":"https:\/\/elbeaterio.es\/index.php\/wp-json\/wp\/v2\/media?parent=1092"}],"wp:term":[{"taxonomy":"category","embeddable":true,"href":"https:\/\/elbeaterio.es\/index.php\/wp-json\/wp\/v2\/categories?post=1092"},{"taxonomy":"post_tag","embeddable":true,"href":"https:\/\/elbeaterio.es\/index.php\/wp-json\/wp\/v2\/tags?post=1092"}],"curies":[{"name":"wp","href":"https:\/\/api.w.org\/{rel}","templated":true}]}}