{"id":11,"date":"2012-02-07T22:17:30","date_gmt":"2012-02-07T22:17:30","guid":{"rendered":"http:\/\/localhost\/joomla\/2012\/02\/07\/un-paseo-por-el-sena-iii\/"},"modified":"2023-06-22T20:03:30","modified_gmt":"2023-06-22T18:03:30","slug":"un-paseo-por-el-sena-iii","status":"publish","type":"post","link":"https:\/\/elbeaterio.es\/index.php\/2012\/02\/07\/un-paseo-por-el-sena-iii\/","title":{"rendered":"Un paseo por el Sena (III)"},"content":{"rendered":"<p>\nLas obligaciones profesionales de Iker con el balonmano exig&iacute;an que las salidas por las calles de la vieja Lutetia fueran vespertinas. Hasta que lleg&oacute; el jueves y pudimos madrugar. No mucho, ya que el term&oacute;metro se despachaba con siete grados por debajo de cero y no amanece pronto. Si vives a unos cuantos kil&oacute;metros de Par&iacute;s, la entrada a la ciudad es un ejercicio de paciencia y habilidad. Da lo mismo si accedes por la Porte de Clignancourt, Pantin, Bagnolet o Vincennes. Siempre te esperar&aacute; un atasco. Como se va tan despacio, da tiempo de admirar por ejemplo el Stade de France (St.Denis) que ya impresiona desde fuera.\n<\/p>\n<p><!--more--><br \/>\nPor aquello de ganar minutos salimos sin desayunar para hacerlo en el centro despu&eacute;s de aparcar bajo el Hotel de Ville. Cruzamos el Pont d&#8217;Arcole, el mismo que el General Leclerc para llegar hasta el Ayuntamiento de Par&iacute;s durante la liberaci&oacute;n de la ciudad de la ocupaci&oacute;n alemana, pero en direcci&oacute;n contraria camino de N&ocirc;tre Dame. Entramos en uno de los peque&ntilde;os baretos. Hace tal fr&iacute;o que necesitamos un caf&eacute; con leche urgentemente. &iquest;En taza grande o peque&ntilde;a?. Iker se decide por la peque&ntilde;a y yo por la grande, que no es un taz&oacute;n, sino uno caldero que parece un c&aacute;liz sin peana. &iexcl;Que barbaridad!. Menos mal que los croissants eran grandes, que si no a&uacute;n estoy all&iacute; para terminar. <\/p>\n<p>\nSalimos a la calle reconfortados y dispuestos a hacernos las primeras fotos del d&iacute;a, frente a los arcos g&oacute;ticos de la catedral. Abrigados hasta los ojos, posamos haciendo un poco el gamba hasta que conseguimos convencer a una se&ntilde;ora japonesa para que nos fotograf&iacute;e juntos. El Sena est&aacute; a nuestros pies y necesito un paseo en barco. Hace sol pero no calienta. Montamos en &quot;batobus&quot;. Ocho escalas en el camino que permiten conocer Par&iacute;s desde un lugar privilegiado. Nos hinchamos a hacer &quot;click&quot; con la c&aacute;mara y descendemos en la parada de la Torre Eiffel. Sopla un viento huracanado. Imposible subir a lo m&aacute;s alto. No nos sobra tiempo. Vuelta al parking, pero antes compramos un par de bocadillos en &quot;Aux Tours de Notre Dame&quot;. La chica que vende en un chiringuito exterior est&aacute; aterida de fr&iacute;o. Tirita.\n<\/p>\n<p>\nIker llega a tiempo al entrenamiento despu&eacute;s de tomar caf&eacute; juntos y de recoger a su compa&ntilde;ero Hatem Hamuda, un tunecino que acaba de incorporarse al grupo en Tremblay. Busco asiento en la grada. El que quiera porque soy el &uacute;nico espectador en el pabell&oacute;n que sigue la sesi&oacute;n dirigida por Stephane Imbratta.\n<\/p>\n<p>\nComo al d&iacute;a siguiente, el equipo juega contra el Istres y esa noche cenar&aacute;n todos en el apartamento de Iker, no queda otra que hacer la compra. Es algo que celebro. No conozco la cadena &quot;Cora&quot;. La superficie es inmensa y hay de todo. Celebro el rato y lo disfruto. El carro se llena a rebosar tratando de que no falte de nada. La cola en las cajas es intolerable. &iexcl;Cu&aacute;nto tiempo de espera!.\n<\/p>\n<p>\nQuiere quedar bien con todos sus compa&ntilde;eros a los que va a ofrecerles una &quot;cena vasca&quot; con chuletas y txistorra de la Carnicer&iacute;a Aranburu de Zum&aacute;rraga. La enorme duda que me cabe es c&oacute;mo entraron all&iacute; dieciocho pedazo t&iacute;os. No hay fotos.\n<\/p>\n<p>\nNuestro &uacute;ltimo rato&nbsp;en torno a una mesa se produce&nbsp;en un italiano. &quot;La villa di Giovanni&quot;. El camarero que nos atiende tiene rasgos &aacute;rabes. No vocaliza mucho y habla una mezcla de franc&eacute;s con italiano y &quot;por bajines&quot;. Compartimos una ensalada Palermo y nos enchufamos sendos escalopines Marsala, con guarnici&oacute;n. Diferenciamos los postres: Brownies y Coupe Caramelita, con cerveza, agua y caf&eacute;. Con el chupito de grappa, detalle de la casa, s&oacute;lo me atrevo yo.\n<\/p>\n<p>\n&nbsp;<\/p>\n","protected":false},"excerpt":{"rendered":"<p>Las obligaciones profesionales de Iker con el balonmano exig&iacute;an que las salidas por las calles de la vieja Lutetia fueran vespertinas. Hasta que lleg&oacute; el jueves y pudimos madrugar. No mucho, ya que el term&oacute;metro se despachaba con siete grados por debajo de cero y no amanece pronto. Si vives a unos cuantos kil&oacute;metros de [&hellip;]<\/p>\n","protected":false},"author":1,"featured_media":0,"comment_status":"closed","ping_status":"open","sticky":false,"template":"","format":"standard","meta":{"editor_plus_copied_stylings":"{}","_monsterinsights_skip_tracking":false,"footnotes":""},"categories":[11],"tags":[],"class_list":["post-11","post","type-post","status-publish","format-standard","hentry","category-gastronomia"],"aioseo_notices":[],"aioseo_head":"\n\t\t<!-- All in One SEO 5.0.0.1 - aioseo.com -->\n\t<meta name=\"description\" content=\"Las obligaciones profesionales de Iker con el balonmano exig\u00edan que las salidas por las calles de la vieja Lutetia fueran vespertinas. Hasta que lleg\u00f3 el jueves y pudimos madrugar. No mucho, ya que el term\u00f3metro se despachaba con siete grados por debajo de cero y no amanece pronto. Si vives a unos cuantos kil\u00f3metros de\" \/>\n\t<meta name=\"robots\" content=\"max-image-preview:large\" \/>\n\t<meta name=\"author\" content=\"I\u00f1aki de Mujika\"\/>\n\t<meta name=\"google-site-verification\" content=\"OqF6EAwritiAZRpCdqm7K8ePP_ZHngiUX4qiOwdV5ls\" \/>\n\t<link rel=\"canonical\" href=\"https:\/\/elbeaterio.es\/index.php\/2012\/02\/07\/un-paseo-por-el-sena-iii\/\" \/>\n\t<meta name=\"generator\" content=\"All in One SEO (AIOSEO) 5.0.0.1\" \/>\n\t\t<meta property=\"og:locale\" content=\"es_ES\" \/>\n\t\t<meta property=\"og:site_name\" content=\"El Beaterio de I\u00f1aki de Mujika - Blog de I\u00f1aki de Mujika. Sus beaterios en Noticias de Gipuzkoa, las entrevistas, los programas de televisi\u00f3n &quot;Tiempo real&quot;, homenajes, etc.\" \/>\n\t\t<meta property=\"og:type\" content=\"article\" \/>\n\t\t<meta property=\"og:title\" content=\"Un paseo por el Sena (III) - El Beaterio de I\u00f1aki de Mujika\" \/>\n\t\t<meta property=\"og:description\" content=\"Las obligaciones profesionales de Iker con el balonmano exig\u00edan que las salidas por las calles de la vieja Lutetia fueran vespertinas. Hasta que lleg\u00f3 el jueves y pudimos madrugar. No mucho, ya que el term\u00f3metro se despachaba con siete grados por debajo de cero y no amanece pronto. Si vives a unos cuantos kil\u00f3metros de\" \/>\n\t\t<meta property=\"og:url\" content=\"https:\/\/elbeaterio.es\/index.php\/2012\/02\/07\/un-paseo-por-el-sena-iii\/\" \/>\n\t\t<meta property=\"article:published_time\" content=\"2012-02-07T22:17:30+00:00\" \/>\n\t\t<meta property=\"article:modified_time\" content=\"2023-06-22T18:03:30+00:00\" \/>\n\t\t<meta name=\"twitter:card\" content=\"summary_large_image\" \/>\n\t\t<meta name=\"twitter:title\" content=\"Un paseo por el Sena (III) - El Beaterio de I\u00f1aki de Mujika\" \/>\n\t\t<meta name=\"twitter:description\" content=\"Las obligaciones profesionales de Iker con el balonmano exig\u00edan que las salidas por las calles de la vieja Lutetia fueran vespertinas. Hasta que lleg\u00f3 el jueves y pudimos madrugar. No mucho, ya que el term\u00f3metro se despachaba con siete grados por debajo de cero y no amanece pronto. Si vives a unos cuantos kil\u00f3metros de\" \/>\n\t\t<script type=\"application\/ld+json\" class=\"aioseo-schema\">\n\t\t\t{\"@context\":\"https:\\\/\\\/schema.org\",\"@graph\":[{\"@type\":\"BlogPosting\",\"@id\":\"https:\\\/\\\/elbeaterio.es\\\/index.php\\\/2012\\\/02\\\/07\\\/un-paseo-por-el-sena-iii\\\/#blogposting\",\"name\":\"Un paseo por el Sena (III) - El Beaterio de I\\u00f1aki de Mujika\",\"headline\":\"Un paseo por el Sena (III)\",\"author\":{\"@id\":\"https:\\\/\\\/elbeaterio.es\\\/index.php\\\/author\\\/ceh-mujicagmail-com\\\/#author\"},\"publisher\":{\"@id\":\"https:\\\/\\\/elbeaterio.es\\\/#person\"},\"image\":{\"@type\":\"ImageObject\",\"@id\":\"https:\\\/\\\/elbeaterio.es\\\/index.php\\\/2012\\\/02\\\/07\\\/un-paseo-por-el-sena-iii\\\/#articleImage\",\"url\":\"https:\\\/\\\/secure.gravatar.com\\\/avatar\\\/52e148bfb67d1f33983028b354e60f197561f893059a19708944b85230c274f9?s=96&d=mm&r=g\",\"width\":96,\"height\":96,\"caption\":\"I\\u00f1aki de Mujika\"},\"datePublished\":\"2012-02-07T22:17:30+02:00\",\"dateModified\":\"2023-06-22T20:03:30+02:00\",\"inLanguage\":\"es-ES\",\"mainEntityOfPage\":{\"@id\":\"https:\\\/\\\/elbeaterio.es\\\/index.php\\\/2012\\\/02\\\/07\\\/un-paseo-por-el-sena-iii\\\/#webpage\"},\"isPartOf\":{\"@id\":\"https:\\\/\\\/elbeaterio.es\\\/index.php\\\/2012\\\/02\\\/07\\\/un-paseo-por-el-sena-iii\\\/#webpage\"},\"articleSection\":\"A mesa puesta (2007-2014)\"},{\"@type\":\"BreadcrumbList\",\"@id\":\"https:\\\/\\\/elbeaterio.es\\\/index.php\\\/2012\\\/02\\\/07\\\/un-paseo-por-el-sena-iii\\\/#breadcrumblist\",\"itemListElement\":[{\"@type\":\"ListItem\",\"@id\":\"https:\\\/\\\/elbeaterio.es#listItem\",\"position\":1,\"name\":\"Hogar\",\"item\":\"https:\\\/\\\/elbeaterio.es\",\"nextItem\":{\"@type\":\"ListItem\",\"@id\":\"https:\\\/\\\/elbeaterio.es\\\/index.php\\\/category\\\/temporadas-anteriores\\\/#listItem\",\"name\":\"Temporadas anteriores\"}},{\"@type\":\"ListItem\",\"@id\":\"https:\\\/\\\/elbeaterio.es\\\/index.php\\\/category\\\/temporadas-anteriores\\\/#listItem\",\"position\":2,\"name\":\"Temporadas anteriores\",\"item\":\"https:\\\/\\\/elbeaterio.es\\\/index.php\\\/category\\\/temporadas-anteriores\\\/\",\"nextItem\":{\"@type\":\"ListItem\",\"@id\":\"https:\\\/\\\/elbeaterio.es\\\/index.php\\\/category\\\/temporadas-anteriores\\\/gastronomia\\\/#listItem\",\"name\":\"A mesa puesta (2007-2014)\"},\"previousItem\":{\"@type\":\"ListItem\",\"@id\":\"https:\\\/\\\/elbeaterio.es#listItem\",\"name\":\"Hogar\"}},{\"@type\":\"ListItem\",\"@id\":\"https:\\\/\\\/elbeaterio.es\\\/index.php\\\/category\\\/temporadas-anteriores\\\/gastronomia\\\/#listItem\",\"position\":3,\"name\":\"A mesa puesta (2007-2014)\",\"item\":\"https:\\\/\\\/elbeaterio.es\\\/index.php\\\/category\\\/temporadas-anteriores\\\/gastronomia\\\/\",\"nextItem\":{\"@type\":\"ListItem\",\"@id\":\"https:\\\/\\\/elbeaterio.es\\\/index.php\\\/2012\\\/02\\\/07\\\/un-paseo-por-el-sena-iii\\\/#listItem\",\"name\":\"Un paseo por el Sena (III)\"},\"previousItem\":{\"@type\":\"ListItem\",\"@id\":\"https:\\\/\\\/elbeaterio.es\\\/index.php\\\/category\\\/temporadas-anteriores\\\/#listItem\",\"name\":\"Temporadas anteriores\"}},{\"@type\":\"ListItem\",\"@id\":\"https:\\\/\\\/elbeaterio.es\\\/index.php\\\/2012\\\/02\\\/07\\\/un-paseo-por-el-sena-iii\\\/#listItem\",\"position\":4,\"name\":\"Un paseo por el Sena (III)\",\"previousItem\":{\"@type\":\"ListItem\",\"@id\":\"https:\\\/\\\/elbeaterio.es\\\/index.php\\\/category\\\/temporadas-anteriores\\\/gastronomia\\\/#listItem\",\"name\":\"A mesa puesta (2007-2014)\"}}]},{\"@type\":\"Person\",\"@id\":\"https:\\\/\\\/elbeaterio.es\\\/#person\",\"name\":\"I\\u00f1aki de Mujika\",\"image\":{\"@type\":\"ImageObject\",\"@id\":\"https:\\\/\\\/elbeaterio.es\\\/index.php\\\/2012\\\/02\\\/07\\\/un-paseo-por-el-sena-iii\\\/#personImage\",\"url\":\"https:\\\/\\\/secure.gravatar.com\\\/avatar\\\/52e148bfb67d1f33983028b354e60f197561f893059a19708944b85230c274f9?s=96&d=mm&r=g\",\"width\":96,\"height\":96,\"caption\":\"I\\u00f1aki de Mujika\"}},{\"@type\":\"Person\",\"@id\":\"https:\\\/\\\/elbeaterio.es\\\/index.php\\\/author\\\/ceh-mujicagmail-com\\\/#author\",\"url\":\"https:\\\/\\\/elbeaterio.es\\\/index.php\\\/author\\\/ceh-mujicagmail-com\\\/\",\"name\":\"I\\u00f1aki de Mujika\",\"image\":{\"@type\":\"ImageObject\",\"@id\":\"https:\\\/\\\/elbeaterio.es\\\/index.php\\\/2012\\\/02\\\/07\\\/un-paseo-por-el-sena-iii\\\/#authorImage\",\"url\":\"https:\\\/\\\/secure.gravatar.com\\\/avatar\\\/52e148bfb67d1f33983028b354e60f197561f893059a19708944b85230c274f9?s=96&d=mm&r=g\",\"width\":96,\"height\":96,\"caption\":\"I\\u00f1aki de Mujika\"}},{\"@type\":\"WebPage\",\"@id\":\"https:\\\/\\\/elbeaterio.es\\\/index.php\\\/2012\\\/02\\\/07\\\/un-paseo-por-el-sena-iii\\\/#webpage\",\"url\":\"https:\\\/\\\/elbeaterio.es\\\/index.php\\\/2012\\\/02\\\/07\\\/un-paseo-por-el-sena-iii\\\/\",\"name\":\"Un paseo por el Sena (III) - El Beaterio de I\\u00f1aki de Mujika\",\"description\":\"Las obligaciones profesionales de Iker con el balonmano exig\\u00edan que las salidas por las calles de la vieja Lutetia fueran vespertinas. Hasta que lleg\\u00f3 el jueves y pudimos madrugar. No mucho, ya que el term\\u00f3metro se despachaba con siete grados por debajo de cero y no amanece pronto. Si vives a unos cuantos kil\\u00f3metros de\",\"inLanguage\":\"es-ES\",\"isPartOf\":{\"@id\":\"https:\\\/\\\/elbeaterio.es\\\/#website\"},\"breadcrumb\":{\"@id\":\"https:\\\/\\\/elbeaterio.es\\\/index.php\\\/2012\\\/02\\\/07\\\/un-paseo-por-el-sena-iii\\\/#breadcrumblist\"},\"author\":{\"@id\":\"https:\\\/\\\/elbeaterio.es\\\/index.php\\\/author\\\/ceh-mujicagmail-com\\\/#author\"},\"creator\":{\"@id\":\"https:\\\/\\\/elbeaterio.es\\\/index.php\\\/author\\\/ceh-mujicagmail-com\\\/#author\"},\"datePublished\":\"2012-02-07T22:17:30+02:00\",\"dateModified\":\"2023-06-22T20:03:30+02:00\"},{\"@type\":\"WebSite\",\"@id\":\"https:\\\/\\\/elbeaterio.es\\\/#website\",\"url\":\"https:\\\/\\\/elbeaterio.es\\\/\",\"name\":\"El Beaterio de I\\u00f1aki de Mujika\",\"alternateName\":\"elbeaterio.es\",\"description\":\"Blog de I\\u00f1aki de Mujika. Sus beaterios en Noticias de Gipuzkoa, las entrevistas, los programas de televisi\\u00f3n \\\"Tiempo real\\\", homenajes, etc.\",\"inLanguage\":\"es-ES\",\"publisher\":{\"@id\":\"https:\\\/\\\/elbeaterio.es\\\/#person\"}}]}\n\t\t<\/script>\n\t\t<!-- All in One SEO -->\n\n","aioseo_head_json":{"title":"Un paseo por el Sena (III) - El Beaterio de I\u00f1aki de Mujika","description":"Las obligaciones profesionales de Iker con el balonmano exig\u00edan que las salidas por las calles de la vieja Lutetia fueran vespertinas. Hasta que lleg\u00f3 el jueves y pudimos madrugar. No mucho, ya que el term\u00f3metro se despachaba con siete grados por debajo de cero y no amanece pronto. Si vives a unos cuantos kil\u00f3metros de","canonical_url":"https:\/\/elbeaterio.es\/index.php\/2012\/02\/07\/un-paseo-por-el-sena-iii\/","robots":"max-image-preview:large","keywords":"","webmasterTools":{"google-site-verification":"OqF6EAwritiAZRpCdqm7K8ePP_ZHngiUX4qiOwdV5ls","miscellaneous":""},"schema":{"@context":"https:\/\/schema.org","@graph":[{"@type":"BlogPosting","@id":"https:\/\/elbeaterio.es\/index.php\/2012\/02\/07\/un-paseo-por-el-sena-iii\/#blogposting","name":"Un paseo por el Sena (III) - El Beaterio de I\u00f1aki de Mujika","headline":"Un paseo por el Sena (III)","author":{"@id":"https:\/\/elbeaterio.es\/index.php\/author\/ceh-mujicagmail-com\/#author"},"publisher":{"@id":"https:\/\/elbeaterio.es\/#person"},"image":{"@type":"ImageObject","@id":"https:\/\/elbeaterio.es\/index.php\/2012\/02\/07\/un-paseo-por-el-sena-iii\/#articleImage","url":"https:\/\/secure.gravatar.com\/avatar\/52e148bfb67d1f33983028b354e60f197561f893059a19708944b85230c274f9?s=96&d=mm&r=g","width":96,"height":96,"caption":"I\u00f1aki de Mujika"},"datePublished":"2012-02-07T22:17:30+02:00","dateModified":"2023-06-22T20:03:30+02:00","inLanguage":"es-ES","mainEntityOfPage":{"@id":"https:\/\/elbeaterio.es\/index.php\/2012\/02\/07\/un-paseo-por-el-sena-iii\/#webpage"},"isPartOf":{"@id":"https:\/\/elbeaterio.es\/index.php\/2012\/02\/07\/un-paseo-por-el-sena-iii\/#webpage"},"articleSection":"A mesa puesta (2007-2014)"},{"@type":"BreadcrumbList","@id":"https:\/\/elbeaterio.es\/index.php\/2012\/02\/07\/un-paseo-por-el-sena-iii\/#breadcrumblist","itemListElement":[{"@type":"ListItem","@id":"https:\/\/elbeaterio.es#listItem","position":1,"name":"Hogar","item":"https:\/\/elbeaterio.es","nextItem":{"@type":"ListItem","@id":"https:\/\/elbeaterio.es\/index.php\/category\/temporadas-anteriores\/#listItem","name":"Temporadas anteriores"}},{"@type":"ListItem","@id":"https:\/\/elbeaterio.es\/index.php\/category\/temporadas-anteriores\/#listItem","position":2,"name":"Temporadas anteriores","item":"https:\/\/elbeaterio.es\/index.php\/category\/temporadas-anteriores\/","nextItem":{"@type":"ListItem","@id":"https:\/\/elbeaterio.es\/index.php\/category\/temporadas-anteriores\/gastronomia\/#listItem","name":"A mesa puesta (2007-2014)"},"previousItem":{"@type":"ListItem","@id":"https:\/\/elbeaterio.es#listItem","name":"Hogar"}},{"@type":"ListItem","@id":"https:\/\/elbeaterio.es\/index.php\/category\/temporadas-anteriores\/gastronomia\/#listItem","position":3,"name":"A mesa puesta (2007-2014)","item":"https:\/\/elbeaterio.es\/index.php\/category\/temporadas-anteriores\/gastronomia\/","nextItem":{"@type":"ListItem","@id":"https:\/\/elbeaterio.es\/index.php\/2012\/02\/07\/un-paseo-por-el-sena-iii\/#listItem","name":"Un paseo por el Sena (III)"},"previousItem":{"@type":"ListItem","@id":"https:\/\/elbeaterio.es\/index.php\/category\/temporadas-anteriores\/#listItem","name":"Temporadas anteriores"}},{"@type":"ListItem","@id":"https:\/\/elbeaterio.es\/index.php\/2012\/02\/07\/un-paseo-por-el-sena-iii\/#listItem","position":4,"name":"Un paseo por el Sena (III)","previousItem":{"@type":"ListItem","@id":"https:\/\/elbeaterio.es\/index.php\/category\/temporadas-anteriores\/gastronomia\/#listItem","name":"A mesa puesta (2007-2014)"}}]},{"@type":"Person","@id":"https:\/\/elbeaterio.es\/#person","name":"I\u00f1aki de Mujika","image":{"@type":"ImageObject","@id":"https:\/\/elbeaterio.es\/index.php\/2012\/02\/07\/un-paseo-por-el-sena-iii\/#personImage","url":"https:\/\/secure.gravatar.com\/avatar\/52e148bfb67d1f33983028b354e60f197561f893059a19708944b85230c274f9?s=96&d=mm&r=g","width":96,"height":96,"caption":"I\u00f1aki de Mujika"}},{"@type":"Person","@id":"https:\/\/elbeaterio.es\/index.php\/author\/ceh-mujicagmail-com\/#author","url":"https:\/\/elbeaterio.es\/index.php\/author\/ceh-mujicagmail-com\/","name":"I\u00f1aki de Mujika","image":{"@type":"ImageObject","@id":"https:\/\/elbeaterio.es\/index.php\/2012\/02\/07\/un-paseo-por-el-sena-iii\/#authorImage","url":"https:\/\/secure.gravatar.com\/avatar\/52e148bfb67d1f33983028b354e60f197561f893059a19708944b85230c274f9?s=96&d=mm&r=g","width":96,"height":96,"caption":"I\u00f1aki de Mujika"}},{"@type":"WebPage","@id":"https:\/\/elbeaterio.es\/index.php\/2012\/02\/07\/un-paseo-por-el-sena-iii\/#webpage","url":"https:\/\/elbeaterio.es\/index.php\/2012\/02\/07\/un-paseo-por-el-sena-iii\/","name":"Un paseo por el Sena (III) - El Beaterio de I\u00f1aki de Mujika","description":"Las obligaciones profesionales de Iker con el balonmano exig\u00edan que las salidas por las calles de la vieja Lutetia fueran vespertinas. Hasta que lleg\u00f3 el jueves y pudimos madrugar. No mucho, ya que el term\u00f3metro se despachaba con siete grados por debajo de cero y no amanece pronto. Si vives a unos cuantos kil\u00f3metros de","inLanguage":"es-ES","isPartOf":{"@id":"https:\/\/elbeaterio.es\/#website"},"breadcrumb":{"@id":"https:\/\/elbeaterio.es\/index.php\/2012\/02\/07\/un-paseo-por-el-sena-iii\/#breadcrumblist"},"author":{"@id":"https:\/\/elbeaterio.es\/index.php\/author\/ceh-mujicagmail-com\/#author"},"creator":{"@id":"https:\/\/elbeaterio.es\/index.php\/author\/ceh-mujicagmail-com\/#author"},"datePublished":"2012-02-07T22:17:30+02:00","dateModified":"2023-06-22T20:03:30+02:00"},{"@type":"WebSite","@id":"https:\/\/elbeaterio.es\/#website","url":"https:\/\/elbeaterio.es\/","name":"El Beaterio de I\u00f1aki de Mujika","alternateName":"elbeaterio.es","description":"Blog de I\u00f1aki de Mujika. Sus beaterios en Noticias de Gipuzkoa, las entrevistas, los programas de televisi\u00f3n \"Tiempo real\", homenajes, etc.","inLanguage":"es-ES","publisher":{"@id":"https:\/\/elbeaterio.es\/#person"}}]},"og:locale":"es_ES","og:site_name":"El Beaterio de I\u00f1aki de Mujika - Blog de I\u00f1aki de Mujika. Sus beaterios en Noticias de Gipuzkoa, las entrevistas, los programas de televisi\u00f3n &quot;Tiempo real&quot;, homenajes, etc.","og:type":"article","og:title":"Un paseo por el Sena (III) - El Beaterio de I\u00f1aki de Mujika","og:description":"Las obligaciones profesionales de Iker con el balonmano exig\u00edan que las salidas por las calles de la vieja Lutetia fueran vespertinas. Hasta que lleg\u00f3 el jueves y pudimos madrugar. No mucho, ya que el term\u00f3metro se despachaba con siete grados por debajo de cero y no amanece pronto. Si vives a unos cuantos kil\u00f3metros de","og:url":"https:\/\/elbeaterio.es\/index.php\/2012\/02\/07\/un-paseo-por-el-sena-iii\/","article:published_time":"2012-02-07T22:17:30+00:00","article:modified_time":"2023-06-22T18:03:30+00:00","twitter:card":"summary_large_image","twitter:title":"Un paseo por el Sena (III) - El Beaterio de I\u00f1aki de Mujika","twitter:description":"Las obligaciones profesionales de Iker con el balonmano exig\u00edan que las salidas por las calles de la vieja Lutetia fueran vespertinas. Hasta que lleg\u00f3 el jueves y pudimos madrugar. No mucho, ya que el term\u00f3metro se despachaba con siete grados por debajo de cero y no amanece pronto. Si vives a unos cuantos kil\u00f3metros de"},"aioseo_meta_data":{"post_id":"11","title":null,"description":null,"keywords":null,"keyphrases":null,"primary_term":null,"canonical_url":null,"og_title":null,"og_description":null,"og_object_type":"default","og_image_type":"default","og_image_url":null,"og_image_width":null,"og_image_height":null,"og_image_custom_url":null,"og_image_custom_fields":null,"og_video":null,"og_custom_url":null,"og_article_section":null,"og_article_tags":null,"twitter_use_og":false,"twitter_card":"default","twitter_image_type":"default","twitter_image_url":null,"twitter_image_custom_url":null,"twitter_image_custom_fields":null,"twitter_title":null,"twitter_description":null,"schema":{"blockGraphs":[],"customGraphs":[],"default":{"data":{"Article":[],"Course":[],"Dataset":[],"FAQPage":[],"Movie":[],"Person":[],"Product":[],"ProductReview":[],"Car":[],"Recipe":[],"Service":[],"SoftwareApplication":[],"WebPage":[]},"graphName":"","isEnabled":true},"graphs":[]},"schema_type":"default","schema_type_options":null,"pillar_content":false,"robots_default":true,"robots_noindex":false,"robots_noarchive":false,"robots_nosnippet":false,"robots_nofollow":false,"robots_noimageindex":false,"robots_noodp":false,"robots_notranslate":false,"robots_max_snippet":null,"robots_max_videopreview":null,"robots_max_imagepreview":"large","priority":null,"frequency":null,"local_seo":null,"breadcrumb_settings":null,"limit_modified_date":false,"ai":null,"created":"2024-11-16 16:38:22","updated":"2025-06-04 02:59:30","seo_analyzer_scan_date":null,"focus_keyword":null,"additional_keywords":null,"truseo_locale":null},"aioseo_breadcrumb":"<div class=\"aioseo-breadcrumbs\"><span class=\"aioseo-breadcrumb\">\n\t\t\t<a href=\"https:\/\/elbeaterio.es\" title=\"Hogar\">Hogar<\/a>\n\t\t<\/span><span class=\"aioseo-breadcrumb-separator\">&raquo;<\/span><span class=\"aioseo-breadcrumb\">\n\t\t\t<a href=\"https:\/\/elbeaterio.es\/index.php\/category\/temporadas-anteriores\/\" title=\"Temporadas anteriores\">Temporadas anteriores<\/a>\n\t\t<\/span><span class=\"aioseo-breadcrumb-separator\">&raquo;<\/span><span class=\"aioseo-breadcrumb\">\n\t\t\t<a href=\"https:\/\/elbeaterio.es\/index.php\/category\/temporadas-anteriores\/gastronomia\/\" title=\"A mesa puesta (2007-2014)\">A mesa puesta (2007-2014)<\/a>\n\t\t<\/span><span class=\"aioseo-breadcrumb-separator\">&raquo;<\/span><span class=\"aioseo-breadcrumb\">\n\t\t\tUn paseo por el Sena (III)\n\t\t<\/span><\/div>","aioseo_breadcrumb_json":[{"label":"Hogar","link":"https:\/\/elbeaterio.es"},{"label":"Temporadas anteriores","link":"https:\/\/elbeaterio.es\/index.php\/category\/temporadas-anteriores\/"},{"label":"A mesa puesta (2007-2014)","link":"https:\/\/elbeaterio.es\/index.php\/category\/temporadas-anteriores\/gastronomia\/"},{"label":"Un paseo por el Sena (III)","link":"https:\/\/elbeaterio.es\/index.php\/2012\/02\/07\/un-paseo-por-el-sena-iii\/"}],"_links":{"self":[{"href":"https:\/\/elbeaterio.es\/index.php\/wp-json\/wp\/v2\/posts\/11","targetHints":{"allow":["GET"]}}],"collection":[{"href":"https:\/\/elbeaterio.es\/index.php\/wp-json\/wp\/v2\/posts"}],"about":[{"href":"https:\/\/elbeaterio.es\/index.php\/wp-json\/wp\/v2\/types\/post"}],"author":[{"embeddable":true,"href":"https:\/\/elbeaterio.es\/index.php\/wp-json\/wp\/v2\/users\/1"}],"replies":[{"embeddable":true,"href":"https:\/\/elbeaterio.es\/index.php\/wp-json\/wp\/v2\/comments?post=11"}],"version-history":[{"count":1,"href":"https:\/\/elbeaterio.es\/index.php\/wp-json\/wp\/v2\/posts\/11\/revisions"}],"predecessor-version":[{"id":2116,"href":"https:\/\/elbeaterio.es\/index.php\/wp-json\/wp\/v2\/posts\/11\/revisions\/2116"}],"wp:attachment":[{"href":"https:\/\/elbeaterio.es\/index.php\/wp-json\/wp\/v2\/media?parent=11"}],"wp:term":[{"taxonomy":"category","embeddable":true,"href":"https:\/\/elbeaterio.es\/index.php\/wp-json\/wp\/v2\/categories?post=11"},{"taxonomy":"post_tag","embeddable":true,"href":"https:\/\/elbeaterio.es\/index.php\/wp-json\/wp\/v2\/tags?post=11"}],"curies":[{"name":"wp","href":"https:\/\/api.w.org\/{rel}","templated":true}]}}