{"id":111,"date":"2011-09-21T07:02:49","date_gmt":"2011-09-21T07:02:49","guid":{"rendered":"http:\/\/localhost\/joomla\/2011\/09\/21\/medidas-de-seguridad\/"},"modified":"2025-05-28T20:21:45","modified_gmt":"2025-05-28T18:21:45","slug":"medidas-de-seguridad","status":"publish","type":"post","link":"https:\/\/elbeaterio.es\/index.php\/2011\/09\/21\/medidas-de-seguridad\/","title":{"rendered":"Medidas de seguridad"},"content":{"rendered":"\n<figure class=\" wp-block-table eplus-wrapper\"><table><thead><tr><th class=\"has-text-align-center\" data-align=\"center\">Real Sociedad 1-0 Granada CF<\/th><\/tr><\/thead><tbody><tr><td class=\"has-text-align-center\" data-align=\"center\">Jornada 5 Liga &#8211; 20\/09\/2011<\/td><\/tr><\/tbody><\/table><\/figure>\n\n\n\n<p class=\" eplus-wrapper\">El entrenador Montanier afirm\u00f3 antes de viajar a Sevilla que s\u00f3lo estaba pensando en el partido del S\u00e1nchez Pizju\u00e1n. Un d\u00eda despu\u00e9s, tal vez contagiado por el himno que suena en la megafon\u00eda de ese estadio, tuvo un arrebato. Agirretxe e Illarramendi se sentaron a su vera para que estuvieran frescos como lechugas en el encuentro de anoche ante el Granada. En los planes del franc\u00e9s no entraban ni la lesi\u00f3n de Xabi Prieto ni la de Carlos Mart\u00ednez, mientras que en los m\u00edos tampoco la presencia de Cadamuro como sustituto el pasado s\u00e1bado. Por un momento me quit\u00e9 de encima decenas de a\u00f1os y record\u00e9 aquel d\u00eda en el que un entrenador, jugando en casa, coloc\u00f3 de extremo derecho al habitual lateral izquierdo &#8220;para tapar las subidas del oponente&#8221; que jugaba en el Aurrer\u00e1 de Ond\u00e1rroa.<\/p>\n\n\n\n<!--more-->\n\n\n\n<p class=\" eplus-wrapper\"><br>Durante el tiempo que compart\u00ed clases con los alumnos de la Escuela Guipuzcoana de Entrenadores hablamos mucho de las medidas de seguridad de los equipos. Se corresponden con mecanismos de defensa, de respuesta ante las dificultades que el oponente crea para conseguir sus objetivos. Cada vez que un preparador hace un cambio, env\u00eda un mensaje a su gente. Si eliges a Cadamuro para sustituir a tu mejor pasador, a un futbolista creativo cuando falta tanto para el final, informas que toca defender. Resultante: ni un tiro a puerta entre los tres palos durante noventa minutos y derrota.<\/p>\n\n\n\n<p class=\" eplus-wrapper\">No es una cr\u00edtica negativa al entrenador, sino una constataci\u00f3n de sus decisiones. El t\u00e9cnico dispon\u00eda de informaci\u00f3n suficiente del rival como para jug\u00e1rsela y quemar las naves en una batalla cuyo resultado final, por tradici\u00f3n, era previsible. A\u00f1ades adem\u00e1s que estamos en una semana de tres partidos en siete d\u00edas y comprendes que el encuentro de anoche en Anoeta ante el Granada val\u00eda m\u00e1s. Ganar era un objetivo nada despreciable. Para empezar, a Demidov le subi\u00f3 la fiebre, a Ansotegi le llamaron por sorpresa y a Llorente le volvieron a dejar donde menos le gusta y no se entiende. Las necesidades le obligaron a cambiar de alineci\u00f3n. Cost\u00f3 jugar bien y crear peligro. Pero apareci\u00f3 Estrada con un zambombazo irrepetible y salv\u00f3 los muebles de un partido trabado.<\/p>\n\n\n\n<p class=\" eplus-wrapper\">Pero existen tambi\u00e9n otras decisiones que no soy capaz de comprender. Hacen referencia al conflicto que mantenemos las emisoras de radio con el club, como representante en este territorio de la LFP. Con motivo de la visita del Bar\u00e7a, tocados por la varita de la generosidad, decidieron abrirnos la puerta de la sala de prensa una vez concluido el encuentro. Pudieron entrar dos personas por medio que recogieron los testimonios de los protagonistas en una noche que tardaremos en olvidar. Las razones que se argumentaron entonces fueron unas llamadas &#8220;medidas de seguridad&#8221;.<\/p>\n\n\n\n<p class=\" eplus-wrapper\">Diez d\u00edas m\u00e1s tarde cambia el cromo. Los periodistas que trabajan en las emisoras no entran a ninguna parte, ni siquiera al garaje en el que se guardan los coches. Para entrevistar a los jugadores \u00edbamos a esperar en la calle a que salieran por la rampa y en medio de la oscuridad de la noche sacar micr\u00f3fonos, apelar a su generosidad y pedirles con respeto y educaci\u00f3n que nos atendieran. Eso s\u00ed, rodeados de aficionados que desean hacerse fotos, pedir aut\u00f3grafos o disfrutar con el nuevo espect\u00e1culo que supone vernos hacer el rid\u00edculo.<\/p>\n\n\n\n<p class=\" eplus-wrapper\">Vino el Bar\u00e7a y se fueron de vareta, porque la prensa de Barcelona es muy poderosa y los jugadores m\u00e1s. Un foll\u00f3n, una revuelta o un accidente les hubiera salpicado. Para no correr riesgos, se cubrieron la espalda. Como el espect\u00e1culo anoche iba para astracanada al final nos sacaron dos futbolistas por una puerta. Aquel d\u00eda de los azulgrana a dos de mis compa\u00f1eros de Onda Vasca, sentados en localidades de la grada, les quitaron los micr\u00f3fonos incorporados a sus m\u00f3viles impidiendo que siguieran ayud\u00e1ndome en mi trabajo. En el minuto diez del segundo tiempo, un agente de seguridad, con malos modos, fue a por ellos y les requis\u00f3 el equipo y les pidi\u00f3 el DNI como si fueran delincuentes. \u00a1Hab\u00e9is hecho trampa!, les dijeron. Pero hete aqu\u00ed que el mismo d\u00eda, a pocos metros del palco presidencial, se encontraba un comentarista tan ricamente sentado haciendo lo mismo con un micr\u00f3fono de otra emisora. Con \u00e9l no se atrevieron. \u00a1Qu\u00e9 valientes!. \u00bfC\u00f3mo debo calificar y entender ese comportamiento?.<\/p>\n\n\n\n<p class=\" eplus-wrapper\">El d\u00eda del debut en Gij\u00f3n recib\u00ed un mensaje cari\u00f1oso de un consejero en el que ven\u00eda a decir que nos echaban en falta, que deseaba que se arreglara todo pronto y que&#8230; Le agradec\u00ed el detalle. Si cuento estas cosas es para que se entere, por si no lo sabe, qu\u00e9 comportamiento est\u00e1 teniendo el club con nosotros. Y que no le echen la culpa a la liga, al contrato de Mediapro, a las derivas interpretativas del mismo, ni a nadie. Que en esta torpeza la \u00fanica responsabilidad es del club, de la Real, de quienes dicen que nos quieren y comprenden. Acaban de presentar estos d\u00edas una alianza institucional de la que se sienten orgullos\u00edsimos. Paralelamente se rompen otras muy s\u00f3lidas forjadas en el tiempo. Pensaba que iba a encontrar en ellos otra actitud, otro talante. Me defraudan.<\/p>\n\n\n\n<p class=\" eplus-wrapper\">&nbsp;<\/p>\n\n\n\n<p class=\" eplus-wrapper\">&nbsp;<\/p>\n","protected":false},"excerpt":{"rendered":"<p>Real Sociedad 1-0 Granada CF Jornada 5 Liga &#8211; 20\/09\/2011 El entrenador Montanier afirm\u00f3 antes de viajar a Sevilla que s\u00f3lo estaba pensando en el partido del S\u00e1nchez Pizju\u00e1n. Un d\u00eda despu\u00e9s, tal vez contagiado por el himno que suena en la megafon\u00eda de ese estadio, tuvo un arrebato. Agirretxe e Illarramendi se sentaron a [&hellip;]<\/p>\n","protected":false},"author":1,"featured_media":8439,"comment_status":"closed","ping_status":"open","sticky":false,"template":"","format":"standard","meta":{"editor_plus_copied_stylings":"{}","_monsterinsights_skip_tracking":false,"_monsterinsights_sitenote_active":false,"_monsterinsights_sitenote_note":"","_monsterinsights_sitenote_category":0,"footnotes":""},"categories":[33],"tags":[],"class_list":["post-111","post","type-post","status-publish","format-standard","has-post-thumbnail","hentry","category-beaterios-2011-2012"],"aioseo_notices":[],"_links":{"self":[{"href":"https:\/\/elbeaterio.es\/index.php\/wp-json\/wp\/v2\/posts\/111","targetHints":{"allow":["GET"]}}],"collection":[{"href":"https:\/\/elbeaterio.es\/index.php\/wp-json\/wp\/v2\/posts"}],"about":[{"href":"https:\/\/elbeaterio.es\/index.php\/wp-json\/wp\/v2\/types\/post"}],"author":[{"embeddable":true,"href":"https:\/\/elbeaterio.es\/index.php\/wp-json\/wp\/v2\/users\/1"}],"replies":[{"embeddable":true,"href":"https:\/\/elbeaterio.es\/index.php\/wp-json\/wp\/v2\/comments?post=111"}],"version-history":[{"count":2,"href":"https:\/\/elbeaterio.es\/index.php\/wp-json\/wp\/v2\/posts\/111\/revisions"}],"predecessor-version":[{"id":8466,"href":"https:\/\/elbeaterio.es\/index.php\/wp-json\/wp\/v2\/posts\/111\/revisions\/8466"}],"wp:featuredmedia":[{"embeddable":true,"href":"https:\/\/elbeaterio.es\/index.php\/wp-json\/wp\/v2\/media\/8439"}],"wp:attachment":[{"href":"https:\/\/elbeaterio.es\/index.php\/wp-json\/wp\/v2\/media?parent=111"}],"wp:term":[{"taxonomy":"category","embeddable":true,"href":"https:\/\/elbeaterio.es\/index.php\/wp-json\/wp\/v2\/categories?post=111"},{"taxonomy":"post_tag","embeddable":true,"href":"https:\/\/elbeaterio.es\/index.php\/wp-json\/wp\/v2\/tags?post=111"}],"curies":[{"name":"wp","href":"https:\/\/api.w.org\/{rel}","templated":true}]}}