{"id":1115,"date":"2013-06-28T12:21:42","date_gmt":"2013-06-28T12:21:42","guid":{"rendered":"http:\/\/localhost\/joomla\/2013\/06\/28\/javi-gracia-se-despide-de-almeria-con-una-carta\/"},"modified":"2023-07-02T16:14:04","modified_gmt":"2023-07-02T14:14:04","slug":"javi-gracia-se-despide-de-almeria-con-una-carta","status":"publish","type":"post","link":"https:\/\/elbeaterio.es\/index.php\/2013\/06\/28\/javi-gracia-se-despide-de-almeria-con-una-carta\/","title":{"rendered":"Javi Gracia se despide de Almer\u00eda con una carta"},"content":{"rendered":"<p>Javi Gracia no continuar\u00e1 en el banquillo del Almer\u00eda como entrenador. Pese a conseguir el ascenso a Primera Divisi\u00f3n su futuro no pasa por all\u00ed. Recientemente en una entrevista que le realic\u00e9, preguntado al respecto, respondi\u00f3 sin demasiada convicci\u00f3n. Dio largas. Quer\u00eda esperar a que todo terminase. Concluido felizmente el reto, sentadas las partes en una mesa, las negociaciones se han roto y se despide.<\/p>\n<p><!--more--><\/p>\n<p>Lo hace a trav\u00e9s de una carta personal que ha publicado a trav\u00e9s de su agencia de representaci\u00f3n. Dice lo siguiente:<\/p>\n<p><em>No encuentro una mejor manera de despedirme de la UD Almer\u00eda que intentando devolver con agradecimiento todo el apoyo y cari\u00f1o recibido. Quiero dar las gracias al Presidente y familia, al cuerpo t\u00e9cnico y a todos los trabajadores del club y, sobre todo, a los jugadores. Ellos han sido los principales \u2018culpables\u2019 del ascenso. Un ascenso que merec\u00eda una afici\u00f3n de la que siempre tendr\u00e9 palabras bonitas por el afecto recibido.<\/em><\/p>\n<p><em>Ser\u00e1 imposible olvidar el a\u00f1o tan magn\u00edfico que hemos pasado tanto mi familia como yo. Nos hemos sentido como en casa desde el primer d\u00eda. Por eso quiero dejar claro que me marcho de com\u00fan acuerdo con el club. Por motivos estrictamente deportivos.<\/em><\/p>\n<p><em>Entiendo que mi ciclo en el Almer\u00eda ha llegado a su fin. Ha sido un tiempo corto, pero intenso. En el que me voy con la satisfacci\u00f3n de haber logrado juntos el objetivo.<\/em><\/p>\n<p><em>Dejo al equipo en Primera Divisi\u00f3n, una categor\u00eda en la que el Almer\u00eda siempre ha merecido estar. Y le deseo muchos m\u00e1s \u00e9xitos en el futuro.<\/em><\/p>\n<p><em>Eternamente agradecido,<\/em><\/p>\n<p><strong>Javi Gracia<\/strong><\/p>\n","protected":false},"excerpt":{"rendered":"<p>Javi Gracia no continuar\u00e1 en el banquillo del Almer\u00eda como entrenador. Pese a conseguir el ascenso a Primera Divisi\u00f3n su futuro no pasa por all\u00ed. Recientemente en una entrevista que le realic\u00e9, preguntado al respecto, respondi\u00f3 sin demasiada convicci\u00f3n. Dio largas. Quer\u00eda esperar a que todo terminase. Concluido felizmente el reto, sentadas las partes en [&hellip;]<\/p>\n","protected":false},"author":1,"featured_media":0,"comment_status":"closed","ping_status":"open","sticky":false,"template":"","format":"standard","meta":{"editor_plus_copied_stylings":"{}","_monsterinsights_skip_tracking":false,"footnotes":""},"categories":[45],"tags":[],"class_list":["post-1115","post","type-post","status-publish","format-standard","hentry","category-comentarios-2012-2013"],"aioseo_notices":[],"aioseo_head":"\n\t\t<!-- All in One SEO 5.0.0.1 - aioseo.com -->\n\t<meta name=\"description\" content=\"Javi Gracia no continuar\u00e1 en el banquillo del Almer\u00eda como entrenador. Pese a conseguir el ascenso a Primera Divisi\u00f3n su futuro no pasa por all\u00ed. Recientemente en una entrevista que le realic\u00e9, preguntado al respecto, respondi\u00f3 sin demasiada convicci\u00f3n. Dio largas. Quer\u00eda esperar a que todo terminase. Concluido felizmente el reto, sentadas las partes en\" \/>\n\t<meta name=\"robots\" content=\"max-image-preview:large\" \/>\n\t<meta name=\"author\" content=\"I\u00f1aki de Mujika\"\/>\n\t<meta name=\"google-site-verification\" content=\"OqF6EAwritiAZRpCdqm7K8ePP_ZHngiUX4qiOwdV5ls\" \/>\n\t<link rel=\"canonical\" href=\"https:\/\/elbeaterio.es\/index.php\/2013\/06\/28\/javi-gracia-se-despide-de-almeria-con-una-carta\/\" \/>\n\t<meta name=\"generator\" content=\"All in One SEO (AIOSEO) 5.0.0.1\" \/>\n\t\t<meta property=\"og:locale\" content=\"es_ES\" \/>\n\t\t<meta property=\"og:site_name\" content=\"El Beaterio de I\u00f1aki de Mujika - Blog de I\u00f1aki de Mujika. Sus beaterios en Noticias de Gipuzkoa, las entrevistas, los programas de televisi\u00f3n &quot;Tiempo real&quot;, homenajes, etc.\" \/>\n\t\t<meta property=\"og:type\" content=\"article\" \/>\n\t\t<meta property=\"og:title\" content=\"Javi Gracia se despide de Almer\u00eda con una carta - El Beaterio de I\u00f1aki de Mujika\" \/>\n\t\t<meta property=\"og:description\" content=\"Javi Gracia no continuar\u00e1 en el banquillo del Almer\u00eda como entrenador. Pese a conseguir el ascenso a Primera Divisi\u00f3n su futuro no pasa por all\u00ed. Recientemente en una entrevista que le realic\u00e9, preguntado al respecto, respondi\u00f3 sin demasiada convicci\u00f3n. Dio largas. Quer\u00eda esperar a que todo terminase. Concluido felizmente el reto, sentadas las partes en\" \/>\n\t\t<meta property=\"og:url\" content=\"https:\/\/elbeaterio.es\/index.php\/2013\/06\/28\/javi-gracia-se-despide-de-almeria-con-una-carta\/\" \/>\n\t\t<meta property=\"article:published_time\" content=\"2013-06-28T12:21:42+00:00\" \/>\n\t\t<meta property=\"article:modified_time\" content=\"2023-07-02T14:14:04+00:00\" \/>\n\t\t<meta name=\"twitter:card\" content=\"summary_large_image\" \/>\n\t\t<meta name=\"twitter:title\" content=\"Javi Gracia se despide de Almer\u00eda con una carta - El Beaterio de I\u00f1aki de Mujika\" \/>\n\t\t<meta name=\"twitter:description\" content=\"Javi Gracia no continuar\u00e1 en el banquillo del Almer\u00eda como entrenador. Pese a conseguir el ascenso a Primera Divisi\u00f3n su futuro no pasa por all\u00ed. Recientemente en una entrevista que le realic\u00e9, preguntado al respecto, respondi\u00f3 sin demasiada convicci\u00f3n. Dio largas. Quer\u00eda esperar a que todo terminase. Concluido felizmente el reto, sentadas las partes en\" \/>\n\t\t<script type=\"application\/ld+json\" class=\"aioseo-schema\">\n\t\t\t{\"@context\":\"https:\\\/\\\/schema.org\",\"@graph\":[{\"@type\":\"BlogPosting\",\"@id\":\"https:\\\/\\\/elbeaterio.es\\\/index.php\\\/2013\\\/06\\\/28\\\/javi-gracia-se-despide-de-almeria-con-una-carta\\\/#blogposting\",\"name\":\"Javi Gracia se despide de Almer\\u00eda con una carta - El Beaterio de I\\u00f1aki de Mujika\",\"headline\":\"Javi Gracia se despide de Almer\\u00eda con una carta\",\"author\":{\"@id\":\"https:\\\/\\\/elbeaterio.es\\\/index.php\\\/author\\\/ceh-mujicagmail-com\\\/#author\"},\"publisher\":{\"@id\":\"https:\\\/\\\/elbeaterio.es\\\/#person\"},\"image\":{\"@type\":\"ImageObject\",\"@id\":\"https:\\\/\\\/elbeaterio.es\\\/index.php\\\/2013\\\/06\\\/28\\\/javi-gracia-se-despide-de-almeria-con-una-carta\\\/#articleImage\",\"url\":\"https:\\\/\\\/secure.gravatar.com\\\/avatar\\\/52e148bfb67d1f33983028b354e60f197561f893059a19708944b85230c274f9?s=96&d=mm&r=g\",\"width\":96,\"height\":96,\"caption\":\"I\\u00f1aki de Mujika\"},\"datePublished\":\"2013-06-28T12:21:42+02:00\",\"dateModified\":\"2023-07-02T16:14:04+02:00\",\"inLanguage\":\"es-ES\",\"mainEntityOfPage\":{\"@id\":\"https:\\\/\\\/elbeaterio.es\\\/index.php\\\/2013\\\/06\\\/28\\\/javi-gracia-se-despide-de-almeria-con-una-carta\\\/#webpage\"},\"isPartOf\":{\"@id\":\"https:\\\/\\\/elbeaterio.es\\\/index.php\\\/2013\\\/06\\\/28\\\/javi-gracia-se-despide-de-almeria-con-una-carta\\\/#webpage\"},\"articleSection\":\"Comentarios 2012-2013\"},{\"@type\":\"BreadcrumbList\",\"@id\":\"https:\\\/\\\/elbeaterio.es\\\/index.php\\\/2013\\\/06\\\/28\\\/javi-gracia-se-despide-de-almeria-con-una-carta\\\/#breadcrumblist\",\"itemListElement\":[{\"@type\":\"ListItem\",\"@id\":\"https:\\\/\\\/elbeaterio.es#listItem\",\"position\":1,\"name\":\"Hogar\",\"item\":\"https:\\\/\\\/elbeaterio.es\",\"nextItem\":{\"@type\":\"ListItem\",\"@id\":\"https:\\\/\\\/elbeaterio.es\\\/index.php\\\/category\\\/temporadas-anteriores\\\/#listItem\",\"name\":\"Temporadas anteriores\"}},{\"@type\":\"ListItem\",\"@id\":\"https:\\\/\\\/elbeaterio.es\\\/index.php\\\/category\\\/temporadas-anteriores\\\/#listItem\",\"position\":2,\"name\":\"Temporadas anteriores\",\"item\":\"https:\\\/\\\/elbeaterio.es\\\/index.php\\\/category\\\/temporadas-anteriores\\\/\",\"nextItem\":{\"@type\":\"ListItem\",\"@id\":\"https:\\\/\\\/elbeaterio.es\\\/index.php\\\/category\\\/temporadas-anteriores\\\/comentario-del-dia\\\/#listItem\",\"name\":\"El comentario del d\\u00eda\"},\"previousItem\":{\"@type\":\"ListItem\",\"@id\":\"https:\\\/\\\/elbeaterio.es#listItem\",\"name\":\"Hogar\"}},{\"@type\":\"ListItem\",\"@id\":\"https:\\\/\\\/elbeaterio.es\\\/index.php\\\/category\\\/temporadas-anteriores\\\/comentario-del-dia\\\/#listItem\",\"position\":3,\"name\":\"El comentario del d\\u00eda\",\"item\":\"https:\\\/\\\/elbeaterio.es\\\/index.php\\\/category\\\/temporadas-anteriores\\\/comentario-del-dia\\\/\",\"nextItem\":{\"@type\":\"ListItem\",\"@id\":\"https:\\\/\\\/elbeaterio.es\\\/index.php\\\/category\\\/temporadas-anteriores\\\/comentario-del-dia\\\/comentarios-2012-2013\\\/#listItem\",\"name\":\"Comentarios 2012-2013\"},\"previousItem\":{\"@type\":\"ListItem\",\"@id\":\"https:\\\/\\\/elbeaterio.es\\\/index.php\\\/category\\\/temporadas-anteriores\\\/#listItem\",\"name\":\"Temporadas anteriores\"}},{\"@type\":\"ListItem\",\"@id\":\"https:\\\/\\\/elbeaterio.es\\\/index.php\\\/category\\\/temporadas-anteriores\\\/comentario-del-dia\\\/comentarios-2012-2013\\\/#listItem\",\"position\":4,\"name\":\"Comentarios 2012-2013\",\"item\":\"https:\\\/\\\/elbeaterio.es\\\/index.php\\\/category\\\/temporadas-anteriores\\\/comentario-del-dia\\\/comentarios-2012-2013\\\/\",\"nextItem\":{\"@type\":\"ListItem\",\"@id\":\"https:\\\/\\\/elbeaterio.es\\\/index.php\\\/2013\\\/06\\\/28\\\/javi-gracia-se-despide-de-almeria-con-una-carta\\\/#listItem\",\"name\":\"Javi Gracia se despide de Almer\\u00eda con una carta\"},\"previousItem\":{\"@type\":\"ListItem\",\"@id\":\"https:\\\/\\\/elbeaterio.es\\\/index.php\\\/category\\\/temporadas-anteriores\\\/comentario-del-dia\\\/#listItem\",\"name\":\"El comentario del d\\u00eda\"}},{\"@type\":\"ListItem\",\"@id\":\"https:\\\/\\\/elbeaterio.es\\\/index.php\\\/2013\\\/06\\\/28\\\/javi-gracia-se-despide-de-almeria-con-una-carta\\\/#listItem\",\"position\":5,\"name\":\"Javi Gracia se despide de Almer\\u00eda con una carta\",\"previousItem\":{\"@type\":\"ListItem\",\"@id\":\"https:\\\/\\\/elbeaterio.es\\\/index.php\\\/category\\\/temporadas-anteriores\\\/comentario-del-dia\\\/comentarios-2012-2013\\\/#listItem\",\"name\":\"Comentarios 2012-2013\"}}]},{\"@type\":\"Person\",\"@id\":\"https:\\\/\\\/elbeaterio.es\\\/#person\",\"name\":\"I\\u00f1aki de Mujika\",\"image\":{\"@type\":\"ImageObject\",\"@id\":\"https:\\\/\\\/elbeaterio.es\\\/index.php\\\/2013\\\/06\\\/28\\\/javi-gracia-se-despide-de-almeria-con-una-carta\\\/#personImage\",\"url\":\"https:\\\/\\\/secure.gravatar.com\\\/avatar\\\/52e148bfb67d1f33983028b354e60f197561f893059a19708944b85230c274f9?s=96&d=mm&r=g\",\"width\":96,\"height\":96,\"caption\":\"I\\u00f1aki de Mujika\"}},{\"@type\":\"Person\",\"@id\":\"https:\\\/\\\/elbeaterio.es\\\/index.php\\\/author\\\/ceh-mujicagmail-com\\\/#author\",\"url\":\"https:\\\/\\\/elbeaterio.es\\\/index.php\\\/author\\\/ceh-mujicagmail-com\\\/\",\"name\":\"I\\u00f1aki de Mujika\",\"image\":{\"@type\":\"ImageObject\",\"@id\":\"https:\\\/\\\/elbeaterio.es\\\/index.php\\\/2013\\\/06\\\/28\\\/javi-gracia-se-despide-de-almeria-con-una-carta\\\/#authorImage\",\"url\":\"https:\\\/\\\/secure.gravatar.com\\\/avatar\\\/52e148bfb67d1f33983028b354e60f197561f893059a19708944b85230c274f9?s=96&d=mm&r=g\",\"width\":96,\"height\":96,\"caption\":\"I\\u00f1aki de Mujika\"}},{\"@type\":\"WebPage\",\"@id\":\"https:\\\/\\\/elbeaterio.es\\\/index.php\\\/2013\\\/06\\\/28\\\/javi-gracia-se-despide-de-almeria-con-una-carta\\\/#webpage\",\"url\":\"https:\\\/\\\/elbeaterio.es\\\/index.php\\\/2013\\\/06\\\/28\\\/javi-gracia-se-despide-de-almeria-con-una-carta\\\/\",\"name\":\"Javi Gracia se despide de Almer\\u00eda con una carta - El Beaterio de I\\u00f1aki de Mujika\",\"description\":\"Javi Gracia no continuar\\u00e1 en el banquillo del Almer\\u00eda como entrenador. Pese a conseguir el ascenso a Primera Divisi\\u00f3n su futuro no pasa por all\\u00ed. Recientemente en una entrevista que le realic\\u00e9, preguntado al respecto, respondi\\u00f3 sin demasiada convicci\\u00f3n. Dio largas. Quer\\u00eda esperar a que todo terminase. Concluido felizmente el reto, sentadas las partes en\",\"inLanguage\":\"es-ES\",\"isPartOf\":{\"@id\":\"https:\\\/\\\/elbeaterio.es\\\/#website\"},\"breadcrumb\":{\"@id\":\"https:\\\/\\\/elbeaterio.es\\\/index.php\\\/2013\\\/06\\\/28\\\/javi-gracia-se-despide-de-almeria-con-una-carta\\\/#breadcrumblist\"},\"author\":{\"@id\":\"https:\\\/\\\/elbeaterio.es\\\/index.php\\\/author\\\/ceh-mujicagmail-com\\\/#author\"},\"creator\":{\"@id\":\"https:\\\/\\\/elbeaterio.es\\\/index.php\\\/author\\\/ceh-mujicagmail-com\\\/#author\"},\"datePublished\":\"2013-06-28T12:21:42+02:00\",\"dateModified\":\"2023-07-02T16:14:04+02:00\"},{\"@type\":\"WebSite\",\"@id\":\"https:\\\/\\\/elbeaterio.es\\\/#website\",\"url\":\"https:\\\/\\\/elbeaterio.es\\\/\",\"name\":\"El Beaterio de I\\u00f1aki de Mujika\",\"alternateName\":\"elbeaterio.es\",\"description\":\"Blog de I\\u00f1aki de Mujika. Sus beaterios en Noticias de Gipuzkoa, las entrevistas, los programas de televisi\\u00f3n \\\"Tiempo real\\\", homenajes, etc.\",\"inLanguage\":\"es-ES\",\"publisher\":{\"@id\":\"https:\\\/\\\/elbeaterio.es\\\/#person\"}}]}\n\t\t<\/script>\n\t\t<!-- All in One SEO -->\n\n","aioseo_head_json":{"title":"Javi Gracia se despide de Almer\u00eda con una carta - El Beaterio de I\u00f1aki de Mujika","description":"Javi Gracia no continuar\u00e1 en el banquillo del Almer\u00eda como entrenador. Pese a conseguir el ascenso a Primera Divisi\u00f3n su futuro no pasa por all\u00ed. Recientemente en una entrevista que le realic\u00e9, preguntado al respecto, respondi\u00f3 sin demasiada convicci\u00f3n. Dio largas. Quer\u00eda esperar a que todo terminase. Concluido felizmente el reto, sentadas las partes en","canonical_url":"https:\/\/elbeaterio.es\/index.php\/2013\/06\/28\/javi-gracia-se-despide-de-almeria-con-una-carta\/","robots":"max-image-preview:large","keywords":"","webmasterTools":{"google-site-verification":"OqF6EAwritiAZRpCdqm7K8ePP_ZHngiUX4qiOwdV5ls","miscellaneous":""},"schema":{"@context":"https:\/\/schema.org","@graph":[{"@type":"BlogPosting","@id":"https:\/\/elbeaterio.es\/index.php\/2013\/06\/28\/javi-gracia-se-despide-de-almeria-con-una-carta\/#blogposting","name":"Javi Gracia se despide de Almer\u00eda con una carta - El Beaterio de I\u00f1aki de Mujika","headline":"Javi Gracia se despide de Almer\u00eda con una carta","author":{"@id":"https:\/\/elbeaterio.es\/index.php\/author\/ceh-mujicagmail-com\/#author"},"publisher":{"@id":"https:\/\/elbeaterio.es\/#person"},"image":{"@type":"ImageObject","@id":"https:\/\/elbeaterio.es\/index.php\/2013\/06\/28\/javi-gracia-se-despide-de-almeria-con-una-carta\/#articleImage","url":"https:\/\/secure.gravatar.com\/avatar\/52e148bfb67d1f33983028b354e60f197561f893059a19708944b85230c274f9?s=96&d=mm&r=g","width":96,"height":96,"caption":"I\u00f1aki de Mujika"},"datePublished":"2013-06-28T12:21:42+02:00","dateModified":"2023-07-02T16:14:04+02:00","inLanguage":"es-ES","mainEntityOfPage":{"@id":"https:\/\/elbeaterio.es\/index.php\/2013\/06\/28\/javi-gracia-se-despide-de-almeria-con-una-carta\/#webpage"},"isPartOf":{"@id":"https:\/\/elbeaterio.es\/index.php\/2013\/06\/28\/javi-gracia-se-despide-de-almeria-con-una-carta\/#webpage"},"articleSection":"Comentarios 2012-2013"},{"@type":"BreadcrumbList","@id":"https:\/\/elbeaterio.es\/index.php\/2013\/06\/28\/javi-gracia-se-despide-de-almeria-con-una-carta\/#breadcrumblist","itemListElement":[{"@type":"ListItem","@id":"https:\/\/elbeaterio.es#listItem","position":1,"name":"Hogar","item":"https:\/\/elbeaterio.es","nextItem":{"@type":"ListItem","@id":"https:\/\/elbeaterio.es\/index.php\/category\/temporadas-anteriores\/#listItem","name":"Temporadas anteriores"}},{"@type":"ListItem","@id":"https:\/\/elbeaterio.es\/index.php\/category\/temporadas-anteriores\/#listItem","position":2,"name":"Temporadas anteriores","item":"https:\/\/elbeaterio.es\/index.php\/category\/temporadas-anteriores\/","nextItem":{"@type":"ListItem","@id":"https:\/\/elbeaterio.es\/index.php\/category\/temporadas-anteriores\/comentario-del-dia\/#listItem","name":"El comentario del d\u00eda"},"previousItem":{"@type":"ListItem","@id":"https:\/\/elbeaterio.es#listItem","name":"Hogar"}},{"@type":"ListItem","@id":"https:\/\/elbeaterio.es\/index.php\/category\/temporadas-anteriores\/comentario-del-dia\/#listItem","position":3,"name":"El comentario del d\u00eda","item":"https:\/\/elbeaterio.es\/index.php\/category\/temporadas-anteriores\/comentario-del-dia\/","nextItem":{"@type":"ListItem","@id":"https:\/\/elbeaterio.es\/index.php\/category\/temporadas-anteriores\/comentario-del-dia\/comentarios-2012-2013\/#listItem","name":"Comentarios 2012-2013"},"previousItem":{"@type":"ListItem","@id":"https:\/\/elbeaterio.es\/index.php\/category\/temporadas-anteriores\/#listItem","name":"Temporadas anteriores"}},{"@type":"ListItem","@id":"https:\/\/elbeaterio.es\/index.php\/category\/temporadas-anteriores\/comentario-del-dia\/comentarios-2012-2013\/#listItem","position":4,"name":"Comentarios 2012-2013","item":"https:\/\/elbeaterio.es\/index.php\/category\/temporadas-anteriores\/comentario-del-dia\/comentarios-2012-2013\/","nextItem":{"@type":"ListItem","@id":"https:\/\/elbeaterio.es\/index.php\/2013\/06\/28\/javi-gracia-se-despide-de-almeria-con-una-carta\/#listItem","name":"Javi Gracia se despide de Almer\u00eda con una carta"},"previousItem":{"@type":"ListItem","@id":"https:\/\/elbeaterio.es\/index.php\/category\/temporadas-anteriores\/comentario-del-dia\/#listItem","name":"El comentario del d\u00eda"}},{"@type":"ListItem","@id":"https:\/\/elbeaterio.es\/index.php\/2013\/06\/28\/javi-gracia-se-despide-de-almeria-con-una-carta\/#listItem","position":5,"name":"Javi Gracia se despide de Almer\u00eda con una carta","previousItem":{"@type":"ListItem","@id":"https:\/\/elbeaterio.es\/index.php\/category\/temporadas-anteriores\/comentario-del-dia\/comentarios-2012-2013\/#listItem","name":"Comentarios 2012-2013"}}]},{"@type":"Person","@id":"https:\/\/elbeaterio.es\/#person","name":"I\u00f1aki de Mujika","image":{"@type":"ImageObject","@id":"https:\/\/elbeaterio.es\/index.php\/2013\/06\/28\/javi-gracia-se-despide-de-almeria-con-una-carta\/#personImage","url":"https:\/\/secure.gravatar.com\/avatar\/52e148bfb67d1f33983028b354e60f197561f893059a19708944b85230c274f9?s=96&d=mm&r=g","width":96,"height":96,"caption":"I\u00f1aki de Mujika"}},{"@type":"Person","@id":"https:\/\/elbeaterio.es\/index.php\/author\/ceh-mujicagmail-com\/#author","url":"https:\/\/elbeaterio.es\/index.php\/author\/ceh-mujicagmail-com\/","name":"I\u00f1aki de Mujika","image":{"@type":"ImageObject","@id":"https:\/\/elbeaterio.es\/index.php\/2013\/06\/28\/javi-gracia-se-despide-de-almeria-con-una-carta\/#authorImage","url":"https:\/\/secure.gravatar.com\/avatar\/52e148bfb67d1f33983028b354e60f197561f893059a19708944b85230c274f9?s=96&d=mm&r=g","width":96,"height":96,"caption":"I\u00f1aki de Mujika"}},{"@type":"WebPage","@id":"https:\/\/elbeaterio.es\/index.php\/2013\/06\/28\/javi-gracia-se-despide-de-almeria-con-una-carta\/#webpage","url":"https:\/\/elbeaterio.es\/index.php\/2013\/06\/28\/javi-gracia-se-despide-de-almeria-con-una-carta\/","name":"Javi Gracia se despide de Almer\u00eda con una carta - El Beaterio de I\u00f1aki de Mujika","description":"Javi Gracia no continuar\u00e1 en el banquillo del Almer\u00eda como entrenador. Pese a conseguir el ascenso a Primera Divisi\u00f3n su futuro no pasa por all\u00ed. Recientemente en una entrevista que le realic\u00e9, preguntado al respecto, respondi\u00f3 sin demasiada convicci\u00f3n. Dio largas. Quer\u00eda esperar a que todo terminase. Concluido felizmente el reto, sentadas las partes en","inLanguage":"es-ES","isPartOf":{"@id":"https:\/\/elbeaterio.es\/#website"},"breadcrumb":{"@id":"https:\/\/elbeaterio.es\/index.php\/2013\/06\/28\/javi-gracia-se-despide-de-almeria-con-una-carta\/#breadcrumblist"},"author":{"@id":"https:\/\/elbeaterio.es\/index.php\/author\/ceh-mujicagmail-com\/#author"},"creator":{"@id":"https:\/\/elbeaterio.es\/index.php\/author\/ceh-mujicagmail-com\/#author"},"datePublished":"2013-06-28T12:21:42+02:00","dateModified":"2023-07-02T16:14:04+02:00"},{"@type":"WebSite","@id":"https:\/\/elbeaterio.es\/#website","url":"https:\/\/elbeaterio.es\/","name":"El Beaterio de I\u00f1aki de Mujika","alternateName":"elbeaterio.es","description":"Blog de I\u00f1aki de Mujika. Sus beaterios en Noticias de Gipuzkoa, las entrevistas, los programas de televisi\u00f3n \"Tiempo real\", homenajes, etc.","inLanguage":"es-ES","publisher":{"@id":"https:\/\/elbeaterio.es\/#person"}}]},"og:locale":"es_ES","og:site_name":"El Beaterio de I\u00f1aki de Mujika - Blog de I\u00f1aki de Mujika. Sus beaterios en Noticias de Gipuzkoa, las entrevistas, los programas de televisi\u00f3n &quot;Tiempo real&quot;, homenajes, etc.","og:type":"article","og:title":"Javi Gracia se despide de Almer\u00eda con una carta - El Beaterio de I\u00f1aki de Mujika","og:description":"Javi Gracia no continuar\u00e1 en el banquillo del Almer\u00eda como entrenador. Pese a conseguir el ascenso a Primera Divisi\u00f3n su futuro no pasa por all\u00ed. Recientemente en una entrevista que le realic\u00e9, preguntado al respecto, respondi\u00f3 sin demasiada convicci\u00f3n. Dio largas. Quer\u00eda esperar a que todo terminase. Concluido felizmente el reto, sentadas las partes en","og:url":"https:\/\/elbeaterio.es\/index.php\/2013\/06\/28\/javi-gracia-se-despide-de-almeria-con-una-carta\/","article:published_time":"2013-06-28T12:21:42+00:00","article:modified_time":"2023-07-02T14:14:04+00:00","twitter:card":"summary_large_image","twitter:title":"Javi Gracia se despide de Almer\u00eda con una carta - El Beaterio de I\u00f1aki de Mujika","twitter:description":"Javi Gracia no continuar\u00e1 en el banquillo del Almer\u00eda como entrenador. Pese a conseguir el ascenso a Primera Divisi\u00f3n su futuro no pasa por all\u00ed. Recientemente en una entrevista que le realic\u00e9, preguntado al respecto, respondi\u00f3 sin demasiada convicci\u00f3n. Dio largas. Quer\u00eda esperar a que todo terminase. Concluido felizmente el reto, sentadas las partes en"},"aioseo_meta_data":{"post_id":"1115","title":null,"description":null,"keywords":null,"keyphrases":null,"primary_term":null,"canonical_url":null,"og_title":null,"og_description":null,"og_object_type":"default","og_image_type":"default","og_image_url":null,"og_image_width":null,"og_image_height":null,"og_image_custom_url":null,"og_image_custom_fields":null,"og_video":null,"og_custom_url":null,"og_article_section":null,"og_article_tags":null,"twitter_use_og":false,"twitter_card":"default","twitter_image_type":"default","twitter_image_url":null,"twitter_image_custom_url":null,"twitter_image_custom_fields":null,"twitter_title":null,"twitter_description":null,"schema":{"blockGraphs":[],"customGraphs":[],"default":{"data":{"Article":[],"Course":[],"Dataset":[],"FAQPage":[],"Movie":[],"Person":[],"Product":[],"ProductReview":[],"Car":[],"Recipe":[],"Service":[],"SoftwareApplication":[],"WebPage":[]},"graphName":"","isEnabled":true},"graphs":[]},"schema_type":"default","schema_type_options":null,"pillar_content":false,"robots_default":true,"robots_noindex":false,"robots_noarchive":false,"robots_nosnippet":false,"robots_nofollow":false,"robots_noimageindex":false,"robots_noodp":false,"robots_notranslate":false,"robots_max_snippet":null,"robots_max_videopreview":null,"robots_max_imagepreview":"large","priority":null,"frequency":null,"local_seo":null,"breadcrumb_settings":null,"limit_modified_date":false,"ai":null,"created":"2024-11-16 17:12:54","updated":"2025-06-04 04:05:48","seo_analyzer_scan_date":null,"focus_keyword":null,"additional_keywords":null,"truseo_locale":null},"aioseo_breadcrumb":"<div class=\"aioseo-breadcrumbs\"><span class=\"aioseo-breadcrumb\">\n\t\t\t<a href=\"https:\/\/elbeaterio.es\" title=\"Hogar\">Hogar<\/a>\n\t\t<\/span><span class=\"aioseo-breadcrumb-separator\">&raquo;<\/span><span class=\"aioseo-breadcrumb\">\n\t\t\t<a href=\"https:\/\/elbeaterio.es\/index.php\/category\/temporadas-anteriores\/\" title=\"Temporadas anteriores\">Temporadas anteriores<\/a>\n\t\t<\/span><span class=\"aioseo-breadcrumb-separator\">&raquo;<\/span><span class=\"aioseo-breadcrumb\">\n\t\t\t<a href=\"https:\/\/elbeaterio.es\/index.php\/category\/temporadas-anteriores\/comentario-del-dia\/\" title=\"El comentario del d\u00eda\">El comentario del d\u00eda<\/a>\n\t\t<\/span><span class=\"aioseo-breadcrumb-separator\">&raquo;<\/span><span class=\"aioseo-breadcrumb\">\n\t\t\t<a href=\"https:\/\/elbeaterio.es\/index.php\/category\/temporadas-anteriores\/comentario-del-dia\/comentarios-2012-2013\/\" title=\"Comentarios 2012-2013\">Comentarios 2012-2013<\/a>\n\t\t<\/span><span class=\"aioseo-breadcrumb-separator\">&raquo;<\/span><span class=\"aioseo-breadcrumb\">\n\t\t\tJavi Gracia se despide de Almer\u00eda con una carta\n\t\t<\/span><\/div>","aioseo_breadcrumb_json":[{"label":"Hogar","link":"https:\/\/elbeaterio.es"},{"label":"Temporadas anteriores","link":"https:\/\/elbeaterio.es\/index.php\/category\/temporadas-anteriores\/"},{"label":"El comentario del d\u00eda","link":"https:\/\/elbeaterio.es\/index.php\/category\/temporadas-anteriores\/comentario-del-dia\/"},{"label":"Comentarios 2012-2013","link":"https:\/\/elbeaterio.es\/index.php\/category\/temporadas-anteriores\/comentario-del-dia\/comentarios-2012-2013\/"},{"label":"Javi Gracia se despide de Almer\u00eda con una carta","link":"https:\/\/elbeaterio.es\/index.php\/2013\/06\/28\/javi-gracia-se-despide-de-almeria-con-una-carta\/"}],"_links":{"self":[{"href":"https:\/\/elbeaterio.es\/index.php\/wp-json\/wp\/v2\/posts\/1115","targetHints":{"allow":["GET"]}}],"collection":[{"href":"https:\/\/elbeaterio.es\/index.php\/wp-json\/wp\/v2\/posts"}],"about":[{"href":"https:\/\/elbeaterio.es\/index.php\/wp-json\/wp\/v2\/types\/post"}],"author":[{"embeddable":true,"href":"https:\/\/elbeaterio.es\/index.php\/wp-json\/wp\/v2\/users\/1"}],"replies":[{"embeddable":true,"href":"https:\/\/elbeaterio.es\/index.php\/wp-json\/wp\/v2\/comments?post=1115"}],"version-history":[{"count":1,"href":"https:\/\/elbeaterio.es\/index.php\/wp-json\/wp\/v2\/posts\/1115\/revisions"}],"predecessor-version":[{"id":5428,"href":"https:\/\/elbeaterio.es\/index.php\/wp-json\/wp\/v2\/posts\/1115\/revisions\/5428"}],"wp:attachment":[{"href":"https:\/\/elbeaterio.es\/index.php\/wp-json\/wp\/v2\/media?parent=1115"}],"wp:term":[{"taxonomy":"category","embeddable":true,"href":"https:\/\/elbeaterio.es\/index.php\/wp-json\/wp\/v2\/categories?post=1115"},{"taxonomy":"post_tag","embeddable":true,"href":"https:\/\/elbeaterio.es\/index.php\/wp-json\/wp\/v2\/tags?post=1115"}],"curies":[{"name":"wp","href":"https:\/\/api.w.org\/{rel}","templated":true}]}}