{"id":1195,"date":"2013-08-18T06:18:24","date_gmt":"2013-08-18T06:18:24","guid":{"rendered":"http:\/\/localhost\/joomla\/2013\/08\/18\/el-pirata-de-la-pata-de-palo\/"},"modified":"2023-06-25T18:20:57","modified_gmt":"2023-06-25T16:20:57","slug":"el-pirata-de-la-pata-de-palo","status":"publish","type":"post","link":"https:\/\/elbeaterio.es\/index.php\/2013\/08\/18\/el-pirata-de-la-pata-de-palo\/","title":{"rendered":"El pirata de la pata de palo&#8230;"},"content":{"rendered":"\n<p class=\"has-gridlove-meta-color has-text-color has-link-color eplus-wrapper wp-elements-f48f793d77240f2b6278c39525941386\">Liga Jornada 1 &#8211; 17\/08\/2013 &#8211; Real Sociedad 2 &#8211; Getafe CF 0<\/p>\n\n\n\n<p class=\" eplus-wrapper\">Confieso que a los partidos oficiales del mes de agosto les tengo bastante paquete. En los tiempos racionales de este deporte (si alguna vez lo fueron) la liga conclu\u00eda en mayo y se reanudaba en septiembre despu\u00e9s de las regatas. Los meses de playa y olas serv\u00edan para desconectar, porque ni hab\u00eda fichajes, ni traspasos gal\u00e1cticos, ni concentraciones en la di\u00e1spora, ni torneos televisados, ni nada que rompiera la paz de la feligres\u00eda. Llegabas a la primera jornada con hambre de juego y goles.<\/p>\n\n\n\n<!--more-->\n\n\n\n<p class=\" eplus-wrapper\"><span style=\"line-height: 1.3em;\">Ahora, cuando est\u00e1s de chancletas, sombrero y gafas de sol, bermuditas y protecci\u00f3n 50 te plantan un Getafe en Anoeta muy poco cautivador. Que me perdonen los azulones, pero no. Me niego a vivir invierno con tiempo tan soleado. Menos mal que en esta ocasi\u00f3n asomaba en el inmediato horizonte un partido de ringorrango que puede mejorar la autoestima de la plantilla, su propio valor, las arcas de la entidad y el prestigio general. Pasamos en un periodo relativamente corto de recorrer Espa\u00f1a en autob\u00fas, jugando a las cuatro esquinas (Ferrol, Huelva El Ejido y Girona), a pisar continente, hablar franc\u00e9s y movilizar a todas las huestes de adhesi\u00f3n inquebrantable.<\/span><\/p>\n\n\n\n<p class=\" eplus-wrapper\"><span style=\"line-height: 1.3em;\">A \u00faltima hora, y hay que darle valor a la operaci\u00f3n, se suma al proyecto un futbolista que ha querido venir. Ignoro si ganando o dejando de ganar. Valoro el hecho de su apuesta por un proyecto. Hace tiempo, charlando con Xabi Alonso, hablamos de este chico. \u201cEs de los tuyos. Estudia psicolog\u00eda, lee una barbaridad y merece la pena. Te encantar\u00eda conocerle\u201d. De esa charla cuando menos han pasado un par de a\u00f1os. Es el tiempo que le sigo con otra mirada. No s\u00e9 si es bueno o no, si juega mejor de ancla o de enganche, si es un \u201cbox to box\u201d o la quinta esencia del juego de posesi\u00f3n. S\u00e9 que es diferente.<\/span><\/p>\n\n\n\n<p class=\" eplus-wrapper\"><span style=\"line-height: 1.3em;\">En una entrevista deliciosa en la que se hablaba poco del bal\u00f3n, le preguntaban por el valor de los psic\u00f3logos en el f\u00fatbol, y la ansiedad de los jugadores que llegan a clubes de m\u00e1xima exigencia a los que la situaci\u00f3n muchas veces les puede. Recojo su respuesta porque nos ayudar\u00e1 a descubrirle: \u201cEsos jugadores que has nombrado pasaron por situaciones de estr\u00e9s que son muy habituales. El 95% de los futbolistas de alto nivel tienen esos problemas. Yo los he tenido muchas veces. Es natural, este es un deporte con mucha exigencia. Te exigen por todas partes. Adem\u00e1s a los futbolistas tambi\u00e9n se les se\u00f1ala como iconos, como responsables de la educaci\u00f3n de los ni\u00f1os. Y todo esto teniendo que rendir en el campo donde se nos permiten pocos fallos porque estamos a un nivel muy alto.&nbsp;Esta atm\u00f3sfera crea una situaci\u00f3n de estr\u00e9s que en algunos casos estalla y en otros casos estalla un poco menos, pero todos tenemos esos problemas. Es muy raro que alguien no haya pasado por eso. No s\u00f3lo por casos similares a los que citas, incluso se pueden padecer todos a la vez. Hay jugadores que han podido lidiar mejor con ello y otros que al final la situaci\u00f3n ha terminado yendo muy lejos y su problema sale a la luz\u201d<\/span><\/p>\n\n\n\n<p class=\" eplus-wrapper\"><span style=\"line-height: 1.3em;\">Convendr\u00e1s que no es habitual encontrarte futbolistas que hagan p\u00fablica una reflexi\u00f3n de semejante calado y que se atreva a decir sin problemas lo que muchas veces sienten. Una vez en el vestuario del Real Madrid, a\u00f1os antes de que \u00e9l llegara, un psic\u00f3logo planteaba a los futbolistas recitar poes\u00eda en alto y con los pantalones bajados delante de todos los dem\u00e1s con el objetivo de humanizar y sentirse todos m\u00e1s iguales o cercanos.<\/span><\/p>\n\n\n\n<p class=\" eplus-wrapper\"><span style=\"line-height: 1.3em;\">Es dif\u00edcil imaginar una Real por esos derroteros, pero al colectivo de jugadores se suma ahora un futbolista diferente, que sintoniza con Kafka, que se sabe al dedillo los cuentos de Carver y que recitar\u00eda de memoria sin leer el papel cualquiera de los poemas de Gil de Biedma. Incluso nos recomendar\u00eda tranquilamente \u201cEl hombre sin atributos\u201d de Robert Musil y ofrecer\u00eda un rato de agradable compa\u00f1\u00eda tocando su inseparable guitarra. \u00bfEs o no es diferente?.<\/span><\/p>\n\n\n\n<p class=\" eplus-wrapper\"><span style=\"line-height: 1.3em;\">Quiso la coincidencia que su presencia se produjera ante el Getafe, uno de los equipos de su exitosa carrera. Ese era uno de los reclamos para que el partido, como te comentaba al principio, dispusiera de un puntito m\u00e1s de glamour y, tal vez, morbo. Arrasate le convoc\u00f3 el viernes para hacer grupo, sentirse pronto uno m\u00e1s y ver el partido desde el palco. Otra cosa hubiera sido precipitaci\u00f3n. Llegar\u00e1 el momento en que salte al campo, disponga de oportunidades y ense\u00f1e el abanico de su juego. Nos basta que sea \u00e9l mismo y sume. Eso s\u00ed, por muy pirata que sea, sin parche ni pata de palo.<\/span><\/p>\n\n\n\n<p class=\" eplus-wrapper\"><span style=\"line-height: 1.3em;\">Daba igual, porque los once que saltaron al terreno de juego se encargaron de recordar los tiempos recientes de eficacia con seis titulares distintos a los habituales de la pasada temporada, pero con Elustondo, algo as\u00ed como un mariscal plagado de galones que ayer se gan\u00f3 respeto como poco. Las miradas se dirig\u00edan al estilete ofensivo. Seferovic es vers\u00e1til y si lo que viene ense\u00f1ando desde su llegada se confirma en el camino ser\u00e1 un indudable acierto su fichaje. Cuando \u201cel bollo suizo\u201d marc\u00f3 el segundo, la grada se desmelen\u00f3 en euforia porque ve\u00eda cerca la victoria y la continuidad de los procesos anteriores.<\/span><\/p>\n\n\n\n<p class=\" eplus-wrapper\"><span style=\"line-height: 1.3em;\">Me alegro mucho por Jagoba Arrasate que tuvo a bien hacer debutar a un chico de la cantera, premiando la pretemporada de Gazta\u00f1aga y la actitud de Javi Ros, y dejando claro que no quiere m\u00e1s futbolistas que los que componen su plantel. Vivi\u00f3 con intensidad cada minuto del partido, hacia el interior, sin perder el paso, convencido de que es capaz de aportar un sello de distinci\u00f3n y mejora a la gente con la que convive.<\/span><\/p>\n","protected":false},"excerpt":{"rendered":"<p>Liga Jornada 1 &#8211; 17\/08\/2013 &#8211; Real Sociedad 2 &#8211; Getafe CF 0 Confieso que a los partidos oficiales del mes de agosto les tengo bastante paquete. En los tiempos racionales de este deporte (si alguna vez lo fueron) la liga conclu\u00eda en mayo y se reanudaba en septiembre despu\u00e9s de las regatas. Los meses [&hellip;]<\/p>\n","protected":false},"author":1,"featured_media":8082,"comment_status":"closed","ping_status":"open","sticky":false,"template":"","format":"standard","meta":{"editor_plus_copied_stylings":"{}","_monsterinsights_skip_tracking":false,"_monsterinsights_sitenote_active":false,"_monsterinsights_sitenote_note":"","_monsterinsights_sitenote_category":0,"footnotes":""},"categories":[39],"tags":[],"class_list":["post-1195","post","type-post","status-publish","format-standard","has-post-thumbnail","hentry","category-beaterios-2013-2014"],"aioseo_notices":[],"_links":{"self":[{"href":"https:\/\/elbeaterio.es\/index.php\/wp-json\/wp\/v2\/posts\/1195","targetHints":{"allow":["GET"]}}],"collection":[{"href":"https:\/\/elbeaterio.es\/index.php\/wp-json\/wp\/v2\/posts"}],"about":[{"href":"https:\/\/elbeaterio.es\/index.php\/wp-json\/wp\/v2\/types\/post"}],"author":[{"embeddable":true,"href":"https:\/\/elbeaterio.es\/index.php\/wp-json\/wp\/v2\/users\/1"}],"replies":[{"embeddable":true,"href":"https:\/\/elbeaterio.es\/index.php\/wp-json\/wp\/v2\/comments?post=1195"}],"version-history":[{"count":3,"href":"https:\/\/elbeaterio.es\/index.php\/wp-json\/wp\/v2\/posts\/1195\/revisions"}],"predecessor-version":[{"id":8080,"href":"https:\/\/elbeaterio.es\/index.php\/wp-json\/wp\/v2\/posts\/1195\/revisions\/8080"}],"wp:featuredmedia":[{"embeddable":true,"href":"https:\/\/elbeaterio.es\/index.php\/wp-json\/wp\/v2\/media\/8082"}],"wp:attachment":[{"href":"https:\/\/elbeaterio.es\/index.php\/wp-json\/wp\/v2\/media?parent=1195"}],"wp:term":[{"taxonomy":"category","embeddable":true,"href":"https:\/\/elbeaterio.es\/index.php\/wp-json\/wp\/v2\/categories?post=1195"},{"taxonomy":"post_tag","embeddable":true,"href":"https:\/\/elbeaterio.es\/index.php\/wp-json\/wp\/v2\/tags?post=1195"}],"curies":[{"name":"wp","href":"https:\/\/api.w.org\/{rel}","templated":true}]}}