{"id":1428,"date":"2013-10-07T18:07:13","date_gmt":"2013-10-07T18:07:13","guid":{"rendered":"http:\/\/localhost\/joomla\/2013\/10\/07\/el-sueno-de-oscar-de-paula\/"},"modified":"2023-06-22T20:03:27","modified_gmt":"2023-06-22T18:03:27","slug":"el-sueno-de-oscar-de-paula","status":"publish","type":"post","link":"https:\/\/elbeaterio.es\/index.php\/2013\/10\/07\/el-sueno-de-oscar-de-paula\/","title":{"rendered":"El sue\u00f1o de Oscar de Paula"},"content":{"rendered":"<p class=\"MsoNormal\"><span style=\"font-size: 10.0pt; font-family: 'Segoe UI';\">Conozco a \u00d3scar de Paula desde que lleg\u00f3 de Olivenza con la timidez de un juvenil que dejaba de serlo\u00a0 pero con la ilusi\u00f3n del que tiene por delante un proyecto profesional como futbolista. Delantero centro de post\u00edn fue sumando eslabones a una carrera en la que no faltaron \u00e9xitos y momentos de dificultad superados en muchas facetas de la vida, incluida una grave lesi\u00f3n de ri\u00f1\u00f3n.<\/span><\/p>\n<p><!--more--><\/p>\n<p class=\"MsoNormal\"><span style=\"font-family: 'Segoe UI'; font-size: 10pt; line-height: 1.3em;\">Defendi\u00f3 la camiseta de la Real Sociedad<\/span><span style=\"font-family: 'Segoe UI'; font-size: 10pt; line-height: 1.3em;\">\u00a0durante once temporadas, todas ellas en Primera, para continuar trayectoria en C\u00e1diz y Ponferrada, punto final del recorrido como futbolista. Llegado ese momento, cada cual trata de encontrar un nuevo camino. \u00c9l, tambi\u00e9n. Le gusta el f\u00fatbol y se ha preparado para continuar en lo que es su vida, tanto en los banquillos como en los despachos. Sue\u00f1a con ser \u00fatil y ayudar a j\u00f3venes a conseguir lo que el logr\u00f3.<\/span><\/p>\n<p class=\"MsoNormal\"><span style=\"font-family: 'Segoe UI'; font-size: 10pt; line-height: 1.3em;\">A veces el tiempo y la distancia, te hacen perder relaci\u00f3n y cercan\u00eda. Las redes sociales ayudan a recuperarlas. Y es aqu\u00ed donde he encontrado el curriculum de Oscar, cargado de t\u00edtulos, cursos y experiencias. Busca equipo, porque el suyo, Badajoz, desapareci\u00f3. Es curiosa la facilidad con la que se derrumban las historias de instituciones. Quiere un club \u201cserio\u201d en el que poder hacer lo que le gusta y \u00e9sta es su carta de presentaci\u00f3n:<\/span><span style=\"line-height: 1.3em;\">\u00a0<\/span><\/p>\n<p class=\"MsoNormal\"><span style=\"text-decoration: underline;\"><em><span style=\"font-size: 9pt; font-family: Tahoma; background-position: initial initial; background-repeat: initial initial;\">DATOS ACAD\u00c9MICOS Y FORMATIVOS:<\/span><\/em><\/span><em><span style=\"font-size: 9pt; font-family: Tahoma;\"><br \/> <span style=\"background-position: initial initial; background-repeat: initial initial;\">\u2022Licencia UEFA \u201cPRO\u201d (Nivel III). RFEF (Las Rozas). Noviembre-Diciembre 2012.<\/span><br \/> <span style=\"background-position: initial initial; background-repeat: initial initial;\">\u2022Licencia UEFA \u201cA\u201d (Nivel II). RFEF (Las Rozas). Abril 2012.<\/span><br \/> <span style=\"background-position: initial initial; background-repeat: initial initial;\">\u2022Licencia UEFA \u201cB\u201d (Nivel I). RFEF (Las Rozas). Noviembre-Diciembre 2011.<\/span><br \/> <span style=\"background-position: initial initial; background-repeat: initial initial;\">\u2022Diploma 12\u00ba CURSO DE FORMACI\u00d3N SUPERIOR DE DIRECTOR DEPORTIVO. RFEF (Las Rozas). Octubre 2011. Universidad Camilo Jos\u00e9 Cela: Especialista Universitario de Directores Deportivos.<\/span><br \/> <span style=\"background-position: initial initial; background-repeat: initial initial;\">\u20221er curso de Fisioterapia. Universidad de Le\u00f3n (Campus de Ponferrada). 2009-2010.<\/span><br \/> <span style=\"background-position: initial initial; background-repeat: initial initial;\">\u2022Acceso a la universidad para mayores de 25 a\u00f1os. UNED. Ponferrada. 2007-2008.<\/span><\/p>\n<p> <span style=\"background-position: initial initial; background-repeat: initial initial;\">EXPERIENCIA PROFESIONAL:<\/span><br \/> <span style=\"background-position: initial initial; background-repeat: initial initial;\">\u2022Entrenador Selecci\u00f3n Extreme\u00f1a Sub-12 (XXII CAMPEONATO NACIONAL SELECCIONES AUTON\u00d3MICAS SUB-12, FUTBOL<span class=\"apple-converted-space\">\u00a0<\/span>. Logro\u00f1o, Mayo 2013.<\/span><br \/> <span style=\"background-position: initial initial; background-repeat: initial initial;\">\u2022Entrenador del CD. San Roque (Alev\u00edn A) en r\u00e9gimen de Pr\u00e1cticas. Octubre 2012 \u2013 Junio 2013.<\/span><br \/> <span style=\"background-position: initial initial; background-repeat: initial initial;\">\u2022Segundo Entrenador del CD. Badajoz (2\u00aaB) en r\u00e9gimen de Pr\u00e1cticas junto a Mois\u00e9s Arteaga. Diciembre 2011 \u2013 Junio 2012.<\/span><br \/> <span style=\"background-position: initial initial; background-repeat: initial initial;\">\u2022Director Deportivo del F\u00fatbol Base del CD. Badajoz. Enero &#8211; Junio 2012 (desaparece el Club)<\/span><\/p>\n<p> <span style=\"background-position: initial initial; background-repeat: initial initial;\">IDIOMAS:<\/span><br \/> <span style=\"background-position: initial initial; background-repeat: initial initial;\">\u2022INGL\u00c9S: Nivel medio &#8211; escrito. Nivel medio- oral.<\/span><br \/> <span style=\"background-position: initial initial; background-repeat: initial initial;\">\u2022PORTUGU\u00c9S: Conocimientos b\u00e1sicos.<\/span><\/p>\n<p> <span style=\"background-position: initial initial; background-repeat: initial initial;\">INFORM\u00c1TICA:<\/span><br \/> <span style=\"background-position: initial initial; background-repeat: initial initial;\">\u2022Curso de Inform\u00e1tica: Word, Excel, Access, Power Point, Internet. San Sebasti\u00e1n. A\u00f1o 1996.<\/span><br \/> <span style=\"background-position: initial initial; background-repeat: initial initial;\">\u2022Nivel alto en Inform\u00e1tica.<\/span><\/span><\/em><\/p>\n","protected":false},"excerpt":{"rendered":"<p>Conozco a \u00d3scar de Paula desde que lleg\u00f3 de Olivenza con la timidez de un juvenil que dejaba de serlo\u00a0 pero con la ilusi\u00f3n del que tiene por delante un proyecto profesional como futbolista. Delantero centro de post\u00edn fue sumando eslabones a una carrera en la que no faltaron \u00e9xitos y momentos de dificultad superados [&hellip;]<\/p>\n","protected":false},"author":1,"featured_media":0,"comment_status":"closed","ping_status":"open","sticky":false,"template":"","format":"standard","meta":{"editor_plus_copied_stylings":"{}","_monsterinsights_skip_tracking":false,"_monsterinsights_sitenote_active":false,"_monsterinsights_sitenote_note":"","_monsterinsights_sitenote_category":0,"footnotes":""},"categories":[30],"tags":[],"class_list":["post-1428","post","type-post","status-publish","format-standard","hentry","category-comentarios-2013-2014"],"aioseo_notices":[],"_links":{"self":[{"href":"https:\/\/elbeaterio.es\/index.php\/wp-json\/wp\/v2\/posts\/1428","targetHints":{"allow":["GET"]}}],"collection":[{"href":"https:\/\/elbeaterio.es\/index.php\/wp-json\/wp\/v2\/posts"}],"about":[{"href":"https:\/\/elbeaterio.es\/index.php\/wp-json\/wp\/v2\/types\/post"}],"author":[{"embeddable":true,"href":"https:\/\/elbeaterio.es\/index.php\/wp-json\/wp\/v2\/users\/1"}],"replies":[{"embeddable":true,"href":"https:\/\/elbeaterio.es\/index.php\/wp-json\/wp\/v2\/comments?post=1428"}],"version-history":[{"count":1,"href":"https:\/\/elbeaterio.es\/index.php\/wp-json\/wp\/v2\/posts\/1428\/revisions"}],"predecessor-version":[{"id":5385,"href":"https:\/\/elbeaterio.es\/index.php\/wp-json\/wp\/v2\/posts\/1428\/revisions\/5385"}],"wp:attachment":[{"href":"https:\/\/elbeaterio.es\/index.php\/wp-json\/wp\/v2\/media?parent=1428"}],"wp:term":[{"taxonomy":"category","embeddable":true,"href":"https:\/\/elbeaterio.es\/index.php\/wp-json\/wp\/v2\/categories?post=1428"},{"taxonomy":"post_tag","embeddable":true,"href":"https:\/\/elbeaterio.es\/index.php\/wp-json\/wp\/v2\/tags?post=1428"}],"curies":[{"name":"wp","href":"https:\/\/api.w.org\/{rel}","templated":true}]}}