{"id":151,"date":"2010-10-18T10:53:14","date_gmt":"2010-10-18T10:53:14","guid":{"rendered":"http:\/\/localhost\/joomla\/2010\/10\/18\/la-braga-polar\/"},"modified":"2025-05-29T16:19:53","modified_gmt":"2025-05-29T14:19:53","slug":"la-braga-polar","status":"publish","type":"post","link":"https:\/\/elbeaterio.es\/index.php\/2010\/10\/18\/la-braga-polar\/","title":{"rendered":"La braga polar"},"content":{"rendered":"\n<figure class=\" wp-block-table eplus-wrapper\"><table><thead><tr><th class=\"has-text-align-center\" data-align=\"center\">Levante 2-1 Real Sociedad<\/th><\/tr><\/thead><tbody><tr><td class=\"has-text-align-center\" data-align=\"center\">Jornada 7 Liga &#8211; 17\/10\/2010<\/td><\/tr><\/tbody><\/table><\/figure>\n\n\n\n<p class=\" eplus-wrapper\">Los suscriptores de Noticias de Gipuzkoa pueden conseguir entre otras cosas una braga polar. Reconozco mi ignorancia. Pens\u00e9 que el sustantivo trataba de esa prenda interior femenina que las mujeres utilizan para proteger la zona privada que les pertenece. A\u00fan me sorprendi\u00f3 m\u00e1s el adjetivo. \u00bfSer\u00e1 algo nuevo en tecnolog\u00eda que permite mantener fr\u00edo el territorio?. Incluso, en la redacci\u00f3n guipuzcoana de Onda Vasca se suscit\u00f3 un debate a media ma\u00f1ana del viernes respecto a la nomenclatura de la prenda y la idoneidad de que se llame as\u00ed. La braga es braga. Y como mucho, en algunos pa\u00edses sudamericanos, pantaleta.<\/p>\n\n\n\n<!--more-->\n\n\n\n<p class=\" eplus-wrapper\"><br>Las fotos que ilustran la publicidad ofrecen la imagen de una especie de airosa bufanda, moderno <em>foulard <\/em>que cubre bien cuello y garganta. Navegu\u00e9 por internet. Busqu\u00e9 las dos palabras y aparecieron, efectivamente, como lo que ense\u00f1an posando el chico y la chica que sonr\u00eden en el anuncio de este diario. La palabra braga nunca me pareci\u00f3 est\u00e9tica. No se corresponde con esas maravillosas puntillas bordadas, con esos sugerentes encajes que los buenos amantes saben elegir cuando quieren quedar muy bien con sus parejas. Recuerdo un d\u00eda en Paris hace bastantes a\u00f1os, Un periodista deportivo guipuzcoano quer\u00eda sorprender a su novia con un regalo. Le acompa\u00f1\u00e9 a una tienda de fina lencer\u00eda francesa. La <em>madame<\/em> que nos atendi\u00f3 pensaba que est\u00e1bamos de co\u00f1a, porque le explic\u00e1bamos con gestos que quer\u00edamos un conjunto de braga y sujetador. Y luego, la talla, calculando a ojo. Elegimos un terno blanco precioso. \u00a1Experiencia irrepetible!.<\/p>\n\n\n\n<p class=\" eplus-wrapper\">Item m\u00e1s. Cuando ayer por la ma\u00f1ana me levant\u00e9 en el hotel de Valencia, encontr\u00e9 el careto en el espejo del cuarto de ba\u00f1o y comprobado el estado general que reflejaba, comprob\u00e9 sin duda: &#8220;I\u00f1aki, estas hecho una braga&#8221;. No piensen mal, que no fue porque la noche se hiciera larga y terminara en cogida, sino porque llevo a mi espaldas un trancazo que sube y baja, baja y sube, por todo mi cuerpo con una alegr\u00eda desbordante. \u00a1No quiere marcharse el inquilino!.Uff, de repente, apareci\u00f3 otra vez la prenda, aunque esta vez en plan piltrafa. Con la consabida paella incorporada al elenco nos fuimos al f\u00fatbol, quince d\u00edas despu\u00e9s de ganar al Espanyol.<\/p>\n\n\n\n<p class=\" eplus-wrapper\">Lasarte mostr\u00f3 en las declaraciones del viernes su satisfacci\u00f3n por la buena actitud, comportamiento, seriedad y entrega de sus jugadores en estas dos semanas. Hab\u00eda tiempo para preparar a conciencia el partido frente a un rival de esa que llaman &#8220;nuestra liga&#8221;. El Levante es como nosotros. Un equipo ascendido a Primera que quiere quedarse, porque se est\u00e1 mejor en esta categor\u00eda que en la innombrable. Llorente se sum\u00f3 al carro de la trascendencia y a\u00f1adi\u00f3 que en estos partidos, y en los otros, hay que salir a morir. Al m\u00edster uruguayo, como le va este mambo, se le ocurri\u00f3 contar con \u00e9l y con Tamudo, sacrificando a Zurutuza. Lo dem\u00e1s ya lo sab\u00edamos. Toma y daca. Daca y toma. Pelotazo, choques, mal terreno de juego y partido trabado. Los locales dieron dos veces. Primero, a bal\u00f3n parado. Luego, a la contra. Dos a cero. Los cambios coincidieron con la reacci\u00f3n y con la cabeza de Sarpong. Quedaba un cuarto de hora para neutralizar, pero no fue posible. El Levante nos dej\u00f3 en bragas. No s\u00e9 si polar, pero en bragas.<\/p>\n\n\n\n<p class=\" eplus-wrapper\">Nota: Despu\u00e9s de la publicidad gratuita que acabo de hacer sobre la braga polar, espero que el departamento de marketing tenga a bien enviarme una de esas prendas. En verde, si se puede. Se lo agradecer\u00e9 vivamente, porque as\u00ed proteger\u00e9 mi garganta ante el crudo invierno que se avecina y los goles que con tanto esfuerzo espero cantar para bien de la feligres\u00eda txuriurdin.<\/p>\n","protected":false},"excerpt":{"rendered":"<p>Levante 2-1 Real Sociedad Jornada 7 Liga &#8211; 17\/10\/2010 Los suscriptores de Noticias de Gipuzkoa pueden conseguir entre otras cosas una braga polar. Reconozco mi ignorancia. Pens\u00e9 que el sustantivo trataba de esa prenda interior femenina que las mujeres utilizan para proteger la zona privada que les pertenece. A\u00fan me sorprendi\u00f3 m\u00e1s el adjetivo. \u00bfSer\u00e1 [&hellip;]<\/p>\n","protected":false},"author":1,"featured_media":8528,"comment_status":"closed","ping_status":"open","sticky":false,"template":"","format":"standard","meta":{"editor_plus_copied_stylings":"{}","_monsterinsights_skip_tracking":false,"_monsterinsights_sitenote_active":false,"_monsterinsights_sitenote_note":"","_monsterinsights_sitenote_category":0,"footnotes":""},"categories":[37],"tags":[],"class_list":["post-151","post","type-post","status-publish","format-standard","has-post-thumbnail","hentry","category-beaterios-2010-2011"],"aioseo_notices":[],"_links":{"self":[{"href":"https:\/\/elbeaterio.es\/index.php\/wp-json\/wp\/v2\/posts\/151","targetHints":{"allow":["GET"]}}],"collection":[{"href":"https:\/\/elbeaterio.es\/index.php\/wp-json\/wp\/v2\/posts"}],"about":[{"href":"https:\/\/elbeaterio.es\/index.php\/wp-json\/wp\/v2\/types\/post"}],"author":[{"embeddable":true,"href":"https:\/\/elbeaterio.es\/index.php\/wp-json\/wp\/v2\/users\/1"}],"replies":[{"embeddable":true,"href":"https:\/\/elbeaterio.es\/index.php\/wp-json\/wp\/v2\/comments?post=151"}],"version-history":[{"count":3,"href":"https:\/\/elbeaterio.es\/index.php\/wp-json\/wp\/v2\/posts\/151\/revisions"}],"predecessor-version":[{"id":8541,"href":"https:\/\/elbeaterio.es\/index.php\/wp-json\/wp\/v2\/posts\/151\/revisions\/8541"}],"wp:featuredmedia":[{"embeddable":true,"href":"https:\/\/elbeaterio.es\/index.php\/wp-json\/wp\/v2\/media\/8528"}],"wp:attachment":[{"href":"https:\/\/elbeaterio.es\/index.php\/wp-json\/wp\/v2\/media?parent=151"}],"wp:term":[{"taxonomy":"category","embeddable":true,"href":"https:\/\/elbeaterio.es\/index.php\/wp-json\/wp\/v2\/categories?post=151"},{"taxonomy":"post_tag","embeddable":true,"href":"https:\/\/elbeaterio.es\/index.php\/wp-json\/wp\/v2\/tags?post=151"}],"curies":[{"name":"wp","href":"https:\/\/api.w.org\/{rel}","templated":true}]}}