{"id":153,"date":"2010-09-27T10:33:32","date_gmt":"2010-09-27T10:33:32","guid":{"rendered":"http:\/\/localhost\/joomla\/2010\/09\/27\/iel-hombre-esta-lleno-de-debilidades\/"},"modified":"2025-05-29T15:18:06","modified_gmt":"2025-05-29T13:18:06","slug":"iel-hombre-esta-lleno-de-debilidades","status":"publish","type":"post","link":"https:\/\/elbeaterio.es\/index.php\/2010\/09\/27\/iel-hombre-esta-lleno-de-debilidades\/","title":{"rendered":"\u00a1El hombre est\u00e1 lleno de debilidades!"},"content":{"rendered":"\n<figure class=\" wp-block-table eplus-wrapper\"><table><thead><tr><th class=\"has-text-align-center\" data-align=\"center\">Real Mallorca 2-0 Real Sociedad<\/th><\/tr><\/thead><tbody><tr><td class=\"has-text-align-center\" data-align=\"center\">Jornada 5 Liga &#8211; 26\/09\/2010<\/td><\/tr><\/tbody><\/table><\/figure>\n\n\n\n<p class=\" eplus-wrapper\">Estoy sentado a esta hora en una mesa del aeropuerto de Palma esperando un avi\u00f3n que me lleve a Barcelona, en donde, si todo va bien, pernoctar\u00e9. Escribo rodeado de <em>guiris<\/em> de todas las edades, m\u00e1s bien mayores, cargados de bolsas, maletas, mochilas y paquetes. Muchos de ellos llevan ensaimadas. Yo, tambi\u00e9n. Acabo de comprarme una, rellena de cabello de \u00e1ngel, y dos sobrasadas mallorquinas que tanto me gustan para untar en pan en cuanto llegue a casa. \u00a1El hombre est\u00e1 lleno de debilidades!<\/p>\n\n\n\n<!--more-->\n\n\n\n<p class=\" eplus-wrapper\">Los viajes tienen estas cosas. Adem\u00e1s de asistir a un partido de f\u00fatbol, narrarlo e interpretarlo, estas excursiones pagadas ofrecen otras opciones que dulcifican las sensaciones que se derivan de lo que pasa sobre el c\u00e9sped. Vamos, en una palabra, que si te llevas un disgusto por perder dos a cero, debes buscar alg\u00fan remedio que mitigue la decepci\u00f3n. \u00a1Son tantos a\u00f1os!<\/p>\n\n\n\n<p class=\" eplus-wrapper\">Despu\u00e9s del puntapi\u00e9 de Pamplona, llegu\u00e9 a Son Moix conviviendo con dos posibles realidades. Si Mart\u00edn Lasarte repet\u00eda equipo, libraba de culpabilidad a los que debutaron en el Reyno y perdieron. Pero, ello conllevaba jugar con fuego de quemar. Otra derrota con los mismos protagonistas har\u00eda sonar trompetas. Si el t\u00e9cnico decid\u00eda volver al clasicismo, de alg\u00fan modo demonizaba a quienes se llevaron buena parte, como dir\u00edan los navarros, del &#8220;capacico de las hostias&#8221;. En resumen, hiciera lo que hiciera, el entrenador realista no lo ten\u00eda f\u00e1cil y la deriva de tres partidos en siete d\u00edas, incluidas las rotaciones, pod\u00eda sembrar dudas.<\/p>\n\n\n\n<p class=\" eplus-wrapper\">Como la lupa iba a mirar con mimo y celo, Lasarte opt\u00f3 por lo que consideraba m\u00e1s conveniente pasando por encima de diatribas y miramientos. Es decir, alinear a los mismos que brillaron frente al Madrid. Aquel d\u00eda se debieron agotar los destellos porque el equipo de ayer en Son Moix fue m\u00e1s el \u00faltimo que aquel en que Mourinho nos elogi\u00f3. Ahora, se trata de bajar del pedestal de la tonter\u00eda, ponerse la pilas y arrear, porque no hay mejor ni m\u00e1s camino que \u00e9se. Ya s\u00e9 que quedan 33 jornadas, pero convendr\u00e1 no salirse del gui\u00f3n, ni olvidarse de la letra. Ayer regalamos un tiempo y un c\u00f3rner. La resultante, un viaje bald\u00edo y una sensaci\u00f3n triste. Como si nos hubiera entrado la debilidad.<\/p>\n\n\n\n<p class=\" eplus-wrapper\">Apunte final: el s\u00e1bado por la ma\u00f1ana fui a ver un partido de infantiles. En un equipo no pudieron alinearse unos cuantos chavales a los que no se les tramita ficha. \u00bfPor qu\u00e9? Nacidos en Francia, hijos de padres espa\u00f1oles, que viven en Hendaia, con nacionalidad espa\u00f1ola, no pueden jugar &#8220;por extranjeros&#8221;, pese a que tienen la misma nacionalidad que sus padres. Tampoco pueden jugar, por ejemplo, en la selecci\u00f3n de Aquitania, porque les consideran for\u00e1neos. Resultante: unos cuantos cr\u00edos de trece a\u00f1os, ninguno de ellos Messi, pertenecientes a varios equipos, no pueden jugar en ninguna parte. El asunto est\u00e1 en la FIFA y pueden pasar meses hasta que decidan. \u00bfAlguien puede hacer algo?<\/p>\n","protected":false},"excerpt":{"rendered":"<p>Real Mallorca 2-0 Real Sociedad Jornada 5 Liga &#8211; 26\/09\/2010 Estoy sentado a esta hora en una mesa del aeropuerto de Palma esperando un avi\u00f3n que me lleve a Barcelona, en donde, si todo va bien, pernoctar\u00e9. Escribo rodeado de guiris de todas las edades, m\u00e1s bien mayores, cargados de bolsas, maletas, mochilas y paquetes. [&hellip;]<\/p>\n","protected":false},"author":1,"featured_media":8528,"comment_status":"closed","ping_status":"open","sticky":false,"template":"","format":"standard","meta":{"editor_plus_copied_stylings":"{}","_monsterinsights_skip_tracking":false,"_monsterinsights_sitenote_active":false,"_monsterinsights_sitenote_note":"","_monsterinsights_sitenote_category":0,"footnotes":""},"categories":[37],"tags":[],"class_list":["post-153","post","type-post","status-publish","format-standard","has-post-thumbnail","hentry","category-beaterios-2010-2011"],"aioseo_notices":[],"_links":{"self":[{"href":"https:\/\/elbeaterio.es\/index.php\/wp-json\/wp\/v2\/posts\/153","targetHints":{"allow":["GET"]}}],"collection":[{"href":"https:\/\/elbeaterio.es\/index.php\/wp-json\/wp\/v2\/posts"}],"about":[{"href":"https:\/\/elbeaterio.es\/index.php\/wp-json\/wp\/v2\/types\/post"}],"author":[{"embeddable":true,"href":"https:\/\/elbeaterio.es\/index.php\/wp-json\/wp\/v2\/users\/1"}],"replies":[{"embeddable":true,"href":"https:\/\/elbeaterio.es\/index.php\/wp-json\/wp\/v2\/comments?post=153"}],"version-history":[{"count":3,"href":"https:\/\/elbeaterio.es\/index.php\/wp-json\/wp\/v2\/posts\/153\/revisions"}],"predecessor-version":[{"id":8539,"href":"https:\/\/elbeaterio.es\/index.php\/wp-json\/wp\/v2\/posts\/153\/revisions\/8539"}],"wp:featuredmedia":[{"embeddable":true,"href":"https:\/\/elbeaterio.es\/index.php\/wp-json\/wp\/v2\/media\/8528"}],"wp:attachment":[{"href":"https:\/\/elbeaterio.es\/index.php\/wp-json\/wp\/v2\/media?parent=153"}],"wp:term":[{"taxonomy":"category","embeddable":true,"href":"https:\/\/elbeaterio.es\/index.php\/wp-json\/wp\/v2\/categories?post=153"},{"taxonomy":"post_tag","embeddable":true,"href":"https:\/\/elbeaterio.es\/index.php\/wp-json\/wp\/v2\/tags?post=153"}],"curies":[{"name":"wp","href":"https:\/\/api.w.org\/{rel}","templated":true}]}}