{"id":154,"date":"2010-09-22T20:01:01","date_gmt":"2010-09-22T20:01:01","guid":{"rendered":"http:\/\/localhost\/joomla\/2010\/09\/22\/iy-el-rifle-disparo-tres-tiros\/"},"modified":"2025-05-29T15:15:30","modified_gmt":"2025-05-29T13:15:30","slug":"iy-el-rifle-disparo-tres-tiros","status":"publish","type":"post","link":"https:\/\/elbeaterio.es\/index.php\/2010\/09\/22\/iy-el-rifle-disparo-tres-tiros\/","title":{"rendered":"\u00a1Y el rifle dispar\u00f3 tres tiros&#8230;!"},"content":{"rendered":"\n<figure class=\" wp-block-table eplus-wrapper\"><table><thead><tr><th class=\"has-text-align-center\" data-align=\"center\">CA Osasuna 3-1 Real Sociedad<\/th><\/tr><\/thead><tbody><tr><td class=\"has-text-align-center\" data-align=\"center\">Jornada 4 Liga &#8211; 21\/09\/2010<\/td><\/tr><\/tbody><\/table><\/figure>\n\n\n\n<p class=\" eplus-wrapper\">Reconozco que al partido de anoche en El Sadar (me cuesta llamarle Reyno de Navarra) le ten\u00eda ganas. Pensaba y recordaba hechos y situaciones pasadas. Desde aquel d\u00eda horroroso en que firmamos casi la sentencia del descenso, no hab\u00eda vuelto al terreno osasunista. \u00bfPara qu\u00e9?. Todav\u00eda mi memoria no es fr\u00e1gil y visualiza con perfecci\u00f3n las vivencias que se acumulan en las p\u00e1ginas negras y mal escritas de la historia realista. Ayer, por obligaci\u00f3n, tocaba. Entend\u00eda que se presentaba una nueva oportunidad de confirmar por juego y resultado que estamos en el buen camino, en el de la consolidaci\u00f3n como equipo e instituci\u00f3n.<\/p>\n\n\n\n<!--more-->\n\n\n\n<p class=\" eplus-wrapper\"><br>Recuerdo que al entonces capit\u00e1n del equipo, despu\u00e9s de todo lo que nos pas\u00f3, le ped\u00ed que por favor se dejaran de acuerdos entre hermanos, de pactos de no agresi\u00f3n, porque de aquellos lodos salieron los barrizales que nos han mantenido con todas las de la ley (incluida la concursal) en Segunda Divisi\u00f3n. Limpio el edificio por dentro y por fuera, s\u00f3lo queda perseverar en las ideas y ejemplarizar a trav\u00e9s de los comportamientos. \u00a1Pobres, pero honrados!.<\/p>\n\n\n\n<p class=\" eplus-wrapper\">Ayer estaba convencido de la victoria. La Real est\u00e1 bien y los partidos que ha disputado le han servido para darse cuenta de cu\u00e1les son los caminos del \u00e9xito y cu\u00e1les los del fracaso. Le llegaba el encuentro ante los navarros como una oportunidad de sumar y hacer camino. Adem\u00e1s intu\u00eda que las aguas de los rojillos andaban turbias y que el desencuentro entre plantilla y entrenador es evidente desde hace tiempo. Cuando eso pasa, cuando los vestuarios se hartan de sus t\u00e9cnicos, comienzan los procesos, maniobras, comportamientos y resultados que terminan con el preparador en la calle. Camacho ve las cosas a su manera, dice lo que le parece y act\u00faa en funci\u00f3n de lo que siente. Muchas veces no gusta.<\/p>\n\n\n\n<p class=\" eplus-wrapper\">Con los unos convencidos y con los otros sin meter un gol todav\u00eda, Velasco Carballo dio el pitido inicial, oyendo el fragor de la grada, porque los seguidores de ambos bandos no ocultaron en ning\u00fan momento sus sentimientos. Lasarte, que anunci\u00f3 cambios, decidi\u00f3 mover tres fichas. Aranburu, sin convocar, dej\u00f3 su sitio a Elustondo. Rivas, agotado ante el Madrid, cedi\u00f3 la vacante a Markel Bergara. Entre zurdos, Sutil sali\u00f3 por Griezmann. Rotaciones e inc\u00f3gnitas, con una dupla novedosa en los pivotes.<\/p>\n\n\n\n<p class=\" eplus-wrapper\">Todo se nos puso de cara. Volvi\u00f3 a marcar Tamudo y la grada se meti\u00f3 con el presidente y el t\u00e9cnico local. Pero a partir de entonces, ni estuvimos, ni se nos esper\u00f3. Apareci\u00f3 Pandiani, sac\u00f3 el rifle y empat\u00f3 el partido. Luego, una suma de desprop\u00f3sitos que nos har\u00e1n reflexionar y seguro mejorar la actitud. Se necesita para ganar y convencer.<\/p>\n","protected":false},"excerpt":{"rendered":"<p>CA Osasuna 3-1 Real Sociedad Jornada 4 Liga &#8211; 21\/09\/2010 Reconozco que al partido de anoche en El Sadar (me cuesta llamarle Reyno de Navarra) le ten\u00eda ganas. Pensaba y recordaba hechos y situaciones pasadas. Desde aquel d\u00eda horroroso en que firmamos casi la sentencia del descenso, no hab\u00eda vuelto al terreno osasunista. \u00bfPara qu\u00e9?. [&hellip;]<\/p>\n","protected":false},"author":1,"featured_media":8528,"comment_status":"closed","ping_status":"open","sticky":false,"template":"","format":"standard","meta":{"editor_plus_copied_stylings":"{}","_monsterinsights_skip_tracking":false,"_monsterinsights_sitenote_active":false,"_monsterinsights_sitenote_note":"","_monsterinsights_sitenote_category":0,"footnotes":""},"categories":[37],"tags":[],"class_list":["post-154","post","type-post","status-publish","format-standard","has-post-thumbnail","hentry","category-beaterios-2010-2011"],"aioseo_notices":[],"_links":{"self":[{"href":"https:\/\/elbeaterio.es\/index.php\/wp-json\/wp\/v2\/posts\/154","targetHints":{"allow":["GET"]}}],"collection":[{"href":"https:\/\/elbeaterio.es\/index.php\/wp-json\/wp\/v2\/posts"}],"about":[{"href":"https:\/\/elbeaterio.es\/index.php\/wp-json\/wp\/v2\/types\/post"}],"author":[{"embeddable":true,"href":"https:\/\/elbeaterio.es\/index.php\/wp-json\/wp\/v2\/users\/1"}],"replies":[{"embeddable":true,"href":"https:\/\/elbeaterio.es\/index.php\/wp-json\/wp\/v2\/comments?post=154"}],"version-history":[{"count":2,"href":"https:\/\/elbeaterio.es\/index.php\/wp-json\/wp\/v2\/posts\/154\/revisions"}],"predecessor-version":[{"id":8535,"href":"https:\/\/elbeaterio.es\/index.php\/wp-json\/wp\/v2\/posts\/154\/revisions\/8535"}],"wp:featuredmedia":[{"embeddable":true,"href":"https:\/\/elbeaterio.es\/index.php\/wp-json\/wp\/v2\/media\/8528"}],"wp:attachment":[{"href":"https:\/\/elbeaterio.es\/index.php\/wp-json\/wp\/v2\/media?parent=154"}],"wp:term":[{"taxonomy":"category","embeddable":true,"href":"https:\/\/elbeaterio.es\/index.php\/wp-json\/wp\/v2\/categories?post=154"},{"taxonomy":"post_tag","embeddable":true,"href":"https:\/\/elbeaterio.es\/index.php\/wp-json\/wp\/v2\/tags?post=154"}],"curies":[{"name":"wp","href":"https:\/\/api.w.org\/{rel}","templated":true}]}}