{"id":1785,"date":"2014-01-02T18:31:11","date_gmt":"2014-01-02T18:31:11","guid":{"rendered":"http:\/\/localhost\/joomla\/2014\/01\/02\/la-fundacion-euskadi-completa-el-cuadro\/"},"modified":"2023-06-22T20:03:26","modified_gmt":"2023-06-22T18:03:26","slug":"la-fundacion-euskadi-completa-el-cuadro","status":"publish","type":"post","link":"https:\/\/elbeaterio.es\/index.php\/2014\/01\/02\/la-fundacion-euskadi-completa-el-cuadro\/","title":{"rendered":"La Fundaci\u00f3n Euskadi completa el cuadro"},"content":{"rendered":"<p>La Fundaci\u00f3n Ciclista Euskadi completa el cuadro de corredores y directores con los que afrontar\u00e1 la competici\u00f3n en el 2014. Cierra la plantilla con Gorka Gerrikagoitia, ya exdirector de Euskaltel Euskadi, nuevo responsable t\u00e9cnico y director deportivo al que acompa\u00f1ar\u00e1 Aritz Arberas como preparador f\u00edsico.<\/p>\n<p><span style=\"line-height: 1.3em;\">A ellos se suman tres corredores que estaban sin equipo. Miguel M\u00ednguez y Jon Aberasturi, ambos en Euskaltel y Pablo Lechuga,\u00a0corredor del Cajamar y exprofesional con el Andaluc\u00eda hasta la desparici\u00f3n en 2012 del mismo, cuya contrataci\u00f3n no concuerda con el esp\u00edritu y la filosof\u00eda de la fundaci\u00f3n.<\/span><\/p>\n<p><span style=\"line-height: 1.3em;\">Recientemente, en una carta remitida a los socios, se anunciaba el posible fichaje de este chico y las razones de \u00edndole personal que les mov\u00edan a contratarle.<\/span><\/p>\n<p>Todo se ha hecho p\u00fablico a trav\u00e9s de un comunicado de la propia Fundaci\u00f3n Ciclista Euskadi:\u00a0<\/p>\n<p>&#8220;Hoy d\u00eda 2 de enero el Equipo Euskadi cierra su plantilla con 11 corredores. La plantilla ha sido completada con 3 nuevos fichajes, adem\u00e1s de la incorporaci\u00f3n de Gorka Gerrikagoitia como Responsable T\u00e9cnico y Deportivo de la formaci\u00f3n de todas las categor\u00edas de la Fundaci\u00f3n Ciclista Euskadi. Aritz Arberas asumir\u00e1 el papel de preparador f\u00edsico.<\/p>\n<p>Los corredores han realizado esta ma\u00f1ana las primeras pruebas m\u00e9dicas y el primer entrenamiento de equipo por las carreteras vizca\u00ednas.<\/p>\n<p>Estos son los 11 ciclistas que formaran parte del nuevo Equipo Euskadi: Victor Echeverria (Naturgas Energ\u00eda), Miguel Minguez (Euskaltel), Mikel Iturria (Euskadi), Illart Zuazubiskar (Euskadi), Mikel Aristi (Euskadi), Pablo Lechuga (Cajamar), Carlos Barbero (Euskadi), Jon Larrinaga (Euskadi), Haritz Orbe (Euskadi) y Jon Aberasturi (Euskaltel).&#8221;<\/p>\n<p>Falta, suponemos que por un olvido, el nombre de Be\u00f1at Txoperena (Eki Sport Gipuzkoa) que en su d\u00eda se anunci\u00f3 como una contrataci\u00f3n de prestigio. Del mismo modo que algunos ciclistas que la pasada temporada militaban en el equipo y que ahora dejan de hacerlo como es el caso, entre otros, de Aritz Bag\u00fc\u00e9s o Unai Iparragirre.<\/p>\n<p>\u00a0<\/p>\n","protected":false},"excerpt":{"rendered":"<p>La Fundaci\u00f3n Ciclista Euskadi completa el cuadro de corredores y directores con los que afrontar\u00e1 la competici\u00f3n en el 2014. Cierra la plantilla con Gorka Gerrikagoitia, ya exdirector de Euskaltel Euskadi, nuevo responsable t\u00e9cnico y director deportivo al que acompa\u00f1ar\u00e1 Aritz Arberas como preparador f\u00edsico. A ellos se suman tres corredores que estaban sin equipo. [&hellip;]<\/p>\n","protected":false},"author":1,"featured_media":0,"comment_status":"closed","ping_status":"open","sticky":false,"template":"","format":"standard","meta":{"editor_plus_copied_stylings":"{}","_monsterinsights_skip_tracking":false,"footnotes":""},"categories":[30],"tags":[],"class_list":["post-1785","post","type-post","status-publish","format-standard","hentry","category-comentarios-2013-2014"],"aioseo_notices":[],"aioseo_head":"\n\t\t<!-- All in One SEO 5.0.0.1 - aioseo.com -->\n\t<meta name=\"description\" content=\"La Fundaci\u00f3n Ciclista Euskadi completa el cuadro de corredores y directores con los que afrontar\u00e1 la competici\u00f3n en el 2014. Cierra la plantilla con Gorka Gerrikagoitia, ya exdirector de Euskaltel Euskadi, nuevo responsable t\u00e9cnico y director deportivo al que acompa\u00f1ar\u00e1 Aritz Arberas como preparador f\u00edsico. A ellos se suman tres corredores que estaban sin equipo.\" \/>\n\t<meta name=\"robots\" content=\"max-image-preview:large\" \/>\n\t<meta name=\"author\" content=\"I\u00f1aki de Mujika\"\/>\n\t<meta name=\"google-site-verification\" content=\"OqF6EAwritiAZRpCdqm7K8ePP_ZHngiUX4qiOwdV5ls\" \/>\n\t<link rel=\"canonical\" href=\"https:\/\/elbeaterio.es\/index.php\/2014\/01\/02\/la-fundacion-euskadi-completa-el-cuadro\/\" \/>\n\t<meta name=\"generator\" content=\"All in One SEO (AIOSEO) 5.0.0.1\" \/>\n\t\t<meta property=\"og:locale\" content=\"es_ES\" \/>\n\t\t<meta property=\"og:site_name\" content=\"El Beaterio de I\u00f1aki de Mujika - Blog de I\u00f1aki de Mujika. Sus beaterios en Noticias de Gipuzkoa, las entrevistas, los programas de televisi\u00f3n &quot;Tiempo real&quot;, homenajes, etc.\" \/>\n\t\t<meta property=\"og:type\" content=\"article\" \/>\n\t\t<meta property=\"og:title\" content=\"La Fundaci\u00f3n Euskadi completa el cuadro - El Beaterio de I\u00f1aki de Mujika\" \/>\n\t\t<meta property=\"og:description\" content=\"La Fundaci\u00f3n Ciclista Euskadi completa el cuadro de corredores y directores con los que afrontar\u00e1 la competici\u00f3n en el 2014. Cierra la plantilla con Gorka Gerrikagoitia, ya exdirector de Euskaltel Euskadi, nuevo responsable t\u00e9cnico y director deportivo al que acompa\u00f1ar\u00e1 Aritz Arberas como preparador f\u00edsico. A ellos se suman tres corredores que estaban sin equipo.\" \/>\n\t\t<meta property=\"og:url\" content=\"https:\/\/elbeaterio.es\/index.php\/2014\/01\/02\/la-fundacion-euskadi-completa-el-cuadro\/\" \/>\n\t\t<meta property=\"article:published_time\" content=\"2014-01-02T18:31:11+00:00\" \/>\n\t\t<meta property=\"article:modified_time\" content=\"2023-06-22T18:03:26+00:00\" \/>\n\t\t<meta name=\"twitter:card\" content=\"summary_large_image\" \/>\n\t\t<meta name=\"twitter:title\" content=\"La Fundaci\u00f3n Euskadi completa el cuadro - El Beaterio de I\u00f1aki de Mujika\" \/>\n\t\t<meta name=\"twitter:description\" content=\"La Fundaci\u00f3n Ciclista Euskadi completa el cuadro de corredores y directores con los que afrontar\u00e1 la competici\u00f3n en el 2014. Cierra la plantilla con Gorka Gerrikagoitia, ya exdirector de Euskaltel Euskadi, nuevo responsable t\u00e9cnico y director deportivo al que acompa\u00f1ar\u00e1 Aritz Arberas como preparador f\u00edsico. A ellos se suman tres corredores que estaban sin equipo.\" \/>\n\t\t<script type=\"application\/ld+json\" class=\"aioseo-schema\">\n\t\t\t{\"@context\":\"https:\\\/\\\/schema.org\",\"@graph\":[{\"@type\":\"BlogPosting\",\"@id\":\"https:\\\/\\\/elbeaterio.es\\\/index.php\\\/2014\\\/01\\\/02\\\/la-fundacion-euskadi-completa-el-cuadro\\\/#blogposting\",\"name\":\"La Fundaci\\u00f3n Euskadi completa el cuadro - El Beaterio de I\\u00f1aki de Mujika\",\"headline\":\"La Fundaci\\u00f3n Euskadi completa el cuadro\",\"author\":{\"@id\":\"https:\\\/\\\/elbeaterio.es\\\/index.php\\\/author\\\/ceh-mujicagmail-com\\\/#author\"},\"publisher\":{\"@id\":\"https:\\\/\\\/elbeaterio.es\\\/#person\"},\"image\":{\"@type\":\"ImageObject\",\"@id\":\"https:\\\/\\\/elbeaterio.es\\\/index.php\\\/2014\\\/01\\\/02\\\/la-fundacion-euskadi-completa-el-cuadro\\\/#articleImage\",\"url\":\"https:\\\/\\\/secure.gravatar.com\\\/avatar\\\/52e148bfb67d1f33983028b354e60f197561f893059a19708944b85230c274f9?s=96&d=mm&r=g\",\"width\":96,\"height\":96,\"caption\":\"I\\u00f1aki de Mujika\"},\"datePublished\":\"2014-01-02T18:31:11+02:00\",\"dateModified\":\"2023-06-22T20:03:26+02:00\",\"inLanguage\":\"es-ES\",\"mainEntityOfPage\":{\"@id\":\"https:\\\/\\\/elbeaterio.es\\\/index.php\\\/2014\\\/01\\\/02\\\/la-fundacion-euskadi-completa-el-cuadro\\\/#webpage\"},\"isPartOf\":{\"@id\":\"https:\\\/\\\/elbeaterio.es\\\/index.php\\\/2014\\\/01\\\/02\\\/la-fundacion-euskadi-completa-el-cuadro\\\/#webpage\"},\"articleSection\":\"Comentarios 2013-2014\"},{\"@type\":\"BreadcrumbList\",\"@id\":\"https:\\\/\\\/elbeaterio.es\\\/index.php\\\/2014\\\/01\\\/02\\\/la-fundacion-euskadi-completa-el-cuadro\\\/#breadcrumblist\",\"itemListElement\":[{\"@type\":\"ListItem\",\"@id\":\"https:\\\/\\\/elbeaterio.es#listItem\",\"position\":1,\"name\":\"Hogar\",\"item\":\"https:\\\/\\\/elbeaterio.es\",\"nextItem\":{\"@type\":\"ListItem\",\"@id\":\"https:\\\/\\\/elbeaterio.es\\\/index.php\\\/category\\\/temporadas-anteriores\\\/#listItem\",\"name\":\"Temporadas anteriores\"}},{\"@type\":\"ListItem\",\"@id\":\"https:\\\/\\\/elbeaterio.es\\\/index.php\\\/category\\\/temporadas-anteriores\\\/#listItem\",\"position\":2,\"name\":\"Temporadas anteriores\",\"item\":\"https:\\\/\\\/elbeaterio.es\\\/index.php\\\/category\\\/temporadas-anteriores\\\/\",\"nextItem\":{\"@type\":\"ListItem\",\"@id\":\"https:\\\/\\\/elbeaterio.es\\\/index.php\\\/category\\\/temporadas-anteriores\\\/comentario-del-dia\\\/#listItem\",\"name\":\"El comentario del d\\u00eda\"},\"previousItem\":{\"@type\":\"ListItem\",\"@id\":\"https:\\\/\\\/elbeaterio.es#listItem\",\"name\":\"Hogar\"}},{\"@type\":\"ListItem\",\"@id\":\"https:\\\/\\\/elbeaterio.es\\\/index.php\\\/category\\\/temporadas-anteriores\\\/comentario-del-dia\\\/#listItem\",\"position\":3,\"name\":\"El comentario del d\\u00eda\",\"item\":\"https:\\\/\\\/elbeaterio.es\\\/index.php\\\/category\\\/temporadas-anteriores\\\/comentario-del-dia\\\/\",\"nextItem\":{\"@type\":\"ListItem\",\"@id\":\"https:\\\/\\\/elbeaterio.es\\\/index.php\\\/category\\\/temporadas-anteriores\\\/comentario-del-dia\\\/comentarios-2013-2014\\\/#listItem\",\"name\":\"Comentarios 2013-2014\"},\"previousItem\":{\"@type\":\"ListItem\",\"@id\":\"https:\\\/\\\/elbeaterio.es\\\/index.php\\\/category\\\/temporadas-anteriores\\\/#listItem\",\"name\":\"Temporadas anteriores\"}},{\"@type\":\"ListItem\",\"@id\":\"https:\\\/\\\/elbeaterio.es\\\/index.php\\\/category\\\/temporadas-anteriores\\\/comentario-del-dia\\\/comentarios-2013-2014\\\/#listItem\",\"position\":4,\"name\":\"Comentarios 2013-2014\",\"item\":\"https:\\\/\\\/elbeaterio.es\\\/index.php\\\/category\\\/temporadas-anteriores\\\/comentario-del-dia\\\/comentarios-2013-2014\\\/\",\"nextItem\":{\"@type\":\"ListItem\",\"@id\":\"https:\\\/\\\/elbeaterio.es\\\/index.php\\\/2014\\\/01\\\/02\\\/la-fundacion-euskadi-completa-el-cuadro\\\/#listItem\",\"name\":\"La Fundaci\\u00f3n Euskadi completa el cuadro\"},\"previousItem\":{\"@type\":\"ListItem\",\"@id\":\"https:\\\/\\\/elbeaterio.es\\\/index.php\\\/category\\\/temporadas-anteriores\\\/comentario-del-dia\\\/#listItem\",\"name\":\"El comentario del d\\u00eda\"}},{\"@type\":\"ListItem\",\"@id\":\"https:\\\/\\\/elbeaterio.es\\\/index.php\\\/2014\\\/01\\\/02\\\/la-fundacion-euskadi-completa-el-cuadro\\\/#listItem\",\"position\":5,\"name\":\"La Fundaci\\u00f3n Euskadi completa el cuadro\",\"previousItem\":{\"@type\":\"ListItem\",\"@id\":\"https:\\\/\\\/elbeaterio.es\\\/index.php\\\/category\\\/temporadas-anteriores\\\/comentario-del-dia\\\/comentarios-2013-2014\\\/#listItem\",\"name\":\"Comentarios 2013-2014\"}}]},{\"@type\":\"Person\",\"@id\":\"https:\\\/\\\/elbeaterio.es\\\/#person\",\"name\":\"I\\u00f1aki de Mujika\",\"image\":{\"@type\":\"ImageObject\",\"@id\":\"https:\\\/\\\/elbeaterio.es\\\/index.php\\\/2014\\\/01\\\/02\\\/la-fundacion-euskadi-completa-el-cuadro\\\/#personImage\",\"url\":\"https:\\\/\\\/secure.gravatar.com\\\/avatar\\\/52e148bfb67d1f33983028b354e60f197561f893059a19708944b85230c274f9?s=96&d=mm&r=g\",\"width\":96,\"height\":96,\"caption\":\"I\\u00f1aki de Mujika\"}},{\"@type\":\"Person\",\"@id\":\"https:\\\/\\\/elbeaterio.es\\\/index.php\\\/author\\\/ceh-mujicagmail-com\\\/#author\",\"url\":\"https:\\\/\\\/elbeaterio.es\\\/index.php\\\/author\\\/ceh-mujicagmail-com\\\/\",\"name\":\"I\\u00f1aki de Mujika\",\"image\":{\"@type\":\"ImageObject\",\"@id\":\"https:\\\/\\\/elbeaterio.es\\\/index.php\\\/2014\\\/01\\\/02\\\/la-fundacion-euskadi-completa-el-cuadro\\\/#authorImage\",\"url\":\"https:\\\/\\\/secure.gravatar.com\\\/avatar\\\/52e148bfb67d1f33983028b354e60f197561f893059a19708944b85230c274f9?s=96&d=mm&r=g\",\"width\":96,\"height\":96,\"caption\":\"I\\u00f1aki de Mujika\"}},{\"@type\":\"WebPage\",\"@id\":\"https:\\\/\\\/elbeaterio.es\\\/index.php\\\/2014\\\/01\\\/02\\\/la-fundacion-euskadi-completa-el-cuadro\\\/#webpage\",\"url\":\"https:\\\/\\\/elbeaterio.es\\\/index.php\\\/2014\\\/01\\\/02\\\/la-fundacion-euskadi-completa-el-cuadro\\\/\",\"name\":\"La Fundaci\\u00f3n Euskadi completa el cuadro - El Beaterio de I\\u00f1aki de Mujika\",\"description\":\"La Fundaci\\u00f3n Ciclista Euskadi completa el cuadro de corredores y directores con los que afrontar\\u00e1 la competici\\u00f3n en el 2014. Cierra la plantilla con Gorka Gerrikagoitia, ya exdirector de Euskaltel Euskadi, nuevo responsable t\\u00e9cnico y director deportivo al que acompa\\u00f1ar\\u00e1 Aritz Arberas como preparador f\\u00edsico. A ellos se suman tres corredores que estaban sin equipo.\",\"inLanguage\":\"es-ES\",\"isPartOf\":{\"@id\":\"https:\\\/\\\/elbeaterio.es\\\/#website\"},\"breadcrumb\":{\"@id\":\"https:\\\/\\\/elbeaterio.es\\\/index.php\\\/2014\\\/01\\\/02\\\/la-fundacion-euskadi-completa-el-cuadro\\\/#breadcrumblist\"},\"author\":{\"@id\":\"https:\\\/\\\/elbeaterio.es\\\/index.php\\\/author\\\/ceh-mujicagmail-com\\\/#author\"},\"creator\":{\"@id\":\"https:\\\/\\\/elbeaterio.es\\\/index.php\\\/author\\\/ceh-mujicagmail-com\\\/#author\"},\"datePublished\":\"2014-01-02T18:31:11+02:00\",\"dateModified\":\"2023-06-22T20:03:26+02:00\"},{\"@type\":\"WebSite\",\"@id\":\"https:\\\/\\\/elbeaterio.es\\\/#website\",\"url\":\"https:\\\/\\\/elbeaterio.es\\\/\",\"name\":\"El Beaterio de I\\u00f1aki de Mujika\",\"alternateName\":\"elbeaterio.es\",\"description\":\"Blog de I\\u00f1aki de Mujika. Sus beaterios en Noticias de Gipuzkoa, las entrevistas, los programas de televisi\\u00f3n \\\"Tiempo real\\\", homenajes, etc.\",\"inLanguage\":\"es-ES\",\"publisher\":{\"@id\":\"https:\\\/\\\/elbeaterio.es\\\/#person\"}}]}\n\t\t<\/script>\n\t\t<!-- All in One SEO -->\n\n","aioseo_head_json":{"title":"La Fundaci\u00f3n Euskadi completa el cuadro - El Beaterio de I\u00f1aki de Mujika","description":"La Fundaci\u00f3n Ciclista Euskadi completa el cuadro de corredores y directores con los que afrontar\u00e1 la competici\u00f3n en el 2014. Cierra la plantilla con Gorka Gerrikagoitia, ya exdirector de Euskaltel Euskadi, nuevo responsable t\u00e9cnico y director deportivo al que acompa\u00f1ar\u00e1 Aritz Arberas como preparador f\u00edsico. A ellos se suman tres corredores que estaban sin equipo.","canonical_url":"https:\/\/elbeaterio.es\/index.php\/2014\/01\/02\/la-fundacion-euskadi-completa-el-cuadro\/","robots":"max-image-preview:large","keywords":"","webmasterTools":{"google-site-verification":"OqF6EAwritiAZRpCdqm7K8ePP_ZHngiUX4qiOwdV5ls","miscellaneous":""},"schema":{"@context":"https:\/\/schema.org","@graph":[{"@type":"BlogPosting","@id":"https:\/\/elbeaterio.es\/index.php\/2014\/01\/02\/la-fundacion-euskadi-completa-el-cuadro\/#blogposting","name":"La Fundaci\u00f3n Euskadi completa el cuadro - El Beaterio de I\u00f1aki de Mujika","headline":"La Fundaci\u00f3n Euskadi completa el cuadro","author":{"@id":"https:\/\/elbeaterio.es\/index.php\/author\/ceh-mujicagmail-com\/#author"},"publisher":{"@id":"https:\/\/elbeaterio.es\/#person"},"image":{"@type":"ImageObject","@id":"https:\/\/elbeaterio.es\/index.php\/2014\/01\/02\/la-fundacion-euskadi-completa-el-cuadro\/#articleImage","url":"https:\/\/secure.gravatar.com\/avatar\/52e148bfb67d1f33983028b354e60f197561f893059a19708944b85230c274f9?s=96&d=mm&r=g","width":96,"height":96,"caption":"I\u00f1aki de Mujika"},"datePublished":"2014-01-02T18:31:11+02:00","dateModified":"2023-06-22T20:03:26+02:00","inLanguage":"es-ES","mainEntityOfPage":{"@id":"https:\/\/elbeaterio.es\/index.php\/2014\/01\/02\/la-fundacion-euskadi-completa-el-cuadro\/#webpage"},"isPartOf":{"@id":"https:\/\/elbeaterio.es\/index.php\/2014\/01\/02\/la-fundacion-euskadi-completa-el-cuadro\/#webpage"},"articleSection":"Comentarios 2013-2014"},{"@type":"BreadcrumbList","@id":"https:\/\/elbeaterio.es\/index.php\/2014\/01\/02\/la-fundacion-euskadi-completa-el-cuadro\/#breadcrumblist","itemListElement":[{"@type":"ListItem","@id":"https:\/\/elbeaterio.es#listItem","position":1,"name":"Hogar","item":"https:\/\/elbeaterio.es","nextItem":{"@type":"ListItem","@id":"https:\/\/elbeaterio.es\/index.php\/category\/temporadas-anteriores\/#listItem","name":"Temporadas anteriores"}},{"@type":"ListItem","@id":"https:\/\/elbeaterio.es\/index.php\/category\/temporadas-anteriores\/#listItem","position":2,"name":"Temporadas anteriores","item":"https:\/\/elbeaterio.es\/index.php\/category\/temporadas-anteriores\/","nextItem":{"@type":"ListItem","@id":"https:\/\/elbeaterio.es\/index.php\/category\/temporadas-anteriores\/comentario-del-dia\/#listItem","name":"El comentario del d\u00eda"},"previousItem":{"@type":"ListItem","@id":"https:\/\/elbeaterio.es#listItem","name":"Hogar"}},{"@type":"ListItem","@id":"https:\/\/elbeaterio.es\/index.php\/category\/temporadas-anteriores\/comentario-del-dia\/#listItem","position":3,"name":"El comentario del d\u00eda","item":"https:\/\/elbeaterio.es\/index.php\/category\/temporadas-anteriores\/comentario-del-dia\/","nextItem":{"@type":"ListItem","@id":"https:\/\/elbeaterio.es\/index.php\/category\/temporadas-anteriores\/comentario-del-dia\/comentarios-2013-2014\/#listItem","name":"Comentarios 2013-2014"},"previousItem":{"@type":"ListItem","@id":"https:\/\/elbeaterio.es\/index.php\/category\/temporadas-anteriores\/#listItem","name":"Temporadas anteriores"}},{"@type":"ListItem","@id":"https:\/\/elbeaterio.es\/index.php\/category\/temporadas-anteriores\/comentario-del-dia\/comentarios-2013-2014\/#listItem","position":4,"name":"Comentarios 2013-2014","item":"https:\/\/elbeaterio.es\/index.php\/category\/temporadas-anteriores\/comentario-del-dia\/comentarios-2013-2014\/","nextItem":{"@type":"ListItem","@id":"https:\/\/elbeaterio.es\/index.php\/2014\/01\/02\/la-fundacion-euskadi-completa-el-cuadro\/#listItem","name":"La Fundaci\u00f3n Euskadi completa el cuadro"},"previousItem":{"@type":"ListItem","@id":"https:\/\/elbeaterio.es\/index.php\/category\/temporadas-anteriores\/comentario-del-dia\/#listItem","name":"El comentario del d\u00eda"}},{"@type":"ListItem","@id":"https:\/\/elbeaterio.es\/index.php\/2014\/01\/02\/la-fundacion-euskadi-completa-el-cuadro\/#listItem","position":5,"name":"La Fundaci\u00f3n Euskadi completa el cuadro","previousItem":{"@type":"ListItem","@id":"https:\/\/elbeaterio.es\/index.php\/category\/temporadas-anteriores\/comentario-del-dia\/comentarios-2013-2014\/#listItem","name":"Comentarios 2013-2014"}}]},{"@type":"Person","@id":"https:\/\/elbeaterio.es\/#person","name":"I\u00f1aki de Mujika","image":{"@type":"ImageObject","@id":"https:\/\/elbeaterio.es\/index.php\/2014\/01\/02\/la-fundacion-euskadi-completa-el-cuadro\/#personImage","url":"https:\/\/secure.gravatar.com\/avatar\/52e148bfb67d1f33983028b354e60f197561f893059a19708944b85230c274f9?s=96&d=mm&r=g","width":96,"height":96,"caption":"I\u00f1aki de Mujika"}},{"@type":"Person","@id":"https:\/\/elbeaterio.es\/index.php\/author\/ceh-mujicagmail-com\/#author","url":"https:\/\/elbeaterio.es\/index.php\/author\/ceh-mujicagmail-com\/","name":"I\u00f1aki de Mujika","image":{"@type":"ImageObject","@id":"https:\/\/elbeaterio.es\/index.php\/2014\/01\/02\/la-fundacion-euskadi-completa-el-cuadro\/#authorImage","url":"https:\/\/secure.gravatar.com\/avatar\/52e148bfb67d1f33983028b354e60f197561f893059a19708944b85230c274f9?s=96&d=mm&r=g","width":96,"height":96,"caption":"I\u00f1aki de Mujika"}},{"@type":"WebPage","@id":"https:\/\/elbeaterio.es\/index.php\/2014\/01\/02\/la-fundacion-euskadi-completa-el-cuadro\/#webpage","url":"https:\/\/elbeaterio.es\/index.php\/2014\/01\/02\/la-fundacion-euskadi-completa-el-cuadro\/","name":"La Fundaci\u00f3n Euskadi completa el cuadro - El Beaterio de I\u00f1aki de Mujika","description":"La Fundaci\u00f3n Ciclista Euskadi completa el cuadro de corredores y directores con los que afrontar\u00e1 la competici\u00f3n en el 2014. Cierra la plantilla con Gorka Gerrikagoitia, ya exdirector de Euskaltel Euskadi, nuevo responsable t\u00e9cnico y director deportivo al que acompa\u00f1ar\u00e1 Aritz Arberas como preparador f\u00edsico. A ellos se suman tres corredores que estaban sin equipo.","inLanguage":"es-ES","isPartOf":{"@id":"https:\/\/elbeaterio.es\/#website"},"breadcrumb":{"@id":"https:\/\/elbeaterio.es\/index.php\/2014\/01\/02\/la-fundacion-euskadi-completa-el-cuadro\/#breadcrumblist"},"author":{"@id":"https:\/\/elbeaterio.es\/index.php\/author\/ceh-mujicagmail-com\/#author"},"creator":{"@id":"https:\/\/elbeaterio.es\/index.php\/author\/ceh-mujicagmail-com\/#author"},"datePublished":"2014-01-02T18:31:11+02:00","dateModified":"2023-06-22T20:03:26+02:00"},{"@type":"WebSite","@id":"https:\/\/elbeaterio.es\/#website","url":"https:\/\/elbeaterio.es\/","name":"El Beaterio de I\u00f1aki de Mujika","alternateName":"elbeaterio.es","description":"Blog de I\u00f1aki de Mujika. Sus beaterios en Noticias de Gipuzkoa, las entrevistas, los programas de televisi\u00f3n \"Tiempo real\", homenajes, etc.","inLanguage":"es-ES","publisher":{"@id":"https:\/\/elbeaterio.es\/#person"}}]},"og:locale":"es_ES","og:site_name":"El Beaterio de I\u00f1aki de Mujika - Blog de I\u00f1aki de Mujika. Sus beaterios en Noticias de Gipuzkoa, las entrevistas, los programas de televisi\u00f3n &quot;Tiempo real&quot;, homenajes, etc.","og:type":"article","og:title":"La Fundaci\u00f3n Euskadi completa el cuadro - El Beaterio de I\u00f1aki de Mujika","og:description":"La Fundaci\u00f3n Ciclista Euskadi completa el cuadro de corredores y directores con los que afrontar\u00e1 la competici\u00f3n en el 2014. Cierra la plantilla con Gorka Gerrikagoitia, ya exdirector de Euskaltel Euskadi, nuevo responsable t\u00e9cnico y director deportivo al que acompa\u00f1ar\u00e1 Aritz Arberas como preparador f\u00edsico. A ellos se suman tres corredores que estaban sin equipo.","og:url":"https:\/\/elbeaterio.es\/index.php\/2014\/01\/02\/la-fundacion-euskadi-completa-el-cuadro\/","article:published_time":"2014-01-02T18:31:11+00:00","article:modified_time":"2023-06-22T18:03:26+00:00","twitter:card":"summary_large_image","twitter:title":"La Fundaci\u00f3n Euskadi completa el cuadro - El Beaterio de I\u00f1aki de Mujika","twitter:description":"La Fundaci\u00f3n Ciclista Euskadi completa el cuadro de corredores y directores con los que afrontar\u00e1 la competici\u00f3n en el 2014. Cierra la plantilla con Gorka Gerrikagoitia, ya exdirector de Euskaltel Euskadi, nuevo responsable t\u00e9cnico y director deportivo al que acompa\u00f1ar\u00e1 Aritz Arberas como preparador f\u00edsico. A ellos se suman tres corredores que estaban sin equipo."},"aioseo_meta_data":{"post_id":"1785","title":null,"description":null,"keywords":null,"keyphrases":null,"primary_term":null,"canonical_url":null,"og_title":null,"og_description":null,"og_object_type":"default","og_image_type":"default","og_image_url":null,"og_image_width":null,"og_image_height":null,"og_image_custom_url":null,"og_image_custom_fields":null,"og_video":null,"og_custom_url":null,"og_article_section":null,"og_article_tags":null,"twitter_use_og":false,"twitter_card":"default","twitter_image_type":"default","twitter_image_url":null,"twitter_image_custom_url":null,"twitter_image_custom_fields":null,"twitter_title":null,"twitter_description":null,"schema":{"blockGraphs":[],"customGraphs":[],"default":{"data":{"Article":[],"Course":[],"Dataset":[],"FAQPage":[],"Movie":[],"Person":[],"Product":[],"ProductReview":[],"Car":[],"Recipe":[],"Service":[],"SoftwareApplication":[],"WebPage":[]},"graphName":"","isEnabled":true},"graphs":[]},"schema_type":"default","schema_type_options":null,"pillar_content":false,"robots_default":true,"robots_noindex":false,"robots_noarchive":false,"robots_nosnippet":false,"robots_nofollow":false,"robots_noimageindex":false,"robots_noodp":false,"robots_notranslate":false,"robots_max_snippet":null,"robots_max_videopreview":null,"robots_max_imagepreview":"large","priority":null,"frequency":null,"local_seo":null,"breadcrumb_settings":null,"limit_modified_date":false,"ai":null,"created":"2024-11-16 17:30:08","updated":"2025-06-04 04:37:48","seo_analyzer_scan_date":null,"focus_keyword":null,"additional_keywords":null,"truseo_locale":null},"aioseo_breadcrumb":"<div class=\"aioseo-breadcrumbs\"><span class=\"aioseo-breadcrumb\">\n\t\t\t<a href=\"https:\/\/elbeaterio.es\" title=\"Hogar\">Hogar<\/a>\n\t\t<\/span><span class=\"aioseo-breadcrumb-separator\">&raquo;<\/span><span class=\"aioseo-breadcrumb\">\n\t\t\t<a href=\"https:\/\/elbeaterio.es\/index.php\/category\/temporadas-anteriores\/\" title=\"Temporadas anteriores\">Temporadas anteriores<\/a>\n\t\t<\/span><span class=\"aioseo-breadcrumb-separator\">&raquo;<\/span><span class=\"aioseo-breadcrumb\">\n\t\t\t<a href=\"https:\/\/elbeaterio.es\/index.php\/category\/temporadas-anteriores\/comentario-del-dia\/\" title=\"El comentario del d\u00eda\">El comentario del d\u00eda<\/a>\n\t\t<\/span><span class=\"aioseo-breadcrumb-separator\">&raquo;<\/span><span class=\"aioseo-breadcrumb\">\n\t\t\t<a href=\"https:\/\/elbeaterio.es\/index.php\/category\/temporadas-anteriores\/comentario-del-dia\/comentarios-2013-2014\/\" title=\"Comentarios 2013-2014\">Comentarios 2013-2014<\/a>\n\t\t<\/span><span class=\"aioseo-breadcrumb-separator\">&raquo;<\/span><span class=\"aioseo-breadcrumb\">\n\t\t\tLa Fundaci\u00f3n Euskadi completa el cuadro\n\t\t<\/span><\/div>","aioseo_breadcrumb_json":[{"label":"Hogar","link":"https:\/\/elbeaterio.es"},{"label":"Temporadas anteriores","link":"https:\/\/elbeaterio.es\/index.php\/category\/temporadas-anteriores\/"},{"label":"El comentario del d\u00eda","link":"https:\/\/elbeaterio.es\/index.php\/category\/temporadas-anteriores\/comentario-del-dia\/"},{"label":"Comentarios 2013-2014","link":"https:\/\/elbeaterio.es\/index.php\/category\/temporadas-anteriores\/comentario-del-dia\/comentarios-2013-2014\/"},{"label":"La Fundaci\u00f3n Euskadi completa el cuadro","link":"https:\/\/elbeaterio.es\/index.php\/2014\/01\/02\/la-fundacion-euskadi-completa-el-cuadro\/"}],"_links":{"self":[{"href":"https:\/\/elbeaterio.es\/index.php\/wp-json\/wp\/v2\/posts\/1785","targetHints":{"allow":["GET"]}}],"collection":[{"href":"https:\/\/elbeaterio.es\/index.php\/wp-json\/wp\/v2\/posts"}],"about":[{"href":"https:\/\/elbeaterio.es\/index.php\/wp-json\/wp\/v2\/types\/post"}],"author":[{"embeddable":true,"href":"https:\/\/elbeaterio.es\/index.php\/wp-json\/wp\/v2\/users\/1"}],"replies":[{"embeddable":true,"href":"https:\/\/elbeaterio.es\/index.php\/wp-json\/wp\/v2\/comments?post=1785"}],"version-history":[{"count":1,"href":"https:\/\/elbeaterio.es\/index.php\/wp-json\/wp\/v2\/posts\/1785\/revisions"}],"predecessor-version":[{"id":5344,"href":"https:\/\/elbeaterio.es\/index.php\/wp-json\/wp\/v2\/posts\/1785\/revisions\/5344"}],"wp:attachment":[{"href":"https:\/\/elbeaterio.es\/index.php\/wp-json\/wp\/v2\/media?parent=1785"}],"wp:term":[{"taxonomy":"category","embeddable":true,"href":"https:\/\/elbeaterio.es\/index.php\/wp-json\/wp\/v2\/categories?post=1785"},{"taxonomy":"post_tag","embeddable":true,"href":"https:\/\/elbeaterio.es\/index.php\/wp-json\/wp\/v2\/tags?post=1785"}],"curies":[{"name":"wp","href":"https:\/\/api.w.org\/{rel}","templated":true}]}}