{"id":1807,"date":"2014-01-05T08:18:42","date_gmt":"2014-01-05T08:18:42","guid":{"rendered":"http:\/\/localhost\/joomla\/2014\/01\/05\/el-chico-de-macon\/"},"modified":"2023-06-22T20:03:26","modified_gmt":"2023-06-22T18:03:26","slug":"el-chico-de-macon","status":"publish","type":"post","link":"https:\/\/elbeaterio.es\/index.php\/2014\/01\/05\/el-chico-de-macon\/","title":{"rendered":"El chico de M\u00e2con"},"content":{"rendered":"<p>Un d\u00eda Antoine Griezmann se equivoc\u00f3 y se fug\u00f3 de noche del hotel de concentraci\u00f3n de la selecci\u00f3n francesa sub-21 que disputaba una eliminatoria contra Noruega para el campeonato de Europa. En mitad de los dos encuentros, con otros compa\u00f1eros, cogi\u00f3 un taxi y se fue de juerga a Par\u00eds. Les pillaron y les sancionaron bastantes meses sin poder competir con su pa\u00eds. Al jugador realista en concreto hasta el pasado d\u00eda 31 de diciembre.<\/p>\n<p><!--more--><\/p>\n<p>\u00a0<\/p>\n<p>\u00bfQu\u00e9 ha sucedido en este tiempo?. \u00a0Lo fundamental es que ha crecido como futbolista, que se ha hecho con un puesto de titular indiscutible en el equipo y que se ha mostrado como un atacante eficaz. La forma de jugar, la frescura de su actitud sobre el terreno han ayudado a sumar puntos y goles en las competiciones de su equipo, tanto en liga como en Champions.<\/p>\n<p><span style=\"line-height: 1.3em;\">Un gol soberano, precisamente, en esta \u00faltima competici\u00f3n ante el Olympique de Lyon dio la vuelta al mundo e incluso ha sido elegido como el mejor hasta ahora en esa competici\u00f3n. Todo lo que hace no pasa desapercibido, ni siquiera para el seleccionador Didier Deschamps que le sigue con atenci\u00f3n pensando en la lista que debe elaborar para el pr\u00f3ximo mundial de Brasil.<\/span><\/p>\n<p><span style=\"line-height: 1.3em;\">He le\u00eddo estos d\u00edas una encuesta en un diario franc\u00e9s que pregunta a sus lectores si se debe perdonar a Griezmann lo que hizo y se debe ser uno de los integrantes de la referida lista. La respuesta es aplastante a favor del jugador con casi un 90% de apoyos.<\/span><\/p>\n<p><span style=\"line-height: 1.3em;\">Parece claro que el chico ha cambiado para bien. Vestido de Pap\u00e1 Noel se present\u00f3 hace pocos d\u00edas en el vestuario, lleno de cajas. En cada una hab\u00eda un regalo para los compa\u00f1eros a los que quiso agradecerles todo el apoyo que le brindan para poder alcanzar sus objetivos deportivos que no son otros que acudir a la cita mundialista.<\/span><\/p>\n<p><span style=\"line-height: 1.3em;\">Por tanto, los pr\u00f3ximos meses van a ser intensivos. Hasta que se conozcan los elegidos. Pase lo que pase, el de M\u00e2con est\u00e1 realizando la mejor temporada desde que milita en la Real y todo hace suponer que el pr\u00f3ximo verano ser\u00e1 movidito porque en esta l\u00ednea de progresi\u00f3n m\u00e1s de un club va a llamar a la puerta para tratar de hacerse con sus servicios. Mientras eso llega\u2026<\/span><\/p>\n","protected":false},"excerpt":{"rendered":"<p>Un d\u00eda Antoine Griezmann se equivoc\u00f3 y se fug\u00f3 de noche del hotel de concentraci\u00f3n de la selecci\u00f3n francesa sub-21 que disputaba una eliminatoria contra Noruega para el campeonato de Europa. En mitad de los dos encuentros, con otros compa\u00f1eros, cogi\u00f3 un taxi y se fue de juerga a Par\u00eds. Les pillaron y les sancionaron [&hellip;]<\/p>\n","protected":false},"author":1,"featured_media":0,"comment_status":"closed","ping_status":"open","sticky":false,"template":"","format":"standard","meta":{"editor_plus_copied_stylings":"{}","_monsterinsights_skip_tracking":false,"footnotes":""},"categories":[30],"tags":[],"class_list":["post-1807","post","type-post","status-publish","format-standard","hentry","category-comentarios-2013-2014"],"aioseo_notices":[],"aioseo_head":"\n\t\t<!-- All in One SEO 5.0.0.1 - aioseo.com -->\n\t<meta name=\"description\" content=\"Un d\u00eda Antoine Griezmann se equivoc\u00f3 y se fug\u00f3 de noche del hotel de concentraci\u00f3n de la selecci\u00f3n francesa sub-21 que disputaba una eliminatoria contra Noruega para el campeonato de Europa. En mitad de los dos encuentros, con otros compa\u00f1eros, cogi\u00f3 un taxi y se fue de juerga a Par\u00eds. Les pillaron y les sancionaron\" \/>\n\t<meta name=\"robots\" content=\"max-image-preview:large\" \/>\n\t<meta name=\"author\" content=\"I\u00f1aki de Mujika\"\/>\n\t<meta name=\"google-site-verification\" content=\"OqF6EAwritiAZRpCdqm7K8ePP_ZHngiUX4qiOwdV5ls\" \/>\n\t<link rel=\"canonical\" href=\"https:\/\/elbeaterio.es\/index.php\/2014\/01\/05\/el-chico-de-macon\/\" \/>\n\t<meta name=\"generator\" content=\"All in One SEO (AIOSEO) 5.0.0.1\" \/>\n\t\t<meta property=\"og:locale\" content=\"es_ES\" \/>\n\t\t<meta property=\"og:site_name\" content=\"El Beaterio de I\u00f1aki de Mujika - Blog de I\u00f1aki de Mujika. Sus beaterios en Noticias de Gipuzkoa, las entrevistas, los programas de televisi\u00f3n &quot;Tiempo real&quot;, homenajes, etc.\" \/>\n\t\t<meta property=\"og:type\" content=\"article\" \/>\n\t\t<meta property=\"og:title\" content=\"El chico de M\u00e2con - El Beaterio de I\u00f1aki de Mujika\" \/>\n\t\t<meta property=\"og:description\" content=\"Un d\u00eda Antoine Griezmann se equivoc\u00f3 y se fug\u00f3 de noche del hotel de concentraci\u00f3n de la selecci\u00f3n francesa sub-21 que disputaba una eliminatoria contra Noruega para el campeonato de Europa. En mitad de los dos encuentros, con otros compa\u00f1eros, cogi\u00f3 un taxi y se fue de juerga a Par\u00eds. Les pillaron y les sancionaron\" \/>\n\t\t<meta property=\"og:url\" content=\"https:\/\/elbeaterio.es\/index.php\/2014\/01\/05\/el-chico-de-macon\/\" \/>\n\t\t<meta property=\"article:published_time\" content=\"2014-01-05T08:18:42+00:00\" \/>\n\t\t<meta property=\"article:modified_time\" content=\"2023-06-22T18:03:26+00:00\" \/>\n\t\t<meta name=\"twitter:card\" content=\"summary_large_image\" \/>\n\t\t<meta name=\"twitter:title\" content=\"El chico de M\u00e2con - El Beaterio de I\u00f1aki de Mujika\" \/>\n\t\t<meta name=\"twitter:description\" content=\"Un d\u00eda Antoine Griezmann se equivoc\u00f3 y se fug\u00f3 de noche del hotel de concentraci\u00f3n de la selecci\u00f3n francesa sub-21 que disputaba una eliminatoria contra Noruega para el campeonato de Europa. En mitad de los dos encuentros, con otros compa\u00f1eros, cogi\u00f3 un taxi y se fue de juerga a Par\u00eds. Les pillaron y les sancionaron\" \/>\n\t\t<script type=\"application\/ld+json\" class=\"aioseo-schema\">\n\t\t\t{\"@context\":\"https:\\\/\\\/schema.org\",\"@graph\":[{\"@type\":\"BlogPosting\",\"@id\":\"https:\\\/\\\/elbeaterio.es\\\/index.php\\\/2014\\\/01\\\/05\\\/el-chico-de-macon\\\/#blogposting\",\"name\":\"El chico de M\\u00e2con - El Beaterio de I\\u00f1aki de Mujika\",\"headline\":\"El chico de M\\u00e2con\",\"author\":{\"@id\":\"https:\\\/\\\/elbeaterio.es\\\/index.php\\\/author\\\/ceh-mujicagmail-com\\\/#author\"},\"publisher\":{\"@id\":\"https:\\\/\\\/elbeaterio.es\\\/#person\"},\"image\":{\"@type\":\"ImageObject\",\"@id\":\"https:\\\/\\\/elbeaterio.es\\\/index.php\\\/2014\\\/01\\\/05\\\/el-chico-de-macon\\\/#articleImage\",\"url\":\"https:\\\/\\\/secure.gravatar.com\\\/avatar\\\/52e148bfb67d1f33983028b354e60f197561f893059a19708944b85230c274f9?s=96&d=mm&r=g\",\"width\":96,\"height\":96,\"caption\":\"I\\u00f1aki de Mujika\"},\"datePublished\":\"2014-01-05T08:18:42+02:00\",\"dateModified\":\"2023-06-22T20:03:26+02:00\",\"inLanguage\":\"es-ES\",\"mainEntityOfPage\":{\"@id\":\"https:\\\/\\\/elbeaterio.es\\\/index.php\\\/2014\\\/01\\\/05\\\/el-chico-de-macon\\\/#webpage\"},\"isPartOf\":{\"@id\":\"https:\\\/\\\/elbeaterio.es\\\/index.php\\\/2014\\\/01\\\/05\\\/el-chico-de-macon\\\/#webpage\"},\"articleSection\":\"Comentarios 2013-2014\"},{\"@type\":\"BreadcrumbList\",\"@id\":\"https:\\\/\\\/elbeaterio.es\\\/index.php\\\/2014\\\/01\\\/05\\\/el-chico-de-macon\\\/#breadcrumblist\",\"itemListElement\":[{\"@type\":\"ListItem\",\"@id\":\"https:\\\/\\\/elbeaterio.es#listItem\",\"position\":1,\"name\":\"Hogar\",\"item\":\"https:\\\/\\\/elbeaterio.es\",\"nextItem\":{\"@type\":\"ListItem\",\"@id\":\"https:\\\/\\\/elbeaterio.es\\\/index.php\\\/category\\\/temporadas-anteriores\\\/#listItem\",\"name\":\"Temporadas anteriores\"}},{\"@type\":\"ListItem\",\"@id\":\"https:\\\/\\\/elbeaterio.es\\\/index.php\\\/category\\\/temporadas-anteriores\\\/#listItem\",\"position\":2,\"name\":\"Temporadas anteriores\",\"item\":\"https:\\\/\\\/elbeaterio.es\\\/index.php\\\/category\\\/temporadas-anteriores\\\/\",\"nextItem\":{\"@type\":\"ListItem\",\"@id\":\"https:\\\/\\\/elbeaterio.es\\\/index.php\\\/category\\\/temporadas-anteriores\\\/comentario-del-dia\\\/#listItem\",\"name\":\"El comentario del d\\u00eda\"},\"previousItem\":{\"@type\":\"ListItem\",\"@id\":\"https:\\\/\\\/elbeaterio.es#listItem\",\"name\":\"Hogar\"}},{\"@type\":\"ListItem\",\"@id\":\"https:\\\/\\\/elbeaterio.es\\\/index.php\\\/category\\\/temporadas-anteriores\\\/comentario-del-dia\\\/#listItem\",\"position\":3,\"name\":\"El comentario del d\\u00eda\",\"item\":\"https:\\\/\\\/elbeaterio.es\\\/index.php\\\/category\\\/temporadas-anteriores\\\/comentario-del-dia\\\/\",\"nextItem\":{\"@type\":\"ListItem\",\"@id\":\"https:\\\/\\\/elbeaterio.es\\\/index.php\\\/category\\\/temporadas-anteriores\\\/comentario-del-dia\\\/comentarios-2013-2014\\\/#listItem\",\"name\":\"Comentarios 2013-2014\"},\"previousItem\":{\"@type\":\"ListItem\",\"@id\":\"https:\\\/\\\/elbeaterio.es\\\/index.php\\\/category\\\/temporadas-anteriores\\\/#listItem\",\"name\":\"Temporadas anteriores\"}},{\"@type\":\"ListItem\",\"@id\":\"https:\\\/\\\/elbeaterio.es\\\/index.php\\\/category\\\/temporadas-anteriores\\\/comentario-del-dia\\\/comentarios-2013-2014\\\/#listItem\",\"position\":4,\"name\":\"Comentarios 2013-2014\",\"item\":\"https:\\\/\\\/elbeaterio.es\\\/index.php\\\/category\\\/temporadas-anteriores\\\/comentario-del-dia\\\/comentarios-2013-2014\\\/\",\"nextItem\":{\"@type\":\"ListItem\",\"@id\":\"https:\\\/\\\/elbeaterio.es\\\/index.php\\\/2014\\\/01\\\/05\\\/el-chico-de-macon\\\/#listItem\",\"name\":\"El chico de M\\u00e2con\"},\"previousItem\":{\"@type\":\"ListItem\",\"@id\":\"https:\\\/\\\/elbeaterio.es\\\/index.php\\\/category\\\/temporadas-anteriores\\\/comentario-del-dia\\\/#listItem\",\"name\":\"El comentario del d\\u00eda\"}},{\"@type\":\"ListItem\",\"@id\":\"https:\\\/\\\/elbeaterio.es\\\/index.php\\\/2014\\\/01\\\/05\\\/el-chico-de-macon\\\/#listItem\",\"position\":5,\"name\":\"El chico de M\\u00e2con\",\"previousItem\":{\"@type\":\"ListItem\",\"@id\":\"https:\\\/\\\/elbeaterio.es\\\/index.php\\\/category\\\/temporadas-anteriores\\\/comentario-del-dia\\\/comentarios-2013-2014\\\/#listItem\",\"name\":\"Comentarios 2013-2014\"}}]},{\"@type\":\"Person\",\"@id\":\"https:\\\/\\\/elbeaterio.es\\\/#person\",\"name\":\"I\\u00f1aki de Mujika\",\"image\":{\"@type\":\"ImageObject\",\"@id\":\"https:\\\/\\\/elbeaterio.es\\\/index.php\\\/2014\\\/01\\\/05\\\/el-chico-de-macon\\\/#personImage\",\"url\":\"https:\\\/\\\/secure.gravatar.com\\\/avatar\\\/52e148bfb67d1f33983028b354e60f197561f893059a19708944b85230c274f9?s=96&d=mm&r=g\",\"width\":96,\"height\":96,\"caption\":\"I\\u00f1aki de Mujika\"}},{\"@type\":\"Person\",\"@id\":\"https:\\\/\\\/elbeaterio.es\\\/index.php\\\/author\\\/ceh-mujicagmail-com\\\/#author\",\"url\":\"https:\\\/\\\/elbeaterio.es\\\/index.php\\\/author\\\/ceh-mujicagmail-com\\\/\",\"name\":\"I\\u00f1aki de Mujika\",\"image\":{\"@type\":\"ImageObject\",\"@id\":\"https:\\\/\\\/elbeaterio.es\\\/index.php\\\/2014\\\/01\\\/05\\\/el-chico-de-macon\\\/#authorImage\",\"url\":\"https:\\\/\\\/secure.gravatar.com\\\/avatar\\\/52e148bfb67d1f33983028b354e60f197561f893059a19708944b85230c274f9?s=96&d=mm&r=g\",\"width\":96,\"height\":96,\"caption\":\"I\\u00f1aki de Mujika\"}},{\"@type\":\"WebPage\",\"@id\":\"https:\\\/\\\/elbeaterio.es\\\/index.php\\\/2014\\\/01\\\/05\\\/el-chico-de-macon\\\/#webpage\",\"url\":\"https:\\\/\\\/elbeaterio.es\\\/index.php\\\/2014\\\/01\\\/05\\\/el-chico-de-macon\\\/\",\"name\":\"El chico de M\\u00e2con - El Beaterio de I\\u00f1aki de Mujika\",\"description\":\"Un d\\u00eda Antoine Griezmann se equivoc\\u00f3 y se fug\\u00f3 de noche del hotel de concentraci\\u00f3n de la selecci\\u00f3n francesa sub-21 que disputaba una eliminatoria contra Noruega para el campeonato de Europa. En mitad de los dos encuentros, con otros compa\\u00f1eros, cogi\\u00f3 un taxi y se fue de juerga a Par\\u00eds. Les pillaron y les sancionaron\",\"inLanguage\":\"es-ES\",\"isPartOf\":{\"@id\":\"https:\\\/\\\/elbeaterio.es\\\/#website\"},\"breadcrumb\":{\"@id\":\"https:\\\/\\\/elbeaterio.es\\\/index.php\\\/2014\\\/01\\\/05\\\/el-chico-de-macon\\\/#breadcrumblist\"},\"author\":{\"@id\":\"https:\\\/\\\/elbeaterio.es\\\/index.php\\\/author\\\/ceh-mujicagmail-com\\\/#author\"},\"creator\":{\"@id\":\"https:\\\/\\\/elbeaterio.es\\\/index.php\\\/author\\\/ceh-mujicagmail-com\\\/#author\"},\"datePublished\":\"2014-01-05T08:18:42+02:00\",\"dateModified\":\"2023-06-22T20:03:26+02:00\"},{\"@type\":\"WebSite\",\"@id\":\"https:\\\/\\\/elbeaterio.es\\\/#website\",\"url\":\"https:\\\/\\\/elbeaterio.es\\\/\",\"name\":\"El Beaterio de I\\u00f1aki de Mujika\",\"alternateName\":\"elbeaterio.es\",\"description\":\"Blog de I\\u00f1aki de Mujika. Sus beaterios en Noticias de Gipuzkoa, las entrevistas, los programas de televisi\\u00f3n \\\"Tiempo real\\\", homenajes, etc.\",\"inLanguage\":\"es-ES\",\"publisher\":{\"@id\":\"https:\\\/\\\/elbeaterio.es\\\/#person\"}}]}\n\t\t<\/script>\n\t\t<!-- All in One SEO -->\n\n","aioseo_head_json":{"title":"El chico de M\u00e2con - El Beaterio de I\u00f1aki de Mujika","description":"Un d\u00eda Antoine Griezmann se equivoc\u00f3 y se fug\u00f3 de noche del hotel de concentraci\u00f3n de la selecci\u00f3n francesa sub-21 que disputaba una eliminatoria contra Noruega para el campeonato de Europa. En mitad de los dos encuentros, con otros compa\u00f1eros, cogi\u00f3 un taxi y se fue de juerga a Par\u00eds. Les pillaron y les sancionaron","canonical_url":"https:\/\/elbeaterio.es\/index.php\/2014\/01\/05\/el-chico-de-macon\/","robots":"max-image-preview:large","keywords":"","webmasterTools":{"google-site-verification":"OqF6EAwritiAZRpCdqm7K8ePP_ZHngiUX4qiOwdV5ls","miscellaneous":""},"schema":{"@context":"https:\/\/schema.org","@graph":[{"@type":"BlogPosting","@id":"https:\/\/elbeaterio.es\/index.php\/2014\/01\/05\/el-chico-de-macon\/#blogposting","name":"El chico de M\u00e2con - El Beaterio de I\u00f1aki de Mujika","headline":"El chico de M\u00e2con","author":{"@id":"https:\/\/elbeaterio.es\/index.php\/author\/ceh-mujicagmail-com\/#author"},"publisher":{"@id":"https:\/\/elbeaterio.es\/#person"},"image":{"@type":"ImageObject","@id":"https:\/\/elbeaterio.es\/index.php\/2014\/01\/05\/el-chico-de-macon\/#articleImage","url":"https:\/\/secure.gravatar.com\/avatar\/52e148bfb67d1f33983028b354e60f197561f893059a19708944b85230c274f9?s=96&d=mm&r=g","width":96,"height":96,"caption":"I\u00f1aki de Mujika"},"datePublished":"2014-01-05T08:18:42+02:00","dateModified":"2023-06-22T20:03:26+02:00","inLanguage":"es-ES","mainEntityOfPage":{"@id":"https:\/\/elbeaterio.es\/index.php\/2014\/01\/05\/el-chico-de-macon\/#webpage"},"isPartOf":{"@id":"https:\/\/elbeaterio.es\/index.php\/2014\/01\/05\/el-chico-de-macon\/#webpage"},"articleSection":"Comentarios 2013-2014"},{"@type":"BreadcrumbList","@id":"https:\/\/elbeaterio.es\/index.php\/2014\/01\/05\/el-chico-de-macon\/#breadcrumblist","itemListElement":[{"@type":"ListItem","@id":"https:\/\/elbeaterio.es#listItem","position":1,"name":"Hogar","item":"https:\/\/elbeaterio.es","nextItem":{"@type":"ListItem","@id":"https:\/\/elbeaterio.es\/index.php\/category\/temporadas-anteriores\/#listItem","name":"Temporadas anteriores"}},{"@type":"ListItem","@id":"https:\/\/elbeaterio.es\/index.php\/category\/temporadas-anteriores\/#listItem","position":2,"name":"Temporadas anteriores","item":"https:\/\/elbeaterio.es\/index.php\/category\/temporadas-anteriores\/","nextItem":{"@type":"ListItem","@id":"https:\/\/elbeaterio.es\/index.php\/category\/temporadas-anteriores\/comentario-del-dia\/#listItem","name":"El comentario del d\u00eda"},"previousItem":{"@type":"ListItem","@id":"https:\/\/elbeaterio.es#listItem","name":"Hogar"}},{"@type":"ListItem","@id":"https:\/\/elbeaterio.es\/index.php\/category\/temporadas-anteriores\/comentario-del-dia\/#listItem","position":3,"name":"El comentario del d\u00eda","item":"https:\/\/elbeaterio.es\/index.php\/category\/temporadas-anteriores\/comentario-del-dia\/","nextItem":{"@type":"ListItem","@id":"https:\/\/elbeaterio.es\/index.php\/category\/temporadas-anteriores\/comentario-del-dia\/comentarios-2013-2014\/#listItem","name":"Comentarios 2013-2014"},"previousItem":{"@type":"ListItem","@id":"https:\/\/elbeaterio.es\/index.php\/category\/temporadas-anteriores\/#listItem","name":"Temporadas anteriores"}},{"@type":"ListItem","@id":"https:\/\/elbeaterio.es\/index.php\/category\/temporadas-anteriores\/comentario-del-dia\/comentarios-2013-2014\/#listItem","position":4,"name":"Comentarios 2013-2014","item":"https:\/\/elbeaterio.es\/index.php\/category\/temporadas-anteriores\/comentario-del-dia\/comentarios-2013-2014\/","nextItem":{"@type":"ListItem","@id":"https:\/\/elbeaterio.es\/index.php\/2014\/01\/05\/el-chico-de-macon\/#listItem","name":"El chico de M\u00e2con"},"previousItem":{"@type":"ListItem","@id":"https:\/\/elbeaterio.es\/index.php\/category\/temporadas-anteriores\/comentario-del-dia\/#listItem","name":"El comentario del d\u00eda"}},{"@type":"ListItem","@id":"https:\/\/elbeaterio.es\/index.php\/2014\/01\/05\/el-chico-de-macon\/#listItem","position":5,"name":"El chico de M\u00e2con","previousItem":{"@type":"ListItem","@id":"https:\/\/elbeaterio.es\/index.php\/category\/temporadas-anteriores\/comentario-del-dia\/comentarios-2013-2014\/#listItem","name":"Comentarios 2013-2014"}}]},{"@type":"Person","@id":"https:\/\/elbeaterio.es\/#person","name":"I\u00f1aki de Mujika","image":{"@type":"ImageObject","@id":"https:\/\/elbeaterio.es\/index.php\/2014\/01\/05\/el-chico-de-macon\/#personImage","url":"https:\/\/secure.gravatar.com\/avatar\/52e148bfb67d1f33983028b354e60f197561f893059a19708944b85230c274f9?s=96&d=mm&r=g","width":96,"height":96,"caption":"I\u00f1aki de Mujika"}},{"@type":"Person","@id":"https:\/\/elbeaterio.es\/index.php\/author\/ceh-mujicagmail-com\/#author","url":"https:\/\/elbeaterio.es\/index.php\/author\/ceh-mujicagmail-com\/","name":"I\u00f1aki de Mujika","image":{"@type":"ImageObject","@id":"https:\/\/elbeaterio.es\/index.php\/2014\/01\/05\/el-chico-de-macon\/#authorImage","url":"https:\/\/secure.gravatar.com\/avatar\/52e148bfb67d1f33983028b354e60f197561f893059a19708944b85230c274f9?s=96&d=mm&r=g","width":96,"height":96,"caption":"I\u00f1aki de Mujika"}},{"@type":"WebPage","@id":"https:\/\/elbeaterio.es\/index.php\/2014\/01\/05\/el-chico-de-macon\/#webpage","url":"https:\/\/elbeaterio.es\/index.php\/2014\/01\/05\/el-chico-de-macon\/","name":"El chico de M\u00e2con - El Beaterio de I\u00f1aki de Mujika","description":"Un d\u00eda Antoine Griezmann se equivoc\u00f3 y se fug\u00f3 de noche del hotel de concentraci\u00f3n de la selecci\u00f3n francesa sub-21 que disputaba una eliminatoria contra Noruega para el campeonato de Europa. En mitad de los dos encuentros, con otros compa\u00f1eros, cogi\u00f3 un taxi y se fue de juerga a Par\u00eds. Les pillaron y les sancionaron","inLanguage":"es-ES","isPartOf":{"@id":"https:\/\/elbeaterio.es\/#website"},"breadcrumb":{"@id":"https:\/\/elbeaterio.es\/index.php\/2014\/01\/05\/el-chico-de-macon\/#breadcrumblist"},"author":{"@id":"https:\/\/elbeaterio.es\/index.php\/author\/ceh-mujicagmail-com\/#author"},"creator":{"@id":"https:\/\/elbeaterio.es\/index.php\/author\/ceh-mujicagmail-com\/#author"},"datePublished":"2014-01-05T08:18:42+02:00","dateModified":"2023-06-22T20:03:26+02:00"},{"@type":"WebSite","@id":"https:\/\/elbeaterio.es\/#website","url":"https:\/\/elbeaterio.es\/","name":"El Beaterio de I\u00f1aki de Mujika","alternateName":"elbeaterio.es","description":"Blog de I\u00f1aki de Mujika. Sus beaterios en Noticias de Gipuzkoa, las entrevistas, los programas de televisi\u00f3n \"Tiempo real\", homenajes, etc.","inLanguage":"es-ES","publisher":{"@id":"https:\/\/elbeaterio.es\/#person"}}]},"og:locale":"es_ES","og:site_name":"El Beaterio de I\u00f1aki de Mujika - Blog de I\u00f1aki de Mujika. Sus beaterios en Noticias de Gipuzkoa, las entrevistas, los programas de televisi\u00f3n &quot;Tiempo real&quot;, homenajes, etc.","og:type":"article","og:title":"El chico de M\u00e2con - El Beaterio de I\u00f1aki de Mujika","og:description":"Un d\u00eda Antoine Griezmann se equivoc\u00f3 y se fug\u00f3 de noche del hotel de concentraci\u00f3n de la selecci\u00f3n francesa sub-21 que disputaba una eliminatoria contra Noruega para el campeonato de Europa. En mitad de los dos encuentros, con otros compa\u00f1eros, cogi\u00f3 un taxi y se fue de juerga a Par\u00eds. Les pillaron y les sancionaron","og:url":"https:\/\/elbeaterio.es\/index.php\/2014\/01\/05\/el-chico-de-macon\/","article:published_time":"2014-01-05T08:18:42+00:00","article:modified_time":"2023-06-22T18:03:26+00:00","twitter:card":"summary_large_image","twitter:title":"El chico de M\u00e2con - El Beaterio de I\u00f1aki de Mujika","twitter:description":"Un d\u00eda Antoine Griezmann se equivoc\u00f3 y se fug\u00f3 de noche del hotel de concentraci\u00f3n de la selecci\u00f3n francesa sub-21 que disputaba una eliminatoria contra Noruega para el campeonato de Europa. En mitad de los dos encuentros, con otros compa\u00f1eros, cogi\u00f3 un taxi y se fue de juerga a Par\u00eds. Les pillaron y les sancionaron"},"aioseo_meta_data":{"post_id":"1807","title":null,"description":null,"keywords":null,"keyphrases":null,"primary_term":null,"canonical_url":null,"og_title":null,"og_description":null,"og_object_type":"default","og_image_type":"default","og_image_url":null,"og_image_width":null,"og_image_height":null,"og_image_custom_url":null,"og_image_custom_fields":null,"og_video":null,"og_custom_url":null,"og_article_section":null,"og_article_tags":null,"twitter_use_og":false,"twitter_card":"default","twitter_image_type":"default","twitter_image_url":null,"twitter_image_custom_url":null,"twitter_image_custom_fields":null,"twitter_title":null,"twitter_description":null,"schema":{"blockGraphs":[],"customGraphs":[],"default":{"data":{"Article":[],"Course":[],"Dataset":[],"FAQPage":[],"Movie":[],"Person":[],"Product":[],"ProductReview":[],"Car":[],"Recipe":[],"Service":[],"SoftwareApplication":[],"WebPage":[]},"graphName":"","isEnabled":true},"graphs":[]},"schema_type":"default","schema_type_options":null,"pillar_content":false,"robots_default":true,"robots_noindex":false,"robots_noarchive":false,"robots_nosnippet":false,"robots_nofollow":false,"robots_noimageindex":false,"robots_noodp":false,"robots_notranslate":false,"robots_max_snippet":null,"robots_max_videopreview":null,"robots_max_imagepreview":"large","priority":null,"frequency":null,"local_seo":null,"breadcrumb_settings":null,"limit_modified_date":false,"ai":null,"created":"2024-11-16 17:30:08","updated":"2025-06-04 04:37:48","seo_analyzer_scan_date":null,"focus_keyword":null,"additional_keywords":null,"truseo_locale":null},"aioseo_breadcrumb":"<div class=\"aioseo-breadcrumbs\"><span class=\"aioseo-breadcrumb\">\n\t\t\t<a href=\"https:\/\/elbeaterio.es\" title=\"Hogar\">Hogar<\/a>\n\t\t<\/span><span class=\"aioseo-breadcrumb-separator\">&raquo;<\/span><span class=\"aioseo-breadcrumb\">\n\t\t\t<a href=\"https:\/\/elbeaterio.es\/index.php\/category\/temporadas-anteriores\/\" title=\"Temporadas anteriores\">Temporadas anteriores<\/a>\n\t\t<\/span><span class=\"aioseo-breadcrumb-separator\">&raquo;<\/span><span class=\"aioseo-breadcrumb\">\n\t\t\t<a href=\"https:\/\/elbeaterio.es\/index.php\/category\/temporadas-anteriores\/comentario-del-dia\/\" title=\"El comentario del d\u00eda\">El comentario del d\u00eda<\/a>\n\t\t<\/span><span class=\"aioseo-breadcrumb-separator\">&raquo;<\/span><span class=\"aioseo-breadcrumb\">\n\t\t\t<a href=\"https:\/\/elbeaterio.es\/index.php\/category\/temporadas-anteriores\/comentario-del-dia\/comentarios-2013-2014\/\" title=\"Comentarios 2013-2014\">Comentarios 2013-2014<\/a>\n\t\t<\/span><span class=\"aioseo-breadcrumb-separator\">&raquo;<\/span><span class=\"aioseo-breadcrumb\">\n\t\t\tEl chico de M\u00e2con\n\t\t<\/span><\/div>","aioseo_breadcrumb_json":[{"label":"Hogar","link":"https:\/\/elbeaterio.es"},{"label":"Temporadas anteriores","link":"https:\/\/elbeaterio.es\/index.php\/category\/temporadas-anteriores\/"},{"label":"El comentario del d\u00eda","link":"https:\/\/elbeaterio.es\/index.php\/category\/temporadas-anteriores\/comentario-del-dia\/"},{"label":"Comentarios 2013-2014","link":"https:\/\/elbeaterio.es\/index.php\/category\/temporadas-anteriores\/comentario-del-dia\/comentarios-2013-2014\/"},{"label":"El chico de M\u00e2con","link":"https:\/\/elbeaterio.es\/index.php\/2014\/01\/05\/el-chico-de-macon\/"}],"_links":{"self":[{"href":"https:\/\/elbeaterio.es\/index.php\/wp-json\/wp\/v2\/posts\/1807","targetHints":{"allow":["GET"]}}],"collection":[{"href":"https:\/\/elbeaterio.es\/index.php\/wp-json\/wp\/v2\/posts"}],"about":[{"href":"https:\/\/elbeaterio.es\/index.php\/wp-json\/wp\/v2\/types\/post"}],"author":[{"embeddable":true,"href":"https:\/\/elbeaterio.es\/index.php\/wp-json\/wp\/v2\/users\/1"}],"replies":[{"embeddable":true,"href":"https:\/\/elbeaterio.es\/index.php\/wp-json\/wp\/v2\/comments?post=1807"}],"version-history":[{"count":1,"href":"https:\/\/elbeaterio.es\/index.php\/wp-json\/wp\/v2\/posts\/1807\/revisions"}],"predecessor-version":[{"id":5343,"href":"https:\/\/elbeaterio.es\/index.php\/wp-json\/wp\/v2\/posts\/1807\/revisions\/5343"}],"wp:attachment":[{"href":"https:\/\/elbeaterio.es\/index.php\/wp-json\/wp\/v2\/media?parent=1807"}],"wp:term":[{"taxonomy":"category","embeddable":true,"href":"https:\/\/elbeaterio.es\/index.php\/wp-json\/wp\/v2\/categories?post=1807"},{"taxonomy":"post_tag","embeddable":true,"href":"https:\/\/elbeaterio.es\/index.php\/wp-json\/wp\/v2\/tags?post=1807"}],"curies":[{"name":"wp","href":"https:\/\/api.w.org\/{rel}","templated":true}]}}