{"id":1846,"date":"2014-01-15T20:16:52","date_gmt":"2014-01-15T20:16:52","guid":{"rendered":"http:\/\/localhost\/joomla\/2014\/01\/15\/el-cese-del-entrenador\/"},"modified":"2023-06-22T20:03:26","modified_gmt":"2023-06-22T18:03:26","slug":"el-cese-del-entrenador","status":"publish","type":"post","link":"https:\/\/elbeaterio.es\/index.php\/2014\/01\/15\/el-cese-del-entrenador\/","title":{"rendered":"El cese del entrenador"},"content":{"rendered":"<p>Suelo buscar entre los rincones de la informaci\u00f3n deportiva los temas que puedan orientarme en estos comentarios, m\u00e1s all\u00e1 de lo que nos ofrece el d\u00eda a d\u00eda de la competici\u00f3n y sus alrededores. La vieja tradici\u00f3n de nuestro f\u00fatbol se relaciona con la facilidad con la que en algunos tiempos se prescind\u00eda de los entrenadores. El pan nuestro de cada d\u00eda. Pocos meses despu\u00e9s de ponerles por las nubes en el acto de presentaci\u00f3n, se les echaba a la calle sin remisi\u00f3n, pagando eso s\u00ed el contenido del contrato.<\/p>\n<p><!--more--><\/p>\n<p>Pero como la crisis obliga a todos a un ejercicio de notoria contenci\u00f3n en el gasto, hay dos realidades que se notan claramente. En Primera, s\u00f3lo tres ceses que se corresponden con Osasuna (Mendilibar), Betis (Pepe Mel) y Valencia (Djukic), aunque el exb\u00e9tico ya ejerce en Birmingham con el West Bromwich Albion. Como el costo de las rescisiones era tan grande, los contratos contemplaban la cl\u00e1usula correspondiente en caso de finalizar la relaci\u00f3n antes de tiempo. Incluso, la Real Sociedad prescindi\u00f3 de Mart\u00edn Lasarte despu\u00e9s de renovarle.<\/p>\n<p>En Segunda Divisi\u00f3n, donde las dificultades son mayores, el listado de los t\u00e9cnicos que ocupan los banquillos actualmente es infinitamente menos medi\u00e1tico que hace pocas temporadas. Se han elegido perfiles bajos y baratos.<\/p>\n<p>En cambio, campeonatos que en tiempo pasado eran m\u00e1s serios en este sentido, prescindiendo mucho menos de sus t\u00e9cnicos, ahora que manejan mejores recursos y han entrado propietarios multimillonarios, el cese est\u00e1 a la orden del d\u00eda en las ligas principales.<\/p>\n<p><span lang=\"EN-GB\">La Premier League<\/span><span lang=\"EN-GB\"> despidi\u00f3 a seis: Sunderland (Di Canio), Crystal Palace (Holloway), Fulham (Jol), West Bromwich (Clarke), Tottenham (Villas-Boas) y Cardiff City (Mackay). <\/span>Las destituciones en Italia ya son ocho, en tanto que en Francia han ca\u00eddo cinco por cuatro de Alemania que constituyen porcentajes elevados.<\/p>\n<p>Llos \u00faltimos los del Milan (Allegri) y el Livorno (Nicola). Antes, fueron apartados de su cargo los t\u00e9cnicos de la Lazio (Petkovic), Genoa (Liverani), Sampdoria (Delio Rossi), Chievo (Sannino), Bolonia (Pioli), Catania (Maran).<\/p>\n<p>En Francia ha habido cinco t\u00e9cnicos afectados. D<span style=\"line-height: 1.3em;\">os dimitieron (Jean Fernandez en el Montpellier y Hely en el Sochaux). Los tres destituidos fueron los del Marsella (Baup), Ajaccio (Ravanelli) y Valenciennes (Daniel Sanchez).<\/span><\/p>\n<p>Los del Sttugart (Labbadia), Hamburgo (Fink), Nuremberg (Wiesinger) y Hannover (Slomka) protagonizaron los movimientos en la Bundesliga alemana.<\/p>\n<p class=\"MsoNormal\">\u00a0<\/p>\n","protected":false},"excerpt":{"rendered":"<p>Suelo buscar entre los rincones de la informaci\u00f3n deportiva los temas que puedan orientarme en estos comentarios, m\u00e1s all\u00e1 de lo que nos ofrece el d\u00eda a d\u00eda de la competici\u00f3n y sus alrededores. La vieja tradici\u00f3n de nuestro f\u00fatbol se relaciona con la facilidad con la que en algunos tiempos se prescind\u00eda de los [&hellip;]<\/p>\n","protected":false},"author":1,"featured_media":0,"comment_status":"closed","ping_status":"open","sticky":false,"template":"","format":"standard","meta":{"editor_plus_copied_stylings":"{}","_monsterinsights_skip_tracking":false,"footnotes":""},"categories":[30],"tags":[],"class_list":["post-1846","post","type-post","status-publish","format-standard","hentry","category-comentarios-2013-2014"],"aioseo_notices":[],"aioseo_head":"\n\t\t<!-- All in One SEO 5.0.0.1 - aioseo.com -->\n\t<meta name=\"description\" content=\"Suelo buscar entre los rincones de la informaci\u00f3n deportiva los temas que puedan orientarme en estos comentarios, m\u00e1s all\u00e1 de lo que nos ofrece el d\u00eda a d\u00eda de la competici\u00f3n y sus alrededores. La vieja tradici\u00f3n de nuestro f\u00fatbol se relaciona con la facilidad con la que en algunos tiempos se prescind\u00eda de los\" \/>\n\t<meta name=\"robots\" content=\"max-image-preview:large\" \/>\n\t<meta name=\"author\" content=\"I\u00f1aki de Mujika\"\/>\n\t<meta name=\"google-site-verification\" content=\"OqF6EAwritiAZRpCdqm7K8ePP_ZHngiUX4qiOwdV5ls\" \/>\n\t<link rel=\"canonical\" href=\"https:\/\/elbeaterio.es\/index.php\/2014\/01\/15\/el-cese-del-entrenador\/\" \/>\n\t<meta name=\"generator\" content=\"All in One SEO (AIOSEO) 5.0.0.1\" \/>\n\t\t<meta property=\"og:locale\" content=\"es_ES\" \/>\n\t\t<meta property=\"og:site_name\" content=\"El Beaterio de I\u00f1aki de Mujika - Blog de I\u00f1aki de Mujika. Sus beaterios en Noticias de Gipuzkoa, las entrevistas, los programas de televisi\u00f3n &quot;Tiempo real&quot;, homenajes, etc.\" \/>\n\t\t<meta property=\"og:type\" content=\"article\" \/>\n\t\t<meta property=\"og:title\" content=\"El cese del entrenador - El Beaterio de I\u00f1aki de Mujika\" \/>\n\t\t<meta property=\"og:description\" content=\"Suelo buscar entre los rincones de la informaci\u00f3n deportiva los temas que puedan orientarme en estos comentarios, m\u00e1s all\u00e1 de lo que nos ofrece el d\u00eda a d\u00eda de la competici\u00f3n y sus alrededores. La vieja tradici\u00f3n de nuestro f\u00fatbol se relaciona con la facilidad con la que en algunos tiempos se prescind\u00eda de los\" \/>\n\t\t<meta property=\"og:url\" content=\"https:\/\/elbeaterio.es\/index.php\/2014\/01\/15\/el-cese-del-entrenador\/\" \/>\n\t\t<meta property=\"article:published_time\" content=\"2014-01-15T20:16:52+00:00\" \/>\n\t\t<meta property=\"article:modified_time\" content=\"2023-06-22T18:03:26+00:00\" \/>\n\t\t<meta name=\"twitter:card\" content=\"summary_large_image\" \/>\n\t\t<meta name=\"twitter:title\" content=\"El cese del entrenador - El Beaterio de I\u00f1aki de Mujika\" \/>\n\t\t<meta name=\"twitter:description\" content=\"Suelo buscar entre los rincones de la informaci\u00f3n deportiva los temas que puedan orientarme en estos comentarios, m\u00e1s all\u00e1 de lo que nos ofrece el d\u00eda a d\u00eda de la competici\u00f3n y sus alrededores. La vieja tradici\u00f3n de nuestro f\u00fatbol se relaciona con la facilidad con la que en algunos tiempos se prescind\u00eda de los\" \/>\n\t\t<script type=\"application\/ld+json\" class=\"aioseo-schema\">\n\t\t\t{\"@context\":\"https:\\\/\\\/schema.org\",\"@graph\":[{\"@type\":\"BlogPosting\",\"@id\":\"https:\\\/\\\/elbeaterio.es\\\/index.php\\\/2014\\\/01\\\/15\\\/el-cese-del-entrenador\\\/#blogposting\",\"name\":\"El cese del entrenador - El Beaterio de I\\u00f1aki de Mujika\",\"headline\":\"El cese del entrenador\",\"author\":{\"@id\":\"https:\\\/\\\/elbeaterio.es\\\/index.php\\\/author\\\/ceh-mujicagmail-com\\\/#author\"},\"publisher\":{\"@id\":\"https:\\\/\\\/elbeaterio.es\\\/#person\"},\"image\":{\"@type\":\"ImageObject\",\"@id\":\"https:\\\/\\\/elbeaterio.es\\\/index.php\\\/2014\\\/01\\\/15\\\/el-cese-del-entrenador\\\/#articleImage\",\"url\":\"https:\\\/\\\/secure.gravatar.com\\\/avatar\\\/52e148bfb67d1f33983028b354e60f197561f893059a19708944b85230c274f9?s=96&d=mm&r=g\",\"width\":96,\"height\":96,\"caption\":\"I\\u00f1aki de Mujika\"},\"datePublished\":\"2014-01-15T20:16:52+02:00\",\"dateModified\":\"2023-06-22T20:03:26+02:00\",\"inLanguage\":\"es-ES\",\"mainEntityOfPage\":{\"@id\":\"https:\\\/\\\/elbeaterio.es\\\/index.php\\\/2014\\\/01\\\/15\\\/el-cese-del-entrenador\\\/#webpage\"},\"isPartOf\":{\"@id\":\"https:\\\/\\\/elbeaterio.es\\\/index.php\\\/2014\\\/01\\\/15\\\/el-cese-del-entrenador\\\/#webpage\"},\"articleSection\":\"Comentarios 2013-2014\"},{\"@type\":\"BreadcrumbList\",\"@id\":\"https:\\\/\\\/elbeaterio.es\\\/index.php\\\/2014\\\/01\\\/15\\\/el-cese-del-entrenador\\\/#breadcrumblist\",\"itemListElement\":[{\"@type\":\"ListItem\",\"@id\":\"https:\\\/\\\/elbeaterio.es#listItem\",\"position\":1,\"name\":\"Hogar\",\"item\":\"https:\\\/\\\/elbeaterio.es\",\"nextItem\":{\"@type\":\"ListItem\",\"@id\":\"https:\\\/\\\/elbeaterio.es\\\/index.php\\\/category\\\/temporadas-anteriores\\\/#listItem\",\"name\":\"Temporadas anteriores\"}},{\"@type\":\"ListItem\",\"@id\":\"https:\\\/\\\/elbeaterio.es\\\/index.php\\\/category\\\/temporadas-anteriores\\\/#listItem\",\"position\":2,\"name\":\"Temporadas anteriores\",\"item\":\"https:\\\/\\\/elbeaterio.es\\\/index.php\\\/category\\\/temporadas-anteriores\\\/\",\"nextItem\":{\"@type\":\"ListItem\",\"@id\":\"https:\\\/\\\/elbeaterio.es\\\/index.php\\\/category\\\/temporadas-anteriores\\\/comentario-del-dia\\\/#listItem\",\"name\":\"El comentario del d\\u00eda\"},\"previousItem\":{\"@type\":\"ListItem\",\"@id\":\"https:\\\/\\\/elbeaterio.es#listItem\",\"name\":\"Hogar\"}},{\"@type\":\"ListItem\",\"@id\":\"https:\\\/\\\/elbeaterio.es\\\/index.php\\\/category\\\/temporadas-anteriores\\\/comentario-del-dia\\\/#listItem\",\"position\":3,\"name\":\"El comentario del d\\u00eda\",\"item\":\"https:\\\/\\\/elbeaterio.es\\\/index.php\\\/category\\\/temporadas-anteriores\\\/comentario-del-dia\\\/\",\"nextItem\":{\"@type\":\"ListItem\",\"@id\":\"https:\\\/\\\/elbeaterio.es\\\/index.php\\\/category\\\/temporadas-anteriores\\\/comentario-del-dia\\\/comentarios-2013-2014\\\/#listItem\",\"name\":\"Comentarios 2013-2014\"},\"previousItem\":{\"@type\":\"ListItem\",\"@id\":\"https:\\\/\\\/elbeaterio.es\\\/index.php\\\/category\\\/temporadas-anteriores\\\/#listItem\",\"name\":\"Temporadas anteriores\"}},{\"@type\":\"ListItem\",\"@id\":\"https:\\\/\\\/elbeaterio.es\\\/index.php\\\/category\\\/temporadas-anteriores\\\/comentario-del-dia\\\/comentarios-2013-2014\\\/#listItem\",\"position\":4,\"name\":\"Comentarios 2013-2014\",\"item\":\"https:\\\/\\\/elbeaterio.es\\\/index.php\\\/category\\\/temporadas-anteriores\\\/comentario-del-dia\\\/comentarios-2013-2014\\\/\",\"nextItem\":{\"@type\":\"ListItem\",\"@id\":\"https:\\\/\\\/elbeaterio.es\\\/index.php\\\/2014\\\/01\\\/15\\\/el-cese-del-entrenador\\\/#listItem\",\"name\":\"El cese del entrenador\"},\"previousItem\":{\"@type\":\"ListItem\",\"@id\":\"https:\\\/\\\/elbeaterio.es\\\/index.php\\\/category\\\/temporadas-anteriores\\\/comentario-del-dia\\\/#listItem\",\"name\":\"El comentario del d\\u00eda\"}},{\"@type\":\"ListItem\",\"@id\":\"https:\\\/\\\/elbeaterio.es\\\/index.php\\\/2014\\\/01\\\/15\\\/el-cese-del-entrenador\\\/#listItem\",\"position\":5,\"name\":\"El cese del entrenador\",\"previousItem\":{\"@type\":\"ListItem\",\"@id\":\"https:\\\/\\\/elbeaterio.es\\\/index.php\\\/category\\\/temporadas-anteriores\\\/comentario-del-dia\\\/comentarios-2013-2014\\\/#listItem\",\"name\":\"Comentarios 2013-2014\"}}]},{\"@type\":\"Person\",\"@id\":\"https:\\\/\\\/elbeaterio.es\\\/#person\",\"name\":\"I\\u00f1aki de Mujika\",\"image\":{\"@type\":\"ImageObject\",\"@id\":\"https:\\\/\\\/elbeaterio.es\\\/index.php\\\/2014\\\/01\\\/15\\\/el-cese-del-entrenador\\\/#personImage\",\"url\":\"https:\\\/\\\/secure.gravatar.com\\\/avatar\\\/52e148bfb67d1f33983028b354e60f197561f893059a19708944b85230c274f9?s=96&d=mm&r=g\",\"width\":96,\"height\":96,\"caption\":\"I\\u00f1aki de Mujika\"}},{\"@type\":\"Person\",\"@id\":\"https:\\\/\\\/elbeaterio.es\\\/index.php\\\/author\\\/ceh-mujicagmail-com\\\/#author\",\"url\":\"https:\\\/\\\/elbeaterio.es\\\/index.php\\\/author\\\/ceh-mujicagmail-com\\\/\",\"name\":\"I\\u00f1aki de Mujika\",\"image\":{\"@type\":\"ImageObject\",\"@id\":\"https:\\\/\\\/elbeaterio.es\\\/index.php\\\/2014\\\/01\\\/15\\\/el-cese-del-entrenador\\\/#authorImage\",\"url\":\"https:\\\/\\\/secure.gravatar.com\\\/avatar\\\/52e148bfb67d1f33983028b354e60f197561f893059a19708944b85230c274f9?s=96&d=mm&r=g\",\"width\":96,\"height\":96,\"caption\":\"I\\u00f1aki de Mujika\"}},{\"@type\":\"WebPage\",\"@id\":\"https:\\\/\\\/elbeaterio.es\\\/index.php\\\/2014\\\/01\\\/15\\\/el-cese-del-entrenador\\\/#webpage\",\"url\":\"https:\\\/\\\/elbeaterio.es\\\/index.php\\\/2014\\\/01\\\/15\\\/el-cese-del-entrenador\\\/\",\"name\":\"El cese del entrenador - El Beaterio de I\\u00f1aki de Mujika\",\"description\":\"Suelo buscar entre los rincones de la informaci\\u00f3n deportiva los temas que puedan orientarme en estos comentarios, m\\u00e1s all\\u00e1 de lo que nos ofrece el d\\u00eda a d\\u00eda de la competici\\u00f3n y sus alrededores. La vieja tradici\\u00f3n de nuestro f\\u00fatbol se relaciona con la facilidad con la que en algunos tiempos se prescind\\u00eda de los\",\"inLanguage\":\"es-ES\",\"isPartOf\":{\"@id\":\"https:\\\/\\\/elbeaterio.es\\\/#website\"},\"breadcrumb\":{\"@id\":\"https:\\\/\\\/elbeaterio.es\\\/index.php\\\/2014\\\/01\\\/15\\\/el-cese-del-entrenador\\\/#breadcrumblist\"},\"author\":{\"@id\":\"https:\\\/\\\/elbeaterio.es\\\/index.php\\\/author\\\/ceh-mujicagmail-com\\\/#author\"},\"creator\":{\"@id\":\"https:\\\/\\\/elbeaterio.es\\\/index.php\\\/author\\\/ceh-mujicagmail-com\\\/#author\"},\"datePublished\":\"2014-01-15T20:16:52+02:00\",\"dateModified\":\"2023-06-22T20:03:26+02:00\"},{\"@type\":\"WebSite\",\"@id\":\"https:\\\/\\\/elbeaterio.es\\\/#website\",\"url\":\"https:\\\/\\\/elbeaterio.es\\\/\",\"name\":\"El Beaterio de I\\u00f1aki de Mujika\",\"alternateName\":\"elbeaterio.es\",\"description\":\"Blog de I\\u00f1aki de Mujika. Sus beaterios en Noticias de Gipuzkoa, las entrevistas, los programas de televisi\\u00f3n \\\"Tiempo real\\\", homenajes, etc.\",\"inLanguage\":\"es-ES\",\"publisher\":{\"@id\":\"https:\\\/\\\/elbeaterio.es\\\/#person\"}}]}\n\t\t<\/script>\n\t\t<!-- All in One SEO -->\n\n","aioseo_head_json":{"title":"El cese del entrenador - El Beaterio de I\u00f1aki de Mujika","description":"Suelo buscar entre los rincones de la informaci\u00f3n deportiva los temas que puedan orientarme en estos comentarios, m\u00e1s all\u00e1 de lo que nos ofrece el d\u00eda a d\u00eda de la competici\u00f3n y sus alrededores. La vieja tradici\u00f3n de nuestro f\u00fatbol se relaciona con la facilidad con la que en algunos tiempos se prescind\u00eda de los","canonical_url":"https:\/\/elbeaterio.es\/index.php\/2014\/01\/15\/el-cese-del-entrenador\/","robots":"max-image-preview:large","keywords":"","webmasterTools":{"google-site-verification":"OqF6EAwritiAZRpCdqm7K8ePP_ZHngiUX4qiOwdV5ls","miscellaneous":""},"schema":{"@context":"https:\/\/schema.org","@graph":[{"@type":"BlogPosting","@id":"https:\/\/elbeaterio.es\/index.php\/2014\/01\/15\/el-cese-del-entrenador\/#blogposting","name":"El cese del entrenador - El Beaterio de I\u00f1aki de Mujika","headline":"El cese del entrenador","author":{"@id":"https:\/\/elbeaterio.es\/index.php\/author\/ceh-mujicagmail-com\/#author"},"publisher":{"@id":"https:\/\/elbeaterio.es\/#person"},"image":{"@type":"ImageObject","@id":"https:\/\/elbeaterio.es\/index.php\/2014\/01\/15\/el-cese-del-entrenador\/#articleImage","url":"https:\/\/secure.gravatar.com\/avatar\/52e148bfb67d1f33983028b354e60f197561f893059a19708944b85230c274f9?s=96&d=mm&r=g","width":96,"height":96,"caption":"I\u00f1aki de Mujika"},"datePublished":"2014-01-15T20:16:52+02:00","dateModified":"2023-06-22T20:03:26+02:00","inLanguage":"es-ES","mainEntityOfPage":{"@id":"https:\/\/elbeaterio.es\/index.php\/2014\/01\/15\/el-cese-del-entrenador\/#webpage"},"isPartOf":{"@id":"https:\/\/elbeaterio.es\/index.php\/2014\/01\/15\/el-cese-del-entrenador\/#webpage"},"articleSection":"Comentarios 2013-2014"},{"@type":"BreadcrumbList","@id":"https:\/\/elbeaterio.es\/index.php\/2014\/01\/15\/el-cese-del-entrenador\/#breadcrumblist","itemListElement":[{"@type":"ListItem","@id":"https:\/\/elbeaterio.es#listItem","position":1,"name":"Hogar","item":"https:\/\/elbeaterio.es","nextItem":{"@type":"ListItem","@id":"https:\/\/elbeaterio.es\/index.php\/category\/temporadas-anteriores\/#listItem","name":"Temporadas anteriores"}},{"@type":"ListItem","@id":"https:\/\/elbeaterio.es\/index.php\/category\/temporadas-anteriores\/#listItem","position":2,"name":"Temporadas anteriores","item":"https:\/\/elbeaterio.es\/index.php\/category\/temporadas-anteriores\/","nextItem":{"@type":"ListItem","@id":"https:\/\/elbeaterio.es\/index.php\/category\/temporadas-anteriores\/comentario-del-dia\/#listItem","name":"El comentario del d\u00eda"},"previousItem":{"@type":"ListItem","@id":"https:\/\/elbeaterio.es#listItem","name":"Hogar"}},{"@type":"ListItem","@id":"https:\/\/elbeaterio.es\/index.php\/category\/temporadas-anteriores\/comentario-del-dia\/#listItem","position":3,"name":"El comentario del d\u00eda","item":"https:\/\/elbeaterio.es\/index.php\/category\/temporadas-anteriores\/comentario-del-dia\/","nextItem":{"@type":"ListItem","@id":"https:\/\/elbeaterio.es\/index.php\/category\/temporadas-anteriores\/comentario-del-dia\/comentarios-2013-2014\/#listItem","name":"Comentarios 2013-2014"},"previousItem":{"@type":"ListItem","@id":"https:\/\/elbeaterio.es\/index.php\/category\/temporadas-anteriores\/#listItem","name":"Temporadas anteriores"}},{"@type":"ListItem","@id":"https:\/\/elbeaterio.es\/index.php\/category\/temporadas-anteriores\/comentario-del-dia\/comentarios-2013-2014\/#listItem","position":4,"name":"Comentarios 2013-2014","item":"https:\/\/elbeaterio.es\/index.php\/category\/temporadas-anteriores\/comentario-del-dia\/comentarios-2013-2014\/","nextItem":{"@type":"ListItem","@id":"https:\/\/elbeaterio.es\/index.php\/2014\/01\/15\/el-cese-del-entrenador\/#listItem","name":"El cese del entrenador"},"previousItem":{"@type":"ListItem","@id":"https:\/\/elbeaterio.es\/index.php\/category\/temporadas-anteriores\/comentario-del-dia\/#listItem","name":"El comentario del d\u00eda"}},{"@type":"ListItem","@id":"https:\/\/elbeaterio.es\/index.php\/2014\/01\/15\/el-cese-del-entrenador\/#listItem","position":5,"name":"El cese del entrenador","previousItem":{"@type":"ListItem","@id":"https:\/\/elbeaterio.es\/index.php\/category\/temporadas-anteriores\/comentario-del-dia\/comentarios-2013-2014\/#listItem","name":"Comentarios 2013-2014"}}]},{"@type":"Person","@id":"https:\/\/elbeaterio.es\/#person","name":"I\u00f1aki de Mujika","image":{"@type":"ImageObject","@id":"https:\/\/elbeaterio.es\/index.php\/2014\/01\/15\/el-cese-del-entrenador\/#personImage","url":"https:\/\/secure.gravatar.com\/avatar\/52e148bfb67d1f33983028b354e60f197561f893059a19708944b85230c274f9?s=96&d=mm&r=g","width":96,"height":96,"caption":"I\u00f1aki de Mujika"}},{"@type":"Person","@id":"https:\/\/elbeaterio.es\/index.php\/author\/ceh-mujicagmail-com\/#author","url":"https:\/\/elbeaterio.es\/index.php\/author\/ceh-mujicagmail-com\/","name":"I\u00f1aki de Mujika","image":{"@type":"ImageObject","@id":"https:\/\/elbeaterio.es\/index.php\/2014\/01\/15\/el-cese-del-entrenador\/#authorImage","url":"https:\/\/secure.gravatar.com\/avatar\/52e148bfb67d1f33983028b354e60f197561f893059a19708944b85230c274f9?s=96&d=mm&r=g","width":96,"height":96,"caption":"I\u00f1aki de Mujika"}},{"@type":"WebPage","@id":"https:\/\/elbeaterio.es\/index.php\/2014\/01\/15\/el-cese-del-entrenador\/#webpage","url":"https:\/\/elbeaterio.es\/index.php\/2014\/01\/15\/el-cese-del-entrenador\/","name":"El cese del entrenador - El Beaterio de I\u00f1aki de Mujika","description":"Suelo buscar entre los rincones de la informaci\u00f3n deportiva los temas que puedan orientarme en estos comentarios, m\u00e1s all\u00e1 de lo que nos ofrece el d\u00eda a d\u00eda de la competici\u00f3n y sus alrededores. La vieja tradici\u00f3n de nuestro f\u00fatbol se relaciona con la facilidad con la que en algunos tiempos se prescind\u00eda de los","inLanguage":"es-ES","isPartOf":{"@id":"https:\/\/elbeaterio.es\/#website"},"breadcrumb":{"@id":"https:\/\/elbeaterio.es\/index.php\/2014\/01\/15\/el-cese-del-entrenador\/#breadcrumblist"},"author":{"@id":"https:\/\/elbeaterio.es\/index.php\/author\/ceh-mujicagmail-com\/#author"},"creator":{"@id":"https:\/\/elbeaterio.es\/index.php\/author\/ceh-mujicagmail-com\/#author"},"datePublished":"2014-01-15T20:16:52+02:00","dateModified":"2023-06-22T20:03:26+02:00"},{"@type":"WebSite","@id":"https:\/\/elbeaterio.es\/#website","url":"https:\/\/elbeaterio.es\/","name":"El Beaterio de I\u00f1aki de Mujika","alternateName":"elbeaterio.es","description":"Blog de I\u00f1aki de Mujika. Sus beaterios en Noticias de Gipuzkoa, las entrevistas, los programas de televisi\u00f3n \"Tiempo real\", homenajes, etc.","inLanguage":"es-ES","publisher":{"@id":"https:\/\/elbeaterio.es\/#person"}}]},"og:locale":"es_ES","og:site_name":"El Beaterio de I\u00f1aki de Mujika - Blog de I\u00f1aki de Mujika. Sus beaterios en Noticias de Gipuzkoa, las entrevistas, los programas de televisi\u00f3n &quot;Tiempo real&quot;, homenajes, etc.","og:type":"article","og:title":"El cese del entrenador - El Beaterio de I\u00f1aki de Mujika","og:description":"Suelo buscar entre los rincones de la informaci\u00f3n deportiva los temas que puedan orientarme en estos comentarios, m\u00e1s all\u00e1 de lo que nos ofrece el d\u00eda a d\u00eda de la competici\u00f3n y sus alrededores. La vieja tradici\u00f3n de nuestro f\u00fatbol se relaciona con la facilidad con la que en algunos tiempos se prescind\u00eda de los","og:url":"https:\/\/elbeaterio.es\/index.php\/2014\/01\/15\/el-cese-del-entrenador\/","article:published_time":"2014-01-15T20:16:52+00:00","article:modified_time":"2023-06-22T18:03:26+00:00","twitter:card":"summary_large_image","twitter:title":"El cese del entrenador - El Beaterio de I\u00f1aki de Mujika","twitter:description":"Suelo buscar entre los rincones de la informaci\u00f3n deportiva los temas que puedan orientarme en estos comentarios, m\u00e1s all\u00e1 de lo que nos ofrece el d\u00eda a d\u00eda de la competici\u00f3n y sus alrededores. La vieja tradici\u00f3n de nuestro f\u00fatbol se relaciona con la facilidad con la que en algunos tiempos se prescind\u00eda de los"},"aioseo_meta_data":{"post_id":"1846","title":null,"description":null,"keywords":null,"keyphrases":null,"primary_term":null,"canonical_url":null,"og_title":null,"og_description":null,"og_object_type":"default","og_image_type":"default","og_image_url":null,"og_image_width":null,"og_image_height":null,"og_image_custom_url":null,"og_image_custom_fields":null,"og_video":null,"og_custom_url":null,"og_article_section":null,"og_article_tags":null,"twitter_use_og":false,"twitter_card":"default","twitter_image_type":"default","twitter_image_url":null,"twitter_image_custom_url":null,"twitter_image_custom_fields":null,"twitter_title":null,"twitter_description":null,"schema":{"blockGraphs":[],"customGraphs":[],"default":{"data":{"Article":[],"Course":[],"Dataset":[],"FAQPage":[],"Movie":[],"Person":[],"Product":[],"ProductReview":[],"Car":[],"Recipe":[],"Service":[],"SoftwareApplication":[],"WebPage":[]},"graphName":"","isEnabled":true},"graphs":[]},"schema_type":"default","schema_type_options":null,"pillar_content":false,"robots_default":true,"robots_noindex":false,"robots_noarchive":false,"robots_nosnippet":false,"robots_nofollow":false,"robots_noimageindex":false,"robots_noodp":false,"robots_notranslate":false,"robots_max_snippet":null,"robots_max_videopreview":null,"robots_max_imagepreview":"large","priority":null,"frequency":null,"local_seo":null,"breadcrumb_settings":null,"limit_modified_date":false,"ai":null,"created":"2024-11-16 17:31:12","updated":"2025-06-04 04:39:11","seo_analyzer_scan_date":null,"focus_keyword":null,"additional_keywords":null,"truseo_locale":null},"aioseo_breadcrumb":"<div class=\"aioseo-breadcrumbs\"><span class=\"aioseo-breadcrumb\">\n\t\t\t<a href=\"https:\/\/elbeaterio.es\" title=\"Hogar\">Hogar<\/a>\n\t\t<\/span><span class=\"aioseo-breadcrumb-separator\">&raquo;<\/span><span class=\"aioseo-breadcrumb\">\n\t\t\t<a href=\"https:\/\/elbeaterio.es\/index.php\/category\/temporadas-anteriores\/\" title=\"Temporadas anteriores\">Temporadas anteriores<\/a>\n\t\t<\/span><span class=\"aioseo-breadcrumb-separator\">&raquo;<\/span><span class=\"aioseo-breadcrumb\">\n\t\t\t<a href=\"https:\/\/elbeaterio.es\/index.php\/category\/temporadas-anteriores\/comentario-del-dia\/\" title=\"El comentario del d\u00eda\">El comentario del d\u00eda<\/a>\n\t\t<\/span><span class=\"aioseo-breadcrumb-separator\">&raquo;<\/span><span class=\"aioseo-breadcrumb\">\n\t\t\t<a href=\"https:\/\/elbeaterio.es\/index.php\/category\/temporadas-anteriores\/comentario-del-dia\/comentarios-2013-2014\/\" title=\"Comentarios 2013-2014\">Comentarios 2013-2014<\/a>\n\t\t<\/span><span class=\"aioseo-breadcrumb-separator\">&raquo;<\/span><span class=\"aioseo-breadcrumb\">\n\t\t\tEl cese del entrenador\n\t\t<\/span><\/div>","aioseo_breadcrumb_json":[{"label":"Hogar","link":"https:\/\/elbeaterio.es"},{"label":"Temporadas anteriores","link":"https:\/\/elbeaterio.es\/index.php\/category\/temporadas-anteriores\/"},{"label":"El comentario del d\u00eda","link":"https:\/\/elbeaterio.es\/index.php\/category\/temporadas-anteriores\/comentario-del-dia\/"},{"label":"Comentarios 2013-2014","link":"https:\/\/elbeaterio.es\/index.php\/category\/temporadas-anteriores\/comentario-del-dia\/comentarios-2013-2014\/"},{"label":"El cese del entrenador","link":"https:\/\/elbeaterio.es\/index.php\/2014\/01\/15\/el-cese-del-entrenador\/"}],"_links":{"self":[{"href":"https:\/\/elbeaterio.es\/index.php\/wp-json\/wp\/v2\/posts\/1846","targetHints":{"allow":["GET"]}}],"collection":[{"href":"https:\/\/elbeaterio.es\/index.php\/wp-json\/wp\/v2\/posts"}],"about":[{"href":"https:\/\/elbeaterio.es\/index.php\/wp-json\/wp\/v2\/types\/post"}],"author":[{"embeddable":true,"href":"https:\/\/elbeaterio.es\/index.php\/wp-json\/wp\/v2\/users\/1"}],"replies":[{"embeddable":true,"href":"https:\/\/elbeaterio.es\/index.php\/wp-json\/wp\/v2\/comments?post=1846"}],"version-history":[{"count":1,"href":"https:\/\/elbeaterio.es\/index.php\/wp-json\/wp\/v2\/posts\/1846\/revisions"}],"predecessor-version":[{"id":5337,"href":"https:\/\/elbeaterio.es\/index.php\/wp-json\/wp\/v2\/posts\/1846\/revisions\/5337"}],"wp:attachment":[{"href":"https:\/\/elbeaterio.es\/index.php\/wp-json\/wp\/v2\/media?parent=1846"}],"wp:term":[{"taxonomy":"category","embeddable":true,"href":"https:\/\/elbeaterio.es\/index.php\/wp-json\/wp\/v2\/categories?post=1846"},{"taxonomy":"post_tag","embeddable":true,"href":"https:\/\/elbeaterio.es\/index.php\/wp-json\/wp\/v2\/tags?post=1846"}],"curies":[{"name":"wp","href":"https:\/\/api.w.org\/{rel}","templated":true}]}}