{"id":1866,"date":"2014-01-20T08:27:38","date_gmt":"2014-01-20T08:27:38","guid":{"rendered":"http:\/\/localhost\/joomla\/2014\/01\/20\/l-boulevard-de-los-suenos-rotos\/"},"modified":"2025-05-28T09:04:39","modified_gmt":"2025-05-28T07:04:39","slug":"l-boulevard-de-los-suenos-rotos","status":"publish","type":"post","link":"https:\/\/elbeaterio.es\/index.php\/2014\/01\/20\/l-boulevard-de-los-suenos-rotos\/","title":{"rendered":"El boulevard de los sue\u00f1os rotos"},"content":{"rendered":"\n<p class=\" eplus-wrapper\"><\/p>\n\n\n\n<figure class=\" wp-block-table eplus-wrapper\"><table><thead><tr><th class=\"has-text-align-center\" data-align=\"center\">Getafe CF 2-2 Real Sociedad<\/th><\/tr><\/thead><tbody><tr><td class=\"has-text-align-center\" data-align=\"center\">Liga Jornada 20 &#8211; 19\/01\/2014<\/td><\/tr><\/tbody><\/table><\/figure>\n\n\n\n<p class=\" eplus-wrapper\">Partido treinta y dos de la presente temporada en el inicio de la segunda vuelta, es decir que estamos a ocho del total de cuantos el equipo disput\u00f3 el pasado ejercicio. Treinta y ocho de liga y dos de copa suman cuarenta. Ahora llevamos acumulados, veinte de liga, ocho de Champions y cuatro de Copa. Nos quedan, cuando menos, dos m\u00e1s del torneo del K.O. y toda la segunda vuelta liguera. \u00a1Pasaremos con la gorra de cincuenta!<span style=\"line-height: 1.3em;\">\u00a0<\/span><\/p>\n\n\n\n<!--more-->\n\n\n\n<p class=\" eplus-wrapper\"><span style=\"line-height: 1.3em;\">Lo escribo para que la gente se anime a valorar lo que el grupo t\u00e9cnico y los jugadores est\u00e1n afrontando y resolviendo de la mejor manera posible. M\u00e1s all\u00e1 de los resultados y de las distintas lesiones y enfermedades que han aquejado al colectivo, el tr\u00e1nsito est\u00e1 siendo exigente porque se necesita ofrecer la mejor respuesta. Sin salir casi de uno, el siguiente espera. Tanto la condici\u00f3n f\u00edsica como la mental sufren una presi\u00f3n cuyas respuestas son variadas.<\/span><\/p>\n\n\n\n<p class=\" eplus-wrapper\"><span style=\"line-height: 1.3em;\">Ayer salimos como en los mejores tiempos, pusimos el marcador en franqu\u00eda, dimos sensaci\u00f3n de poder\u00edo hasta que entr\u00f3 a funcionar la m\u00e1quina de c\u00e1lculo. Llov\u00eda, el campo se fue poniendo cada vez peor y el terreno poco practicable. La resultante la conoces de sobra. El partido paso a ser unidireccional hacia los dominios de Bravo. Media hora m\u00e1s tarde de lograr Agirretxe sus goles, el Getafe ya hab\u00eda empatado y el meta chileno respond\u00eda adem\u00e1s con unas acciones de m\u00e9rito para evitar el zafarrancho.<\/span><\/p>\n\n\n\n<p class=\" eplus-wrapper\"><span style=\"line-height: 1.3em;\">No hace falta ser un adivino para comprobar que hay futbolistas agotados y que necesitan descanso. El entrenador, que casi es prestidigitador, sabe que del grupo se cayeron Illarramendi, Ifr\u00e1n y Granero, por unas u otras razones y que la p\u00e9rdida de esos valores a d\u00eda de hoy, se sustituye por Seferovic, cargando de minutos al resto y ofreciendo oportunidad de compromiso a los jugadores del filial de los que se ha debido tirar m\u00e1s de lo recomendable. Gazta\u00f1aga. Zald\u00faa, Sangalli, m\u00e1s otros convocados, conocen esa realidad.<\/span><\/p>\n\n\n\n<p class=\" eplus-wrapper\"><span style=\"line-height: 1.3em;\">Entre otras cosas porque han pasado por camilla, m\u00e1s de lo esperado, Carlos Mart\u00ednez, Mikel Gonz\u00e1lez, Alberto de la Bella, Elustondo, Dani Estrada, Agirretxe, Zurutuza\u2026que se han perdido semanas sin disputar encuentros de competici\u00f3n. Demasiado peaje como para no estar pagando ahora la factura de los esfuerzos. Por eso, creo que ahora que estamos en el mercado de invierno y que se especula con posibles refuerzos, la necesidad est\u00e1 en dar aire a quien lo necesita. \u00a1Y son unos cuantos!.<\/span><\/p>\n\n\n\n<p class=\" eplus-wrapper\"><span style=\"line-height: 1.3em;\">No busco justificaciones al empate de Getafe, sino frialdad a la hora de encontrar razones por las que nos pasan estas cosas. Un punto fuera de casa se valora habitualmente de forma positiva. El de ayer es agridulce porque se alcanza despu\u00e9s de desperdiciar una suculenta ventaja. Cuando los locales se quedaron con uno menos por la expulsi\u00f3n de Borja, la oportunidad de ganar se asent\u00e9 en el horizonte, pero el equipo no pudo conquistarla. <\/span><\/p>\n\n\n\n<p class=\" eplus-wrapper\"><span style=\"line-height: 1.3em;\">Lo intent\u00f3, pero le faltaron fuerzas mentales para leer el partido y f\u00edsicas, pese a los cambios, para doblegar a un rival que dio un paso atr\u00e1s para atrincherarse y jug\u00e1rselo todo a la carta de un posible contraataque o a la virtud en el remate de una acci\u00f3n a bal\u00f3n parado que afortunadamente no se produjo. Y como esto sigue y en diez d\u00edas nos vamos a enfrentar a otros tres encuentros, no queda m\u00e1s que arrear y repartir esfuerzos, circunstancia que est\u00e1 poniendo a prueba las capacidades de todos. Por eso, el punto de ayer vale lo suyo aunque sepa a poco.<\/span><\/p>\n\n\n\n<p class=\" eplus-wrapper\"><span style=\"line-height: 1.3em;\">A\u00f1adamos a esto el valor de los testimonios. El \u00faltimo, la entrevista de Mikel Recalde a Rub\u00e9n Pardo en este medio. El riojano concluy\u00f3 la pasada temporada poco satisfecho con las oportunidades que le brindaba el t\u00e9cnico y se hac\u00eda preguntas. Ahora, resueltas las inc\u00f3gnitas, quiere escuchar propuestas para renovar contrato y quedarse los a\u00f1os que hagan falta. Se siente importante y convencido. Un eslab\u00f3n m\u00e1s en los m\u00e9ritos del entrenador.<\/span><\/p>\n\n\n\n<p class=\" eplus-wrapper\"><span style=\"line-height: 1.3em;\">Rub\u00e9n es un chaval en formaci\u00f3n con absolutas responsabilidades. La semana pasada ten\u00eda la rodilla como un coladero. El jueves, en el partido de copa, ocup\u00f3 plaza en el banquillo. Hab\u00eda que reservarlo para evitar riesgos y disponer de \u00e9l en una cita como la de ayer, escenario complicado que nunca se nos dio bien salvo en el retorno a Primera cuando se gole\u00f3 (0-4) en tiempos de Mart\u00edn Lasarte.<\/span><\/p>\n\n\n\n<p class=\" eplus-wrapper\"><span style=\"line-height: 1.3em;\">Es hermoso que un jugador apueste por \u00e9l y por la relaci\u00f3n grupal como proyecto colectivo en el que se siente importante y a gusto. Esas realidades no se conjugan en tanteadores favorables ni en triunfos, pero ayudan. En el segundo tiempo de ayer, cuando era posible ponerse en ventaja, dispuso de un bal\u00f3n para mandarlo al fondo del portal de Moy\u00e1, pero no disfrut\u00f3 con el derechazo que merec\u00eda premio. Tal vez a esta hora le est\u00e9 dando vueltas a la jugada, pero no s\u00e9 si merece mucho la pena ante el devenir del calendario.<\/span><\/p>\n\n\n\n<p class=\" eplus-wrapper\"><span style=\"line-height: 1.3em;\">Como quien dice, a la vuelta de la esquina se presenta una nueva oportunidad. El Racing de Santander, a dos partidos en una eliminatoria que superarla conduce a semifinales. Reto y oportunidad. La grada debe jugar su papel, precisamente por lo que comentaba de las fuerzas justitas. Los c\u00e1ntabros se han cargado al Sevilla y al Almer\u00eda lejos de El Sardinero. Anoeta no debe constituir una oportunidad para ellos, ni un boulevard de sue\u00f1os rotos, sino un desaf\u00edo para los nuestros, aunque a esta hora les duela el alma y no sientan las piernas.<\/span><\/p>\n","protected":false},"excerpt":{"rendered":"<p>Getafe CF 2-2 Real Sociedad Liga Jornada 20 &#8211; 19\/01\/2014 Partido treinta y dos de la presente temporada en el inicio de la segunda vuelta, es decir que estamos a ocho del total de cuantos el equipo disput\u00f3 el pasado ejercicio. Treinta y ocho de liga y dos de copa suman cuarenta. Ahora llevamos acumulados, [&hellip;]<\/p>\n","protected":false},"author":1,"featured_media":8110,"comment_status":"closed","ping_status":"open","sticky":false,"template":"","format":"standard","meta":{"editor_plus_copied_stylings":"{}","_monsterinsights_skip_tracking":false,"_monsterinsights_sitenote_active":false,"_monsterinsights_sitenote_note":"","_monsterinsights_sitenote_category":0,"footnotes":""},"categories":[39],"tags":[],"class_list":["post-1866","post","type-post","status-publish","format-standard","has-post-thumbnail","hentry","category-beaterios-2013-2014"],"aioseo_notices":[],"_links":{"self":[{"href":"https:\/\/elbeaterio.es\/index.php\/wp-json\/wp\/v2\/posts\/1866","targetHints":{"allow":["GET"]}}],"collection":[{"href":"https:\/\/elbeaterio.es\/index.php\/wp-json\/wp\/v2\/posts"}],"about":[{"href":"https:\/\/elbeaterio.es\/index.php\/wp-json\/wp\/v2\/types\/post"}],"author":[{"embeddable":true,"href":"https:\/\/elbeaterio.es\/index.php\/wp-json\/wp\/v2\/users\/1"}],"replies":[{"embeddable":true,"href":"https:\/\/elbeaterio.es\/index.php\/wp-json\/wp\/v2\/comments?post=1866"}],"version-history":[{"count":2,"href":"https:\/\/elbeaterio.es\/index.php\/wp-json\/wp\/v2\/posts\/1866\/revisions"}],"predecessor-version":[{"id":8265,"href":"https:\/\/elbeaterio.es\/index.php\/wp-json\/wp\/v2\/posts\/1866\/revisions\/8265"}],"wp:featuredmedia":[{"embeddable":true,"href":"https:\/\/elbeaterio.es\/index.php\/wp-json\/wp\/v2\/media\/8110"}],"wp:attachment":[{"href":"https:\/\/elbeaterio.es\/index.php\/wp-json\/wp\/v2\/media?parent=1866"}],"wp:term":[{"taxonomy":"category","embeddable":true,"href":"https:\/\/elbeaterio.es\/index.php\/wp-json\/wp\/v2\/categories?post=1866"},{"taxonomy":"post_tag","embeddable":true,"href":"https:\/\/elbeaterio.es\/index.php\/wp-json\/wp\/v2\/tags?post=1866"}],"curies":[{"name":"wp","href":"https:\/\/api.w.org\/{rel}","templated":true}]}}