{"id":192,"date":"2009-11-02T12:37:26","date_gmt":"2009-11-02T12:37:26","guid":{"rendered":"http:\/\/localhost\/joomla\/2009\/11\/02\/ide-rojo-como-los-demonios-coloraos\/"},"modified":"2025-05-29T22:06:53","modified_gmt":"2025-05-29T20:06:53","slug":"ide-rojo-como-los-demonios-coloraos","status":"publish","type":"post","link":"https:\/\/elbeaterio.es\/index.php\/2009\/11\/02\/ide-rojo-como-los-demonios-coloraos\/","title":{"rendered":"\u00a1De rojo, como los demonios coloraos!"},"content":{"rendered":"\n<figure class=\" wp-block-table eplus-wrapper\"><table><thead><tr><th class=\"has-text-align-center\" data-align=\"center\">H\u00e9rcules CF 5-1 Real Sociedad<\/th><\/tr><\/thead><tbody><tr><td class=\"has-text-align-center\" data-align=\"center\">Jornada 10 Liga 2\u00aa &#8211; 01\/11\/2009<\/td><\/tr><\/tbody><\/table><\/figure>\n\n\n\n<p class=\" eplus-wrapper\">Mikel&nbsp;Gonz\u00e1lez jug\u00f3 ayer de lateral derecho en el 5-1 de Alicante, vestido de rojo como los demonios coloraos. Una nueva ubicaci\u00f3n para servir a la instituci\u00f3n con la que sigue comprometida. Pas\u00f3 un mal trago, como el resto de compa\u00f1eros. Se les atragant\u00f3 un poderoso H\u00e9rcules que nos hizo mil diabluras en la prolongada noche de Halloween. No s\u00e9 si nos bajaron de una nube, pero nos hincaron el tenedor hasta dentro. \u00a1Paciencia hermanos, paciencia!<\/p>\n\n\n\n<!--more-->\n\n\n\n<p class=\" eplus-wrapper\">El defensa de Arrasate, el pasado 14 de septiembre, acept\u00f3 acudir como invitado al programa Tiempo Real que Gipuzkoa Telebista emite todos los lunes a las diez de la noche. Las entrevistas personales con los futbolistas que quieren pisar plat\u00f3 son diferentes, porque unos se mojan m\u00e1s que otros, o se sienten m\u00e1s a gusto, o entienden que la aparici\u00f3n en un medio de comunicaci\u00f3n ayuda a deshacer entuertos. La gente se sorprende a veces porque descubre un deportista distinto, muy por encima de lo que significa dar patadas a un bal\u00f3n.<\/p>\n\n\n\n<p class=\" eplus-wrapper\">La charla con Mikel Gonz\u00e1lez me dej\u00f3 satisfecho, porque dijo cosas. Muchas cosas, desde la firmeza y la seguridad. Apostaba claramente por su continuidad en el club. Con rotundidad, sin dobleces. Quer\u00eda quedarse, haciendo caso omiso a otras opciones que pod\u00eda manejar su representante. Sobre su mesa hab\u00eda contratos suculentos, con cifras muy superiores al acuerdo finalmente adoptado. No lo dir\u00e1, pero en esta operaci\u00f3n el dinero no lo ha sido todo. Mikel ha valorado cosas que van m\u00e1s all\u00e1 de la pasta. Si fuera por los ceros del contrato, su futuro no estaba en la Real.<\/p>\n\n\n\n<p class=\" eplus-wrapper\">El acuerdo no ha sido f\u00e1cil, porque entre la propuesta que el club ofreci\u00f3 de salida y lo que ped\u00eda el asesor del arrasatearra exist\u00eda una kilom\u00e9trica diferencia. En la negociaci\u00f3n ha habido momentos comprometidos que atascaron el proceso y el final feliz que deseaban. No olvidemos que el club sigue en proceso concursal y los recursos que maneja son bastante escasos. Pese a ello, la hipot\u00e9tica salida del central a otro club hubiese dejado en entredicho la capacidad del actual Consejo que, tras la firma del contrato, sale claramente reforzado y se apunta un tanto. Por eso, me parece incomprensible que nadie le acompa\u00f1ara en la rueda de prensa posterior al acuerdo. La renovaci\u00f3n es un fichaje en toda regla.<\/p>\n\n\n\n<p class=\" eplus-wrapper\">Tambi\u00e9n sale reforzado el protagonista. Si no cede en sus peticiones iniciales hasta encontrar ese punto de convergencia, el acuerdo no era posible. Ese era el riesgo de su firme palabra. Palabra de ley. El dardo apuntaba y apostaba claramente por la Real. Le acusaron incluso de haber firmado un precontrato con otra entidad. Lo desminti\u00f3 por activa y por pasiva. No le cre\u00edan. Ha pasado un mes desde aquella charla que antes he comentado y hoy no queda un solo espacio para la duda. Mikel, 24 a\u00f1os, apuesta por su futuro aqu\u00ed, en este humilde proyecto que crece precisamente por la aportaci\u00f3n de jugadores como \u00e9l. Sigue el ejemplo de otros compa\u00f1eros que se comprometieron a devolver al equipo al lugar que le corresponde. Como en los tiempos que corren esa no es la norma, destaco su decisi\u00f3n, la que tal vez falt\u00f3 ayer en el exigente compromiso del Rico P\u00e9rez. El rojo es el color del demonio y del infierno.<\/p>\n","protected":false},"excerpt":{"rendered":"<p>H\u00e9rcules CF 5-1 Real Sociedad Jornada 10 Liga 2\u00aa &#8211; 01\/11\/2009 Mikel&nbsp;Gonz\u00e1lez jug\u00f3 ayer de lateral derecho en el 5-1 de Alicante, vestido de rojo como los demonios coloraos. Una nueva ubicaci\u00f3n para servir a la instituci\u00f3n con la que sigue comprometida. Pas\u00f3 un mal trago, como el resto de compa\u00f1eros. Se les atragant\u00f3 un [&hellip;]<\/p>\n","protected":false},"author":1,"featured_media":8584,"comment_status":"closed","ping_status":"open","sticky":false,"template":"","format":"standard","meta":{"editor_plus_copied_stylings":"{}","_monsterinsights_skip_tracking":false,"_monsterinsights_sitenote_active":false,"_monsterinsights_sitenote_note":"","_monsterinsights_sitenote_category":0,"footnotes":""},"categories":[36],"tags":[],"class_list":["post-192","post","type-post","status-publish","format-standard","has-post-thumbnail","hentry","category-beaterios-2009-2010"],"aioseo_notices":[],"_links":{"self":[{"href":"https:\/\/elbeaterio.es\/index.php\/wp-json\/wp\/v2\/posts\/192","targetHints":{"allow":["GET"]}}],"collection":[{"href":"https:\/\/elbeaterio.es\/index.php\/wp-json\/wp\/v2\/posts"}],"about":[{"href":"https:\/\/elbeaterio.es\/index.php\/wp-json\/wp\/v2\/types\/post"}],"author":[{"embeddable":true,"href":"https:\/\/elbeaterio.es\/index.php\/wp-json\/wp\/v2\/users\/1"}],"replies":[{"embeddable":true,"href":"https:\/\/elbeaterio.es\/index.php\/wp-json\/wp\/v2\/comments?post=192"}],"version-history":[{"count":2,"href":"https:\/\/elbeaterio.es\/index.php\/wp-json\/wp\/v2\/posts\/192\/revisions"}],"predecessor-version":[{"id":8595,"href":"https:\/\/elbeaterio.es\/index.php\/wp-json\/wp\/v2\/posts\/192\/revisions\/8595"}],"wp:featuredmedia":[{"embeddable":true,"href":"https:\/\/elbeaterio.es\/index.php\/wp-json\/wp\/v2\/media\/8584"}],"wp:attachment":[{"href":"https:\/\/elbeaterio.es\/index.php\/wp-json\/wp\/v2\/media?parent=192"}],"wp:term":[{"taxonomy":"category","embeddable":true,"href":"https:\/\/elbeaterio.es\/index.php\/wp-json\/wp\/v2\/categories?post=192"},{"taxonomy":"post_tag","embeddable":true,"href":"https:\/\/elbeaterio.es\/index.php\/wp-json\/wp\/v2\/tags?post=192"}],"curies":[{"name":"wp","href":"https:\/\/api.w.org\/{rel}","templated":true}]}}