{"id":338,"date":"2022-05-16T19:57:00","date_gmt":"2022-05-16T19:57:00","guid":{"rendered":"https:\/\/elbeaterio.es\/?p=338"},"modified":"2025-05-30T18:06:27","modified_gmt":"2025-05-30T16:06:27","slug":"mayormente-soleado","status":"publish","type":"post","link":"https:\/\/elbeaterio.es\/index.php\/2022\/05\/16\/mayormente-soleado\/","title":{"rendered":"\u00a1Mayormente soleado!"},"content":{"rendered":"\n<figure class=\" wp-block-table eplus-wrapper\"><table><thead><tr><th class=\"has-text-align-center\" data-align=\"center\">Villarreal CF 1-2 Real Sociedad<\/th><\/tr><\/thead><tbody><tr><td class=\"has-text-align-center\" data-align=\"center\">Jornada 37 Liga &#8211; 15\/05\/2022<\/td><\/tr><\/tbody><\/table><\/figure>\n\n\n\n<p class=\" eplus-wrapper\">Cuando abro el ordenador para escribir este texto o cualquier otro, en una de las pesta\u00f1as ofrecen informaci\u00f3n del tiempo. Marcaba 21\u00ba y un comentario, icono con solecito incluido, \u201cmayormente soleado\u201d. En ese preciso instante ca\u00eda la del pulpo y retumbaban las ventanas por la tormenta. Corr\u00ed como casi nunca a recoger la ropa tendida que estaba pr\u00e1cticamente seca, mientras una granizada jaleaba la media tarde. Los propietarios de los veladores en los que la clientela tomaba caf\u00e9 retiraron la vajilla, sillas y mesas a m\u00e1s velocidad que Hondley en la etapa del Giro. Las sombrillas andaban por tiempos. No s\u00e9 el motivo pero, cuando se montan estas trifulcas clim\u00e1ticas, disfruto.<\/p>\n\n\n\n<p class=\" eplus-wrapper\">Casi tanto como al escuchar a Imanol calificar de zorro a su colega y rival en el banquillo, mientras \u00e9l mismo se reconoc\u00eda adicto a la gitaner\u00eda. Ver para creer. Planteadas las cosas de este modo, seguro que el oriotarra manejaba la sorpresita que no falta casi nunca. \u00a1Illarra titular!, en detrimento de Rafinha, con la vuelta de los sancionados, am\u00e9n del m\u00fasculo de Zaldua en el lateral derecho.<\/p>\n\n\n\n<p class=\" eplus-wrapper\">Estaba claro que lo prioritario era ganar por lo mucho que hab\u00eda en juego, Ignoro si el asunto de la zorrer\u00eda se relacionaba con las acciones a bal\u00f3n parado que tantos beneficios le proporciona al t\u00e9cnico de Hondarribia. Por el camino recto ninguno de los dos equipos movi\u00f3 el marcador. La Real sali\u00f3 muy bien, concentrada y dispuesta, pero con la carabina antigua y los perdigones desviados. \u00a1Para no variar! Una pena no aprovechar ninguna de las ocasiones. Tampoco los de casa. As\u00ed que debi\u00f3 ser una acci\u00f3n de laboratorio la que marcara la diferencia en el primer periodo. Si en el partido de ida, los castellonenses hicieron dos, con el comentado de Coquelin, fueron tres. Tocaba reaccionar si&nbsp; la Europa League era el objetivo perseguido.<\/p>\n\n\n\n<p class=\" eplus-wrapper\">Estas jornadas plurales, todos a la misma hora, con pausa de hidrataci\u00f3n incluida, aportan la emoci\u00f3n del traj\u00edn y de los nervios. Se juegan tanto todos que, el f\u00fatbol de sal\u00f3n da paso al de los viejos patios. En La Cer\u00e1mica los dos t\u00e9cnicos apostaron por mantener vivas las constantes vitales de sus equipos. No renunciaron a seguir siendo ellos mismos. Por eso, el primer tiempo me gust\u00f3 bastante m\u00e1s all\u00e1 del resultado. No es por casualidad que est\u00e9n ocupando puestos de premio en la clasificaci\u00f3n.<\/p>\n\n\n\n<p class=\" eplus-wrapper\">El inicio del segundo tiempo comenz\u00f3 igual que el primero, con ocasi\u00f3n perdida para empatar. Cre\u00ed que la pel\u00edcula de tantas otras veces se iba a repetir. Sucede que el equipo lleg\u00f3 con los deberes hechos, con mucha menor presi\u00f3n de lo habitual. Sigui\u00f3 apretando arriba, sin miedo, y con la punter\u00eda mejorada. Isak y Zubimendi le dieron la vuelta a la tortilla, aunque en medio sucedi\u00f3 un pasaje, poco inesperado, en el que el trencilla se fue al punto de penalti a velocidad vertiginosa, melenas al viento. Esta vez el VAR le llam\u00f3 a cap\u00edtulo, le hizo reflexionar \u00a1cinco minutos! hasta que el astur se desdijo de la decisi\u00f3n adoptada. \u00bfQui\u00e9n lo controlaba?: Del Cerro Grande. Lo escribo para destacar su actuaci\u00f3n. Es posible que otro menos medi\u00e1tico tira por la calle del medio y ni le llama, ni nada, pero es internacional y eso conlleva autoridad.<\/p>\n\n\n\n<p class=\" eplus-wrapper\">En aquel momento el tanteador reflejaba tablas y en el terreno se ve\u00eda a un equipo m\u00e1s entero que al otro. La Real no se atrincher\u00f3 atr\u00e1s, no especul\u00f3, sigui\u00f3 en la porf\u00eda y crey\u00f3 hasta el final en su suerte. Los de Imanol protagonizaron un se\u00f1or partido. Justo lo contrario que los de Emery. Daban la sensaci\u00f3n de bloqueo mental, como impotentes ante la integridad del rival. La temporada ha sido muy dura y exigente para ellos. Han llegado a semifinales de Champions, pero les falta rematar la plaza europea del a\u00f1o que viene. Escuchar a Coquelin al final del encuentro no deja lugar a dudas. Repiti\u00f3 y repiti\u00f3 la misma percepci\u00f3n, una mezcla de decepci\u00f3n y des\u00e1nimo.<\/p>\n\n\n\n<p class=\" eplus-wrapper\">En la otra parte se repart\u00edan m\u00e1s abrazos y besos, que votos en el festival de Horrorvisi\u00f3n. No recupero el p\u00e1lpito desde que Noruega ocup\u00f3 el escenario. Dos cantantes con sendas m\u00e1scaras (no eran de zorro, ni de gitano) a los que no vimos la cara en toda la actuaci\u00f3n. Si no lo comento, reviento. Es una pasada. Igual que la falta a Rafinha en el minuto 100, cuando en un salto prodigioso escuch\u00f3 el silbato del colegiado, unidireccional. Felizmente, la cosa no pas\u00f3 a mayores y los puntos vuelven en la expedici\u00f3n realista que por tercer a\u00f1o consecutivo competir\u00e1 en la Europa League. Este humilde equipo de provincias, del que muchas veces se duda, sigue siendo un motivo de orgullo. Y su comportamiento estas tres \u00faltimas temporadas, mayormente soleado.<\/p>\n\n\n\n<p class=\" eplus-wrapper\">Supongo que hay ganas de vacaciones. Trankil, que s\u00f3lo queda uno. Cuando vimos el calendario y el nivel de exigencia de los \u00faltimos partidos, nos temimos (somos guipuzcoanos) lo peor. Precisamente, en este tramo final el equipo ha dado la cara, se ha sobrepuesto a las graves lesiones y a las otras, a las sanciones y a los rivales. Si hubiera apuntado mejor\u2026El partido ante los colchoneros de Madrid no trasciende en la clasificaci\u00f3n. Es el encuentro del adi\u00f3s y de las despedidas. \u00bfSabremos algo nuevo esta semana de los jugadores pendientes de resoluci\u00f3n? \u00bfSe van, se quedan?<\/p>\n\n\n\n<p class=\" has-gridlove-highlight-acc-background-color has-background eplus-wrapper\">Apunte con brillantina: Uno de los equipos entra\u00f1ables del f\u00fatbol guipuzcoano afronta la posibilidad del ascenso de categor\u00eda. El Beasain ha eliminado a Baskonia y Portugalete antes de acudir a Madrid, ciudad en la que se jugar\u00e1 las pesta\u00f1as. No conoce el rival todav\u00eda, pero seguro que la moral adquirida por los \u00faltimos resultados, a\u00f1ade un plus de entusiasmo. Casi podr\u00eda decirse lo mismo de la unidad \u201cC\u201d de la Real, el conjunto de Sergio Francisco que se ve en la misma tesitura. Mucho \u00e1nimo y mucha suerte.<\/p>\n","protected":false},"excerpt":{"rendered":"<p>Villarreal CF 1-2 Real Sociedad Jornada 37 Liga &#8211; 15\/05\/2022 Cuando abro el ordenador para escribir este texto o cualquier otro, en una de las pesta\u00f1as ofrecen informaci\u00f3n del tiempo. Marcaba 21\u00ba y un comentario, icono con solecito incluido, \u201cmayormente soleado\u201d. En ese preciso instante ca\u00eda la del pulpo y retumbaban las ventanas por la [&hellip;]<\/p>\n","protected":false},"author":1,"featured_media":339,"comment_status":"closed","ping_status":"open","sticky":false,"template":"","format":"standard","meta":{"editor_plus_copied_stylings":"{}","_monsterinsights_skip_tracking":false,"_monsterinsights_sitenote_active":false,"_monsterinsights_sitenote_note":"","_monsterinsights_sitenote_category":0,"footnotes":""},"categories":[7],"tags":[],"class_list":["post-338","post","type-post","status-publish","format-standard","has-post-thumbnail","hentry","category-beaterios-2021-2022"],"aioseo_notices":[],"_links":{"self":[{"href":"https:\/\/elbeaterio.es\/index.php\/wp-json\/wp\/v2\/posts\/338","targetHints":{"allow":["GET"]}}],"collection":[{"href":"https:\/\/elbeaterio.es\/index.php\/wp-json\/wp\/v2\/posts"}],"about":[{"href":"https:\/\/elbeaterio.es\/index.php\/wp-json\/wp\/v2\/types\/post"}],"author":[{"embeddable":true,"href":"https:\/\/elbeaterio.es\/index.php\/wp-json\/wp\/v2\/users\/1"}],"replies":[{"embeddable":true,"href":"https:\/\/elbeaterio.es\/index.php\/wp-json\/wp\/v2\/comments?post=338"}],"version-history":[{"count":2,"href":"https:\/\/elbeaterio.es\/index.php\/wp-json\/wp\/v2\/posts\/338\/revisions"}],"predecessor-version":[{"id":8986,"href":"https:\/\/elbeaterio.es\/index.php\/wp-json\/wp\/v2\/posts\/338\/revisions\/8986"}],"wp:featuredmedia":[{"embeddable":true,"href":"https:\/\/elbeaterio.es\/index.php\/wp-json\/wp\/v2\/media\/339"}],"wp:attachment":[{"href":"https:\/\/elbeaterio.es\/index.php\/wp-json\/wp\/v2\/media?parent=338"}],"wp:term":[{"taxonomy":"category","embeddable":true,"href":"https:\/\/elbeaterio.es\/index.php\/wp-json\/wp\/v2\/categories?post=338"},{"taxonomy":"post_tag","embeddable":true,"href":"https:\/\/elbeaterio.es\/index.php\/wp-json\/wp\/v2\/tags?post=338"}],"curies":[{"name":"wp","href":"https:\/\/api.w.org\/{rel}","templated":true}]}}