{"id":343,"date":"2022-05-13T22:14:00","date_gmt":"2022-05-13T22:14:00","guid":{"rendered":"https:\/\/elbeaterio.es\/?p=343"},"modified":"2025-05-30T18:05:56","modified_gmt":"2025-05-30T16:05:56","slug":"soy-de-karrikaburu-y-de-sorloth-que-quereis-que-os-diga","status":"publish","type":"post","link":"https:\/\/elbeaterio.es\/index.php\/2022\/05\/13\/soy-de-karrikaburu-y-de-sorloth-que-quereis-que-os-diga\/","title":{"rendered":"Soy de Karrikaburu y de Sorloth, qu\u00e9 quer\u00e9is que os diga"},"content":{"rendered":"\n<figure class=\" wp-block-table eplus-wrapper\"><table><thead><tr><th class=\"has-text-align-center\" data-align=\"center\">Real Sociedad 3-0 C\u00e1diz CF<\/th><\/tr><\/thead><tbody><tr><td class=\"has-text-align-center\" data-align=\"center\">Jornada 36 Liga &#8211; 12\/05\/2022<\/td><\/tr><\/tbody><\/table><\/figure>\n\n\n\n<p class=\" eplus-wrapper\">Comenc\u00e9 en el a\u00f1o 1959 a ver partidos de f\u00fatbol. Obviamente, in situ, porque ni televisi\u00f3n, ni gaitas. Cuando veo fotos de las gradas de los campos guipuzcoanos de f\u00fatbol, abarrotadas hasta las banderas, siento nostalgia, porque aquellos llenos hoy est\u00e1n vac\u00edos. Desde entonces fui seleccionando los gustos por un tipo de f\u00fatbol. Pasi\u00f3n por los extremos que desbordan por fuera, por sus centros y por los cabezazos del killer de turno. La lista de \u201cfinisheurs\u201d es enorme, aunque ese estilo de jugador se va perdiendo. Ahora los t\u00e9cnicos quieren gente que aguante la pelota, juegue de espaldas a la porter\u00eda, caiga a las bandas, sea vers\u00e1til, presione y rece un avemar\u00eda si le da tiempo. El cors\u00e9 de lo t\u00e1ctico frente a la libertad.<\/p>\n\n\n\n<p class=\" eplus-wrapper\">Imanol Agirretxe pertenec\u00eda a la dinast\u00eda de los acorazados. Cuando marcaba un gol me encantaba destacar el protagonismo de \u201cla tanqueta de Usurbil\u201d Recuerdo el d\u00eda en que debut\u00f3 en Getafe. Esta semana se han cumplido diecisiete a\u00f1os de aquella experiencia. Al acabar el encuentro le entrevist\u00e9. Entre nervioso y asustado se defendi\u00f3 como pudo. Seguro que en aquel momento hubiera deseado pegarse con un central al uso que responder a mis preguntas. En el camino compartido desde entonces fuimos rompiendo barreras y, gracias a su confianza, pude descubrir no un \u201c9\u201d sino un \u201c10\u201d como persona que, al final, es a lo que m\u00e1s valor le doy de la traves\u00eda con deportistas. Es imposible que alguien te hable mal de \u00e9l. Desde que decidi\u00f3 retirarse, ese perfil de delantero en clave txuriurdin no lo he encontrado.&nbsp; De los vigentes, Sorloth. De los que apuntan, Karrikaburu.<\/p>\n\n\n\n<p class=\" eplus-wrapper\">Supongo que no saben ni qui\u00e9n soy, ni a lo que me dedico. As\u00ed que os dejo claro que la relaci\u00f3n personal con ellos es la misma que la de un ciudadano de Olazagutia que va al f\u00fatbol y se fija en \u00e9l. En el caso del navarro, ignoro qu\u00e9 ha sucedido en los \u00faltimos tiempos, pero me siento perdido. No hace demasiados d\u00edas ocup\u00f3 portadas que me descolocaron a ra\u00edz de unas declaraciones El hecho de haber sido convocado para el partido ante los gaditanos y las declaraciones del entrenador me sosegaron. Disfruto con su juego, con sus remates, con la fortaleza y el poder\u00edo de su forma de ir a las disputas. S\u00e9 que hasta septiembre no cumplir\u00e1 20 a\u00f1os y que por tanto le queda mucho por aprender, para ser mejor y alcanzar los sue\u00f1os, pero creo en \u00e9l. As\u00ed que, sin ponerme ni rojo, ni colorao, soy de Karrikaburu. \u00bfQu\u00e9 quer\u00e9is que os diga?<\/p>\n\n\n\n<p class=\" eplus-wrapper\">Venimos de donde venimos, de no meter un gol ni al arco iris, de perder puntos y puntos por no sentenciar jugadas de libro. Ser\u00eda ventajista por mi parte pedir la presencia del baztandarra. &nbsp;Era previsible que no contara con minutos ante los gaditanos. Entre otras cosas porque su equipo, el Sanse, se est\u00e1 jugando las pesta\u00f1as y hoy juega una final ante el Almer\u00eda y su mayor responsabilidad est\u00e1 ah\u00ed en este momento, tratando de dar la mejor respuesta a su equipo, a sus compa\u00f1eros y a la confianza de su entrenador cuando le alinea. El t\u00e9cnico cuid\u00f3 a los chicos del filial. No tir\u00f3 de ninguno de ellos, as\u00ed que los Lobete, Ander Mart\u00edn, Djouahra y Turrientes est\u00e1n a disposici\u00f3n de Xabi Alonso. Ojal\u00e1 consigan salvarse, porque ser\u00eda un remate monumental a todos sus esfuerzos y trajines. Se han ganado a pulso seguir siendo de plata de ley.<\/p>\n\n\n\n<p class=\" eplus-wrapper\">El otro coraz\u00f3n valiente (Braveheart) es Sorloth. Como no pertenezco al mundo de Aramis Fuster, ni dispongo de bola m\u00e1gica, ignoro por d\u00f3nde pasa su futuro, ni cu\u00e1les son los planes del club respecto de \u00e9l. Hace goles imponentes y se le escapan otros que parecen f\u00e1ciles. Le pas\u00f3 frente al C\u00e1diz. Abri\u00f3 la lata felizmente para la suerte de su equipo, dispuso de un mano a mano con el portero contrario, en el tiempo de prolongaci\u00f3n, que no fue tanto de milagro y se faj\u00f3 los noventa y tantos minutos sin racaneos, ni escaqueos. Cuando mete un gol y sus compa\u00f1eros le abrazan, ausente Le Normand, aparece como Gulliver, gigante inmenso, por encima de todos, sin alardes, ni euforias desmedidas, ni nada que se relacione con los triunfalismos.<\/p>\n\n\n\n<p class=\" eplus-wrapper\">Como al partido lleg\u00e1bamos con la mosca detr\u00e1s de la oreja, conseguir un triunfo marcando tres goles, dejando una vez m\u00e1s la puerta \u201ca cero\u201d y sumando tres puntos de tron\u00edo, logrado el objetivo, solo queda aplaudir y formar parte del abrazo que se pegaron los t\u00e9cnicos al finalizar el encuentro. Buena culpa de esa alegr\u00eda le corresponde a David Silva que volvi\u00f3 a protagonizar una actuaci\u00f3n de esc\u00e1ndalo, imponente, cautivadora y feliz. Confirmada su renovaci\u00f3n, contar con un jugador de semejante voltaje sabe a gloria bendita, aunque los a\u00f1os le pesen y haya tiempos a lo largo del curso en los que no pueda lucir tanto. \u00c9ste es tambi\u00e9n de los que agarra el tim\u00f3n y no lo suelta.<\/p>\n\n\n\n<p class=\" eplus-wrapper\">Liberados de tensiones y agobios de \u00faltima hora, se trata de confirmar en qu\u00e9 competici\u00f3n europea va a jugar el equipo a\u00f1o. \u00bfLa misma de este a\u00f1o o la que sabe a pera?. Ser\u00e1 clave el partido del domingo en Villarreal. \u201cIremos a ganar\u201d respond\u00eda Januzaj cuando le preguntaban al respecto. En cambio, hubo menos rotundidad en la respuesta sobre su futuro. Se deja querer entre caranto\u00f1as y cucamonas. Pone cara de ni\u00f1o travieso, sonr\u00ede y deja entrever que no realizar\u00e1 mudanza este verano, salvo que cambie de casa en la misma ciudad. Escuch\u00f3 los aplausos de la gente que le quiere cuando le sustituy\u00f3 Cristian Portu. Le hicieron un penalti flagrante. Agarr\u00f3 el bal\u00f3n de los once metros, el penalti con el que estrenar su casillero de goles en la presente temporada y se liber\u00f3, no hay duda, cuando su remate subi\u00f3 al marcador para redondear un a\u00f1o estupendo de todo el colectivo. Es lo que me parece. \u00a1Qu\u00e9 quer\u00e9is que os diga!<\/p>\n\n\n\n<p class=\" eplus-wrapper\">Apunte con brillantina: Esta semana, en uno de los puestos de verduras que visito habitualmente, asomaban unas bolsitas con guisantes del pa\u00eds. Ni una l\u00ednea, ni una etiqueta. Nada. No hablaban, pero se intu\u00eda un c\u00f3meme, c\u00f3meme. Bendita tentaci\u00f3n en la que ca\u00ed. Con unas patatitas y algo de cebolla muy picada, sin jam\u00f3n, los hice en un santiam\u00e9n. Luego, un par de huevos escalfados y no mucha sal \u00bfC\u00f3mo estaban? Cojonudos (con perd\u00f3n).<\/p>\n\n\n\n<p class=\" eplus-wrapper\">Supongo que no saben ni qui\u00e9n soy, ni a lo que me dedico. As\u00ed que os dejo claro que la relaci\u00f3n personal con ellos es la misma que la de un ciudadano de Olazagutia que va al f\u00fatbol y se fija en \u00e9l. En el caso del navarro, ignoro qu\u00e9 ha sucedido en los \u00faltimos tiempos, pero me siento perdido. No hace demasiados d\u00edas ocup\u00f3 portadas que me descolocaron a ra\u00edz de unas declaraciones El hecho de haber sido convocado para el partido ante los gaditanos y las declaraciones del entrenador me sosegaron. Disfruto con su juego, con sus remates, con la fortaleza y el poder\u00edo de su forma de ir a las disputas. S\u00e9 que hasta septiembre no cumplir\u00e1 20 a\u00f1os y que por tanto le queda mucho por aprender, para ser mejor y alcanzar los sue\u00f1os, pero creo en \u00e9l. As\u00ed que, sin ponerme ni rojo, ni colorao, soy de Karrikaburu. \u00bfQu\u00e9 quer\u00e9is que os diga?<\/p>\n\n\n\n<p class=\" eplus-wrapper\">Venimos de donde venimos, de no meter un gol ni al arco iris, de perder puntos y puntos por no sentenciar jugadas de libro. Ser\u00eda ventajista por mi parte pedir la presencia del baztandarra. &nbsp;Era previsible que no contara con minutos ante los gaditanos. Entre otras cosas porque su equipo, el Sanse, se est\u00e1 jugando las pesta\u00f1as y hoy juega una final ante el Almer\u00eda y su mayor responsabilidad est\u00e1 ah\u00ed en este momento, tratando de dar la mejor respuesta a su equipo, a sus compa\u00f1eros y a la confianza de su entrenador cuando le alinea. El t\u00e9cnico cuid\u00f3 a los chicos del filial. No tir\u00f3 de ninguno de ellos, as\u00ed que los Lobete, Ander Mart\u00edn, Djouahra y Turrientes est\u00e1n a disposici\u00f3n de Xabi Alonso. Ojal\u00e1 consigan salvarse, porque ser\u00eda un remate monumental a todos sus esfuerzos y trajines. Se han ganado a pulso seguir siendo de plata de ley.<\/p>\n\n\n\n<p class=\" eplus-wrapper\">El otro coraz\u00f3n valiente (Braveheart) es Sorloth. Como no pertenezco al mundo de Aramis Fuster, ni dispongo de bola m\u00e1gica, ignoro por d\u00f3nde pasa su futuro, ni cu\u00e1les son los planes del club respecto de \u00e9l. Hace goles imponentes y se le escapan otros que parecen f\u00e1ciles. Le pas\u00f3 frente al C\u00e1diz. Abri\u00f3 la lata felizmente para la suerte de su equipo, dispuso de un mano a mano con el portero contrario, en el tiempo de prolongaci\u00f3n, que no fue tanto de milagro y se faj\u00f3 los noventa y tantos minutos sin racaneos, ni escaqueos. Cuando mete un gol y sus compa\u00f1eros le abrazan, ausente Le Normand, aparece como Gulliver, gigante inmenso, por encima de todos, sin alardes, ni euforias desmedidas, ni nada que se relacione con los triunfalismos.<\/p>\n\n\n\n<p class=\" eplus-wrapper\">Como al partido lleg\u00e1bamos con la mosca detr\u00e1s de la oreja, conseguir un triunfo marcando tres goles, dejando una vez m\u00e1s la puerta \u201ca cero\u201d y sumando tres puntos de tron\u00edo, logrado el objetivo, solo queda aplaudir y formar parte del abrazo que se pegaron los t\u00e9cnicos al finalizar el encuentro. Buena culpa de esa alegr\u00eda le corresponde a David Silva que volvi\u00f3 a protagonizar una actuaci\u00f3n de esc\u00e1ndalo, imponente, cautivadora y feliz. Confirmada su renovaci\u00f3n, contar con un jugador de semejante voltaje sabe a gloria bendita, aunque los a\u00f1os le pesen y haya tiempos a lo largo del curso en los que no pueda lucir tanto. \u00c9ste es tambi\u00e9n de los que agarra el tim\u00f3n y no lo suelta.<\/p>\n\n\n\n<p class=\" eplus-wrapper\">Liberados de tensiones y agobios de \u00faltima hora, se trata de confirmar en qu\u00e9 competici\u00f3n europea va a jugar el equipo a\u00f1o. \u00bfLa misma de este a\u00f1o o la que sabe a pera?. Ser\u00e1 clave el partido del domingo en Villarreal. \u201cIremos a ganar\u201d respond\u00eda Januzaj cuando le preguntaban al respecto. En cambio, hubo menos rotundidad en la respuesta sobre su futuro. Se deja querer entre caranto\u00f1as y cucamonas. Pone cara de ni\u00f1o travieso, sonr\u00ede y deja entrever que no realizar\u00e1 mudanza este verano, salvo que cambie de casa en la misma ciudad. Escuch\u00f3 los aplausos de la gente que le quiere cuando le sustituy\u00f3 Cristian Portu. Le hicieron un penalti flagrante. Agarr\u00f3 el bal\u00f3n de los once metros, el penalti con el que estrenar su casillero de goles en la presente temporada y se liber\u00f3, no hay duda, cuando su remate subi\u00f3 al marcador para redondear un a\u00f1o estupendo de todo el colectivo. Es lo que me parece. \u00a1Qu\u00e9 quer\u00e9is que os diga!<\/p>\n\n\n\n<p class=\" has-gridlove-highlight-acc-background-color has-background eplus-wrapper\">Apunte con brillantina: Esta semana, en uno de los puestos de verduras que visito habitualmente, asomaban unas bolsitas con guisantes del pa\u00eds. Ni una l\u00ednea, ni una etiqueta. Nada. No hablaban, pero se intu\u00eda un c\u00f3meme, c\u00f3meme. Bendita tentaci\u00f3n en la que ca\u00ed. Con unas patatitas y algo de cebolla muy picada, sin jam\u00f3n, los hice en un santiam\u00e9n. Luego, un par de huevos escalfados y no mucha sal \u00bfC\u00f3mo estaban? Cojonudos (con perd\u00f3n).<\/p>\n","protected":false},"excerpt":{"rendered":"<p>Real Sociedad 3-0 C\u00e1diz CF Jornada 36 Liga &#8211; 12\/05\/2022 Comenc\u00e9 en el a\u00f1o 1959 a ver partidos de f\u00fatbol. Obviamente, in situ, porque ni televisi\u00f3n, ni gaitas. Cuando veo fotos de las gradas de los campos guipuzcoanos de f\u00fatbol, abarrotadas hasta las banderas, siento nostalgia, porque aquellos llenos hoy est\u00e1n vac\u00edos. Desde entonces fui [&hellip;]<\/p>\n","protected":false},"author":1,"featured_media":344,"comment_status":"closed","ping_status":"open","sticky":false,"template":"","format":"standard","meta":{"editor_plus_copied_stylings":"{}","_monsterinsights_skip_tracking":false,"_monsterinsights_sitenote_active":false,"_monsterinsights_sitenote_note":"","_monsterinsights_sitenote_category":0,"footnotes":""},"categories":[7],"tags":[],"class_list":["post-343","post","type-post","status-publish","format-standard","has-post-thumbnail","hentry","category-beaterios-2021-2022"],"aioseo_notices":[],"_links":{"self":[{"href":"https:\/\/elbeaterio.es\/index.php\/wp-json\/wp\/v2\/posts\/343","targetHints":{"allow":["GET"]}}],"collection":[{"href":"https:\/\/elbeaterio.es\/index.php\/wp-json\/wp\/v2\/posts"}],"about":[{"href":"https:\/\/elbeaterio.es\/index.php\/wp-json\/wp\/v2\/types\/post"}],"author":[{"embeddable":true,"href":"https:\/\/elbeaterio.es\/index.php\/wp-json\/wp\/v2\/users\/1"}],"replies":[{"embeddable":true,"href":"https:\/\/elbeaterio.es\/index.php\/wp-json\/wp\/v2\/comments?post=343"}],"version-history":[{"count":2,"href":"https:\/\/elbeaterio.es\/index.php\/wp-json\/wp\/v2\/posts\/343\/revisions"}],"predecessor-version":[{"id":8985,"href":"https:\/\/elbeaterio.es\/index.php\/wp-json\/wp\/v2\/posts\/343\/revisions\/8985"}],"wp:featuredmedia":[{"embeddable":true,"href":"https:\/\/elbeaterio.es\/index.php\/wp-json\/wp\/v2\/media\/344"}],"wp:attachment":[{"href":"https:\/\/elbeaterio.es\/index.php\/wp-json\/wp\/v2\/media?parent=343"}],"wp:term":[{"taxonomy":"category","embeddable":true,"href":"https:\/\/elbeaterio.es\/index.php\/wp-json\/wp\/v2\/categories?post=343"},{"taxonomy":"post_tag","embeddable":true,"href":"https:\/\/elbeaterio.es\/index.php\/wp-json\/wp\/v2\/tags?post=343"}],"curies":[{"name":"wp","href":"https:\/\/api.w.org\/{rel}","templated":true}]}}