{"id":3900,"date":"2011-04-11T11:23:38","date_gmt":"2011-04-11T11:23:38","guid":{"rendered":"http:\/\/localhost\/joomla\/2011\/04\/11\/una-final-se-mire-por-donde-se-mire\/"},"modified":"2025-05-29T19:58:37","modified_gmt":"2025-05-29T17:58:37","slug":"una-final-se-mire-por-donde-se-mire","status":"publish","type":"post","link":"https:\/\/elbeaterio.es\/index.php\/2011\/04\/11\/una-final-se-mire-por-donde-se-mire\/","title":{"rendered":"Una final, se mire por donde se mire"},"content":{"rendered":"\n<figure class=\" wp-block-table eplus-wrapper\"><table><thead><tr><th class=\"has-text-align-center\" data-align=\"center\">Atl\u00e9tico de Madrid 3-0 Real Sociedad<\/th><\/tr><\/thead><tbody><tr><td class=\"has-text-align-center\" data-align=\"center\">Jornada 31 &#8211; 10\/04\/2011<\/td><\/tr><\/tbody><\/table><\/figure>\n\n\n\n<p class=\" eplus-wrapper\">EL lunes pasado despu\u00e9s de la tertulia en Gipuzkoa Telebista, Mikel Recalde, con un puntito de co\u00f1a, me pregunt\u00f3 &#8220;\u00bfVas a abrir par\u00e9ntesis?&#8221;. Pude mandarle a tomar por donde amargan los pepinos, pero prefer\u00ed ser correcto y educado. Le contest\u00e9 rotundamente y sin vacilar que &#8220;no&#8221;. Se refer\u00eda obviamente a los beaterios relacionados con los encuentros que la Real disput\u00f3 en el Nou Camp, Bernab\u00e9u y Madrigal, cuyos propietarios me parec\u00edan entonces superiores a la Real. En aquellos partidos abr\u00eda y cerraba par\u00e9ntesis. Entend\u00eda que ara\u00f1ar algo en esos campos era misi\u00f3n poco menos que imposible. Pasado el tiempo, confirmo la apreciaci\u00f3n y sigo pensando lo mismo. De hecho, los tres van a ser semifinalistas en las competiciones europeas que disputan.<\/p>\n\n\n\n<!--more-->\n\n\n\n<p class=\" eplus-wrapper\">Cuando disfrutaba con la filosof\u00eda y el pensamiento, me hablaron un d\u00eda de Richard Rorty, un norteamericano ya fallecido que discut\u00eda sobre el relativismo. Esa corriente filos\u00f3fica sostiene que cualquier verdad o pensamiento, cualquier teor\u00eda o creencia son tan buenos como otras tantas y por eso no podemos pretender que una sea la aut\u00e9ntica o la m\u00e1s v\u00e1lida. Rorty defend\u00eda que las cosas valen no en s\u00ed mismas sino por las consecuencias pr\u00e1cticas y \u00fatiles que ofrecen en relaci\u00f3n con lo que se quiere conseguir. Trasladado al f\u00fatbol, est\u00e1 claro que se mueven en torno a una idea, equipo u objetivo, decenas de opiniones, respetables, pero solo v\u00e1lidas cuando los acontecimientos las confirman. Hasta que eso sucede, vueltas y vueltas a lo que pudo ser y no fue.<\/p>\n\n\n\n<p class=\" eplus-wrapper\">Quienes nos quedamos desde el principio conviviendo con el objetivo que entend\u00edamos \u00fanico e irrenunciable seguimos en \u00e9l. Hemos sido pocos los fieles a la com\u00fan idea de alcanzar 43 puntos y mantenernos. En torno a las euforias se han descarrilado varios vagones y ahora que se trata de enderezar el rumbo y volver a la v\u00eda, han llegado las prisas, los miedos, los temblores, las dudas y las desconfianzas. \u00a1Estamos bien! Incluso, el vestuario y parte de su entorno se despist\u00f3 y eligi\u00f3 una br\u00fajula diferente cuando la que ten\u00eda entre manos era la buena. Lo que era evangelio ahora es apostas\u00eda.<\/p>\n\n\n\n<p class=\" eplus-wrapper\">La sesi\u00f3n del mi\u00e9rcoles ense\u00f1\u00f3 a los futbolistas la colecci\u00f3n de errores cometidos ante el H\u00e9rcules, desmenuzados, como la papilla que se les da a los ni\u00f1os, cucharadita a cucharadita. Cada uno pudo comprobar la cruda realidad. El objetivo est\u00e1 claro: corregir errores y rectificar. Para ello era necesario aumentar el nivel de concentraci\u00f3n y fortaleza. No te puedes venir abajo si te marcan un gol. Las caras de los jugadores hace una semana eran un p\u00e1ramo y su entorno parecido al patio de Monipodio, cuando le preguntan a un gentilhombre: &#8220;\u00bfDe qu\u00e9 tierra es vuesa merced y hacia d\u00f3nde camina?&#8221;. La persona preguntada respondi\u00f3: &#8220;Mi tierra, se\u00f1or caballero, no la s\u00e9, ni para d\u00f3nde camino, tampoco&#8221;.<\/p>\n\n\n\n<p class=\" eplus-wrapper\">Era obligatorio reencontrarse, mirarse todos a la cara y decirse las cosas, tratando de encontrar respuestas solidarias cuanto antes. La primera oportunidad para demostrar el aprendizaje de la lecci\u00f3n y la reacci\u00f3n esperada estaba a orillas del Manzanares. Plaza complicada por muchas razones. Mart\u00edn Lasarte le dio mil vueltas a su cerebro hasta estrujarlo, despu\u00e9s de reunirse con los de arriba, con los del medio y con los de abajo. Modific\u00f3 algunas cosas sin mirar m\u00e1s all\u00e1 de las rayas colchoneras de los Costa, Ag\u00fcero, Forl\u00e1n, Reyes y compa\u00f1\u00eda, a\u00fan a sabiendas que siete d\u00edas m\u00e1s tarde llegaba el Sporting de Gij\u00f3n. El encuentro ante los de Manolo Preciado es a esta hora una final, se mire por donde se mire. Ayer estuvimos muy lejos de ser un equipo competitivo y necesitamos con urgencia darle la vuelta, antes de que nos pase por encima la marea y se acaben los cr\u00e9ditos.<\/p>\n","protected":false},"excerpt":{"rendered":"<p>Atl\u00e9tico de Madrid 3-0 Real Sociedad Jornada 31 &#8211; 10\/04\/2011 EL lunes pasado despu\u00e9s de la tertulia en Gipuzkoa Telebista, Mikel Recalde, con un puntito de co\u00f1a, me pregunt\u00f3 &#8220;\u00bfVas a abrir par\u00e9ntesis?&#8221;. Pude mandarle a tomar por donde amargan los pepinos, pero prefer\u00ed ser correcto y educado. Le contest\u00e9 rotundamente y sin vacilar que [&hellip;]<\/p>\n","protected":false},"author":1,"featured_media":8523,"comment_status":"closed","ping_status":"open","sticky":false,"template":"","format":"standard","meta":{"editor_plus_copied_stylings":"{}","_monsterinsights_skip_tracking":false,"_monsterinsights_sitenote_active":false,"_monsterinsights_sitenote_note":"","_monsterinsights_sitenote_category":0,"footnotes":""},"categories":[37],"tags":[],"class_list":["post-3900","post","type-post","status-publish","format-standard","has-post-thumbnail","hentry","category-beaterios-2010-2011"],"aioseo_notices":[],"_links":{"self":[{"href":"https:\/\/elbeaterio.es\/index.php\/wp-json\/wp\/v2\/posts\/3900","targetHints":{"allow":["GET"]}}],"collection":[{"href":"https:\/\/elbeaterio.es\/index.php\/wp-json\/wp\/v2\/posts"}],"about":[{"href":"https:\/\/elbeaterio.es\/index.php\/wp-json\/wp\/v2\/types\/post"}],"author":[{"embeddable":true,"href":"https:\/\/elbeaterio.es\/index.php\/wp-json\/wp\/v2\/users\/1"}],"replies":[{"embeddable":true,"href":"https:\/\/elbeaterio.es\/index.php\/wp-json\/wp\/v2\/comments?post=3900"}],"version-history":[{"count":2,"href":"https:\/\/elbeaterio.es\/index.php\/wp-json\/wp\/v2\/posts\/3900\/revisions"}],"predecessor-version":[{"id":8572,"href":"https:\/\/elbeaterio.es\/index.php\/wp-json\/wp\/v2\/posts\/3900\/revisions\/8572"}],"wp:featuredmedia":[{"embeddable":true,"href":"https:\/\/elbeaterio.es\/index.php\/wp-json\/wp\/v2\/media\/8523"}],"wp:attachment":[{"href":"https:\/\/elbeaterio.es\/index.php\/wp-json\/wp\/v2\/media?parent=3900"}],"wp:term":[{"taxonomy":"category","embeddable":true,"href":"https:\/\/elbeaterio.es\/index.php\/wp-json\/wp\/v2\/categories?post=3900"},{"taxonomy":"post_tag","embeddable":true,"href":"https:\/\/elbeaterio.es\/index.php\/wp-json\/wp\/v2\/tags?post=3900"}],"curies":[{"name":"wp","href":"https:\/\/api.w.org\/{rel}","templated":true}]}}