{"id":3999,"date":"2008-10-31T01:17:06","date_gmt":"2008-10-31T01:17:06","guid":{"rendered":"http:\/\/localhost\/joomla\/2008\/10\/31\/ique-subidon\/"},"modified":"2023-07-02T15:50:16","modified_gmt":"2023-07-02T13:50:16","slug":"ique-subidon","status":"publish","type":"post","link":"https:\/\/elbeaterio.es\/index.php\/2008\/10\/31\/ique-subidon\/","title":{"rendered":"\u00a1Qu\u00e9 subid\u00f3n!"},"content":{"rendered":"<p>\n&iquest;Qu&eacute; es la felicidad?. No s&eacute;. Probablemente sea imposible definirla, pero creo sentirla cerca. Me siento contento. Un subid&oacute;n que dir&iacute;a la gente joven. Nuestro equipo, nuestra Uni&oacute;n de siempre, dio la talla ante el Real Madrid. Ha ganado 3-2 el partido de ida de los dieciseisavos de final de la Copa del Rey. Juan Dom&iacute;nguez, por dos veces, e I&ntilde;aki Goikoetxea mandaron la pelota al fondo del portal de Dudek. Higuain y Saviola lo hicieron por los madridistas. El equipo estuvo soberano.\n<\/p>\n<p><!--more--><br \/>\nCinco mil personas han abarrotado Gal. El palco, a reventar, presidi&oacute; un partido emocionante en el que los jugadores de I&ntilde;aki Goikoetxea han dado lo mejor de s&iacute;. Grandes desde el primer minuto en el que se abri&oacute; el marcador. Esperamos tantos a&ntilde;os un momento as&iacute; que lo valoro una enormidad. Me gusta que los futbolistas sientan la camiseta, como los seguidores defienden sus colores. <\/p>\n<p>\nHan pasado ocho d&eacute;cadas desde que ambos equipos se enfrentaron en partido oficial. Entonces el bal&oacute;n llevaba pitorro. En el c&eacute;sped hoy hab&iacute;a internacionales por doquier, todos en el bando visitante. Schuster reconoci&oacute; que su equipo pudo especular con el partido de vuelta en el Bernabeu en donde piensa superar la eliminatoria. As&iacute; ser&aacute;, pero el bochorno que han pasado sus defensas, el taponazo que el Real Uni&oacute;n plante&oacute; en el centro del campo y la gran dignidad de la zaga guipuzcoana no hace sino valorar a&uacute;n m&aacute;s el justo triunfo irundarra.\n<\/p>\n<p>\nNi un mal gesto, ni una mala patada, nada que ensombrezca la victoria leg&iacute;tima del conjunto de I&ntilde;aki Alonso que tambi&eacute;n pasa con nota esta rev&aacute;lida, al margen de lo que suceda en el encuentro de Madrid. El &eacute;xito lejos de nublar la vista y la cabeza del equipo debe servir para rearmar su moral y seguir aspirando al objetivo que todos conocen. Mientras tanto, toca sentirse orgulloso. Lo estoy en grado sumo.\n<\/p>\n<p>\nFICHA TECNICA\n<\/p>\n<div id=\"FichaTecnicaDatos\">\n<table class=\"FichaTecnicaDatosTab\">\n<tbody>\n<tr>\n<th>Alineaciones<\/th>\n<\/tr>\n<tr>\n<td><strong>3. Real Uni&oacute;n: <\/strong>Otermin; Larra&iacute;nzar, Mendinueta, Berruet, Carracedo; Quero (Gabarain, min. 70), Agirre, Villar (Salcedo, min, 76), Juan Dom&iacute;nguez, Goikoetxea (Manu Garc&iacute;a, min. 84); Eneko Romo. <\/td>\n<\/tr>\n<tr>\n<td><strong>2. Real Madrid: <\/strong>Dudek; Marcelo, Heinze, Metzelder, Michel Salgado; Diarra (Sjnaider, min. 70), De la Red (Javi Garc&iacute;a, min. 14), Drenthe, Guti, Higua&iacute;n (Bueno, min. 88); Saviola. <\/td>\n<\/tr>\n<\/tbody>\n<\/table>\n<table width=\"103%\" class=\"FichaTecnicaDatosTab\">\n<tbody>\n<tr>\n<th>&Aacute;rbitro<\/th>\n<\/tr>\n<tr>\n<td>\n<p>\n\t\t\t<strong>Daud&eacute;n Iba&ntilde;ez. <\/strong>Amonest&oacute; a Aguirre, Berruet, Villar, Juan Dom&iacute;nguez, Gabarain, Mendinueta, Higua&iacute;n y Javi Garc&iacute;a.\n\t\t\t<\/p>\n<div>\n\t\t\tREAL UNION 3\n\t\t\t<\/div>\n<div>\n\t\t\t<\/div>\n<div>\n\t\t\t1-0. m.2. Juan Dom&iacute;nguez. <br \/>\n\t\t\t2-1. m.21. Juan Dom&iacute;nguez.<br \/>\n\t\t\t3-2. m.63. Goikoetxea <a href=\"http:\/\/www.marca.com\/edicion\/marca\/futbol\/copa_del_rey\/es\/desarrollo\/1084897.html\"><\/a>\n\t\t\t<\/div>\n<p>\n\t\t\tREAL MADRID 2\n\t\t\t<\/p>\n<p>\n\t\t\t1-1. m.9. Higua&iacute;n. <br \/>\n\t\t\t2-2. m.53. Saviola.\n\t\t\t<\/p>\n<\/td>\n<\/tr>\n<\/tbody>\n<\/table>\n<\/div>\n","protected":false},"excerpt":{"rendered":"<p>&iquest;Qu&eacute; es la felicidad?. No s&eacute;. Probablemente sea imposible definirla, pero creo sentirla cerca. Me siento contento. Un subid&oacute;n que dir&iacute;a la gente joven. Nuestro equipo, nuestra Uni&oacute;n de siempre, dio la talla ante el Real Madrid. Ha ganado 3-2 el partido de ida de los dieciseisavos de final de la Copa del Rey. Juan [&hellip;]<\/p>\n","protected":false},"author":1,"featured_media":0,"comment_status":"closed","ping_status":"open","sticky":false,"template":"","format":"standard","meta":{"editor_plus_copied_stylings":"{}","_monsterinsights_skip_tracking":false,"footnotes":""},"categories":[41],"tags":[],"class_list":["post-3999","post","type-post","status-publish","format-standard","hentry","category-comentarios-2008-2009"],"aioseo_notices":[],"aioseo_head":"\n\t\t<!-- All in One SEO 5.0.0.1 - aioseo.com -->\n\t<meta name=\"description\" content=\"\u00bfQu\u00e9 es la felicidad?. No s\u00e9. Probablemente sea imposible definirla, pero creo sentirla cerca. Me siento contento. Un subid\u00f3n que dir\u00eda la gente joven. Nuestro equipo, nuestra Uni\u00f3n de siempre, dio la talla ante el Real Madrid. Ha ganado 3-2 el partido de ida de los dieciseisavos de final de la Copa del Rey. Juan\" \/>\n\t<meta name=\"robots\" content=\"max-image-preview:large\" \/>\n\t<meta name=\"author\" content=\"I\u00f1aki de Mujika\"\/>\n\t<meta name=\"google-site-verification\" content=\"OqF6EAwritiAZRpCdqm7K8ePP_ZHngiUX4qiOwdV5ls\" \/>\n\t<link rel=\"canonical\" href=\"https:\/\/elbeaterio.es\/index.php\/2008\/10\/31\/ique-subidon\/\" \/>\n\t<meta name=\"generator\" content=\"All in One SEO (AIOSEO) 5.0.0.1\" \/>\n\t\t<meta property=\"og:locale\" content=\"es_ES\" \/>\n\t\t<meta property=\"og:site_name\" content=\"El Beaterio de I\u00f1aki de Mujika - Blog de I\u00f1aki de Mujika. Sus beaterios en Noticias de Gipuzkoa, las entrevistas, los programas de televisi\u00f3n &quot;Tiempo real&quot;, homenajes, etc.\" \/>\n\t\t<meta property=\"og:type\" content=\"article\" \/>\n\t\t<meta property=\"og:title\" content=\"\u00a1Qu\u00e9 subid\u00f3n! - El Beaterio de I\u00f1aki de Mujika\" \/>\n\t\t<meta property=\"og:description\" content=\"\u00bfQu\u00e9 es la felicidad?. No s\u00e9. Probablemente sea imposible definirla, pero creo sentirla cerca. Me siento contento. Un subid\u00f3n que dir\u00eda la gente joven. Nuestro equipo, nuestra Uni\u00f3n de siempre, dio la talla ante el Real Madrid. Ha ganado 3-2 el partido de ida de los dieciseisavos de final de la Copa del Rey. Juan\" \/>\n\t\t<meta property=\"og:url\" content=\"https:\/\/elbeaterio.es\/index.php\/2008\/10\/31\/ique-subidon\/\" \/>\n\t\t<meta property=\"article:published_time\" content=\"2008-10-31T01:17:06+00:00\" \/>\n\t\t<meta property=\"article:modified_time\" content=\"2023-07-02T13:50:16+00:00\" \/>\n\t\t<meta name=\"twitter:card\" content=\"summary_large_image\" \/>\n\t\t<meta name=\"twitter:title\" content=\"\u00a1Qu\u00e9 subid\u00f3n! - El Beaterio de I\u00f1aki de Mujika\" \/>\n\t\t<meta name=\"twitter:description\" content=\"\u00bfQu\u00e9 es la felicidad?. No s\u00e9. Probablemente sea imposible definirla, pero creo sentirla cerca. Me siento contento. Un subid\u00f3n que dir\u00eda la gente joven. Nuestro equipo, nuestra Uni\u00f3n de siempre, dio la talla ante el Real Madrid. Ha ganado 3-2 el partido de ida de los dieciseisavos de final de la Copa del Rey. Juan\" \/>\n\t\t<script type=\"application\/ld+json\" class=\"aioseo-schema\">\n\t\t\t{\"@context\":\"https:\\\/\\\/schema.org\",\"@graph\":[{\"@type\":\"BlogPosting\",\"@id\":\"https:\\\/\\\/elbeaterio.es\\\/index.php\\\/2008\\\/10\\\/31\\\/ique-subidon\\\/#blogposting\",\"name\":\"\\u00a1Qu\\u00e9 subid\\u00f3n! - El Beaterio de I\\u00f1aki de Mujika\",\"headline\":\"\\u00a1Qu\\u00e9 subid\\u00f3n!\",\"author\":{\"@id\":\"https:\\\/\\\/elbeaterio.es\\\/index.php\\\/author\\\/ceh-mujicagmail-com\\\/#author\"},\"publisher\":{\"@id\":\"https:\\\/\\\/elbeaterio.es\\\/#person\"},\"image\":{\"@type\":\"ImageObject\",\"@id\":\"https:\\\/\\\/elbeaterio.es\\\/index.php\\\/2008\\\/10\\\/31\\\/ique-subidon\\\/#articleImage\",\"url\":\"https:\\\/\\\/secure.gravatar.com\\\/avatar\\\/52e148bfb67d1f33983028b354e60f197561f893059a19708944b85230c274f9?s=96&d=mm&r=g\",\"width\":96,\"height\":96,\"caption\":\"I\\u00f1aki de Mujika\"},\"datePublished\":\"2008-10-31T01:17:06+02:00\",\"dateModified\":\"2023-07-02T15:50:16+02:00\",\"inLanguage\":\"es-ES\",\"mainEntityOfPage\":{\"@id\":\"https:\\\/\\\/elbeaterio.es\\\/index.php\\\/2008\\\/10\\\/31\\\/ique-subidon\\\/#webpage\"},\"isPartOf\":{\"@id\":\"https:\\\/\\\/elbeaterio.es\\\/index.php\\\/2008\\\/10\\\/31\\\/ique-subidon\\\/#webpage\"},\"articleSection\":\"Comentarios 2008-2009\"},{\"@type\":\"BreadcrumbList\",\"@id\":\"https:\\\/\\\/elbeaterio.es\\\/index.php\\\/2008\\\/10\\\/31\\\/ique-subidon\\\/#breadcrumblist\",\"itemListElement\":[{\"@type\":\"ListItem\",\"@id\":\"https:\\\/\\\/elbeaterio.es#listItem\",\"position\":1,\"name\":\"Hogar\",\"item\":\"https:\\\/\\\/elbeaterio.es\",\"nextItem\":{\"@type\":\"ListItem\",\"@id\":\"https:\\\/\\\/elbeaterio.es\\\/index.php\\\/category\\\/temporadas-anteriores\\\/#listItem\",\"name\":\"Temporadas anteriores\"}},{\"@type\":\"ListItem\",\"@id\":\"https:\\\/\\\/elbeaterio.es\\\/index.php\\\/category\\\/temporadas-anteriores\\\/#listItem\",\"position\":2,\"name\":\"Temporadas anteriores\",\"item\":\"https:\\\/\\\/elbeaterio.es\\\/index.php\\\/category\\\/temporadas-anteriores\\\/\",\"nextItem\":{\"@type\":\"ListItem\",\"@id\":\"https:\\\/\\\/elbeaterio.es\\\/index.php\\\/category\\\/temporadas-anteriores\\\/comentario-del-dia\\\/#listItem\",\"name\":\"El comentario del d\\u00eda\"},\"previousItem\":{\"@type\":\"ListItem\",\"@id\":\"https:\\\/\\\/elbeaterio.es#listItem\",\"name\":\"Hogar\"}},{\"@type\":\"ListItem\",\"@id\":\"https:\\\/\\\/elbeaterio.es\\\/index.php\\\/category\\\/temporadas-anteriores\\\/comentario-del-dia\\\/#listItem\",\"position\":3,\"name\":\"El comentario del d\\u00eda\",\"item\":\"https:\\\/\\\/elbeaterio.es\\\/index.php\\\/category\\\/temporadas-anteriores\\\/comentario-del-dia\\\/\",\"nextItem\":{\"@type\":\"ListItem\",\"@id\":\"https:\\\/\\\/elbeaterio.es\\\/index.php\\\/category\\\/temporadas-anteriores\\\/comentario-del-dia\\\/comentarios-2008-2009\\\/#listItem\",\"name\":\"Comentarios 2008-2009\"},\"previousItem\":{\"@type\":\"ListItem\",\"@id\":\"https:\\\/\\\/elbeaterio.es\\\/index.php\\\/category\\\/temporadas-anteriores\\\/#listItem\",\"name\":\"Temporadas anteriores\"}},{\"@type\":\"ListItem\",\"@id\":\"https:\\\/\\\/elbeaterio.es\\\/index.php\\\/category\\\/temporadas-anteriores\\\/comentario-del-dia\\\/comentarios-2008-2009\\\/#listItem\",\"position\":4,\"name\":\"Comentarios 2008-2009\",\"item\":\"https:\\\/\\\/elbeaterio.es\\\/index.php\\\/category\\\/temporadas-anteriores\\\/comentario-del-dia\\\/comentarios-2008-2009\\\/\",\"nextItem\":{\"@type\":\"ListItem\",\"@id\":\"https:\\\/\\\/elbeaterio.es\\\/index.php\\\/2008\\\/10\\\/31\\\/ique-subidon\\\/#listItem\",\"name\":\"\\u00a1Qu\\u00e9 subid\\u00f3n!\"},\"previousItem\":{\"@type\":\"ListItem\",\"@id\":\"https:\\\/\\\/elbeaterio.es\\\/index.php\\\/category\\\/temporadas-anteriores\\\/comentario-del-dia\\\/#listItem\",\"name\":\"El comentario del d\\u00eda\"}},{\"@type\":\"ListItem\",\"@id\":\"https:\\\/\\\/elbeaterio.es\\\/index.php\\\/2008\\\/10\\\/31\\\/ique-subidon\\\/#listItem\",\"position\":5,\"name\":\"\\u00a1Qu\\u00e9 subid\\u00f3n!\",\"previousItem\":{\"@type\":\"ListItem\",\"@id\":\"https:\\\/\\\/elbeaterio.es\\\/index.php\\\/category\\\/temporadas-anteriores\\\/comentario-del-dia\\\/comentarios-2008-2009\\\/#listItem\",\"name\":\"Comentarios 2008-2009\"}}]},{\"@type\":\"Person\",\"@id\":\"https:\\\/\\\/elbeaterio.es\\\/#person\",\"name\":\"I\\u00f1aki de Mujika\",\"image\":{\"@type\":\"ImageObject\",\"@id\":\"https:\\\/\\\/elbeaterio.es\\\/index.php\\\/2008\\\/10\\\/31\\\/ique-subidon\\\/#personImage\",\"url\":\"https:\\\/\\\/secure.gravatar.com\\\/avatar\\\/52e148bfb67d1f33983028b354e60f197561f893059a19708944b85230c274f9?s=96&d=mm&r=g\",\"width\":96,\"height\":96,\"caption\":\"I\\u00f1aki de Mujika\"}},{\"@type\":\"Person\",\"@id\":\"https:\\\/\\\/elbeaterio.es\\\/index.php\\\/author\\\/ceh-mujicagmail-com\\\/#author\",\"url\":\"https:\\\/\\\/elbeaterio.es\\\/index.php\\\/author\\\/ceh-mujicagmail-com\\\/\",\"name\":\"I\\u00f1aki de Mujika\",\"image\":{\"@type\":\"ImageObject\",\"@id\":\"https:\\\/\\\/elbeaterio.es\\\/index.php\\\/2008\\\/10\\\/31\\\/ique-subidon\\\/#authorImage\",\"url\":\"https:\\\/\\\/secure.gravatar.com\\\/avatar\\\/52e148bfb67d1f33983028b354e60f197561f893059a19708944b85230c274f9?s=96&d=mm&r=g\",\"width\":96,\"height\":96,\"caption\":\"I\\u00f1aki de Mujika\"}},{\"@type\":\"WebPage\",\"@id\":\"https:\\\/\\\/elbeaterio.es\\\/index.php\\\/2008\\\/10\\\/31\\\/ique-subidon\\\/#webpage\",\"url\":\"https:\\\/\\\/elbeaterio.es\\\/index.php\\\/2008\\\/10\\\/31\\\/ique-subidon\\\/\",\"name\":\"\\u00a1Qu\\u00e9 subid\\u00f3n! - El Beaterio de I\\u00f1aki de Mujika\",\"description\":\"\\u00bfQu\\u00e9 es la felicidad?. No s\\u00e9. Probablemente sea imposible definirla, pero creo sentirla cerca. Me siento contento. Un subid\\u00f3n que dir\\u00eda la gente joven. Nuestro equipo, nuestra Uni\\u00f3n de siempre, dio la talla ante el Real Madrid. Ha ganado 3-2 el partido de ida de los dieciseisavos de final de la Copa del Rey. Juan\",\"inLanguage\":\"es-ES\",\"isPartOf\":{\"@id\":\"https:\\\/\\\/elbeaterio.es\\\/#website\"},\"breadcrumb\":{\"@id\":\"https:\\\/\\\/elbeaterio.es\\\/index.php\\\/2008\\\/10\\\/31\\\/ique-subidon\\\/#breadcrumblist\"},\"author\":{\"@id\":\"https:\\\/\\\/elbeaterio.es\\\/index.php\\\/author\\\/ceh-mujicagmail-com\\\/#author\"},\"creator\":{\"@id\":\"https:\\\/\\\/elbeaterio.es\\\/index.php\\\/author\\\/ceh-mujicagmail-com\\\/#author\"},\"datePublished\":\"2008-10-31T01:17:06+02:00\",\"dateModified\":\"2023-07-02T15:50:16+02:00\"},{\"@type\":\"WebSite\",\"@id\":\"https:\\\/\\\/elbeaterio.es\\\/#website\",\"url\":\"https:\\\/\\\/elbeaterio.es\\\/\",\"name\":\"El Beaterio de I\\u00f1aki de Mujika\",\"alternateName\":\"elbeaterio.es\",\"description\":\"Blog de I\\u00f1aki de Mujika. Sus beaterios en Noticias de Gipuzkoa, las entrevistas, los programas de televisi\\u00f3n \\\"Tiempo real\\\", homenajes, etc.\",\"inLanguage\":\"es-ES\",\"publisher\":{\"@id\":\"https:\\\/\\\/elbeaterio.es\\\/#person\"}}]}\n\t\t<\/script>\n\t\t<!-- All in One SEO -->\n\n","aioseo_head_json":{"title":"\u00a1Qu\u00e9 subid\u00f3n! - El Beaterio de I\u00f1aki de Mujika","description":"\u00bfQu\u00e9 es la felicidad?. No s\u00e9. Probablemente sea imposible definirla, pero creo sentirla cerca. Me siento contento. Un subid\u00f3n que dir\u00eda la gente joven. Nuestro equipo, nuestra Uni\u00f3n de siempre, dio la talla ante el Real Madrid. Ha ganado 3-2 el partido de ida de los dieciseisavos de final de la Copa del Rey. Juan","canonical_url":"https:\/\/elbeaterio.es\/index.php\/2008\/10\/31\/ique-subidon\/","robots":"max-image-preview:large","keywords":"","webmasterTools":{"google-site-verification":"OqF6EAwritiAZRpCdqm7K8ePP_ZHngiUX4qiOwdV5ls","miscellaneous":""},"schema":{"@context":"https:\/\/schema.org","@graph":[{"@type":"BlogPosting","@id":"https:\/\/elbeaterio.es\/index.php\/2008\/10\/31\/ique-subidon\/#blogposting","name":"\u00a1Qu\u00e9 subid\u00f3n! - El Beaterio de I\u00f1aki de Mujika","headline":"\u00a1Qu\u00e9 subid\u00f3n!","author":{"@id":"https:\/\/elbeaterio.es\/index.php\/author\/ceh-mujicagmail-com\/#author"},"publisher":{"@id":"https:\/\/elbeaterio.es\/#person"},"image":{"@type":"ImageObject","@id":"https:\/\/elbeaterio.es\/index.php\/2008\/10\/31\/ique-subidon\/#articleImage","url":"https:\/\/secure.gravatar.com\/avatar\/52e148bfb67d1f33983028b354e60f197561f893059a19708944b85230c274f9?s=96&d=mm&r=g","width":96,"height":96,"caption":"I\u00f1aki de Mujika"},"datePublished":"2008-10-31T01:17:06+02:00","dateModified":"2023-07-02T15:50:16+02:00","inLanguage":"es-ES","mainEntityOfPage":{"@id":"https:\/\/elbeaterio.es\/index.php\/2008\/10\/31\/ique-subidon\/#webpage"},"isPartOf":{"@id":"https:\/\/elbeaterio.es\/index.php\/2008\/10\/31\/ique-subidon\/#webpage"},"articleSection":"Comentarios 2008-2009"},{"@type":"BreadcrumbList","@id":"https:\/\/elbeaterio.es\/index.php\/2008\/10\/31\/ique-subidon\/#breadcrumblist","itemListElement":[{"@type":"ListItem","@id":"https:\/\/elbeaterio.es#listItem","position":1,"name":"Hogar","item":"https:\/\/elbeaterio.es","nextItem":{"@type":"ListItem","@id":"https:\/\/elbeaterio.es\/index.php\/category\/temporadas-anteriores\/#listItem","name":"Temporadas anteriores"}},{"@type":"ListItem","@id":"https:\/\/elbeaterio.es\/index.php\/category\/temporadas-anteriores\/#listItem","position":2,"name":"Temporadas anteriores","item":"https:\/\/elbeaterio.es\/index.php\/category\/temporadas-anteriores\/","nextItem":{"@type":"ListItem","@id":"https:\/\/elbeaterio.es\/index.php\/category\/temporadas-anteriores\/comentario-del-dia\/#listItem","name":"El comentario del d\u00eda"},"previousItem":{"@type":"ListItem","@id":"https:\/\/elbeaterio.es#listItem","name":"Hogar"}},{"@type":"ListItem","@id":"https:\/\/elbeaterio.es\/index.php\/category\/temporadas-anteriores\/comentario-del-dia\/#listItem","position":3,"name":"El comentario del d\u00eda","item":"https:\/\/elbeaterio.es\/index.php\/category\/temporadas-anteriores\/comentario-del-dia\/","nextItem":{"@type":"ListItem","@id":"https:\/\/elbeaterio.es\/index.php\/category\/temporadas-anteriores\/comentario-del-dia\/comentarios-2008-2009\/#listItem","name":"Comentarios 2008-2009"},"previousItem":{"@type":"ListItem","@id":"https:\/\/elbeaterio.es\/index.php\/category\/temporadas-anteriores\/#listItem","name":"Temporadas anteriores"}},{"@type":"ListItem","@id":"https:\/\/elbeaterio.es\/index.php\/category\/temporadas-anteriores\/comentario-del-dia\/comentarios-2008-2009\/#listItem","position":4,"name":"Comentarios 2008-2009","item":"https:\/\/elbeaterio.es\/index.php\/category\/temporadas-anteriores\/comentario-del-dia\/comentarios-2008-2009\/","nextItem":{"@type":"ListItem","@id":"https:\/\/elbeaterio.es\/index.php\/2008\/10\/31\/ique-subidon\/#listItem","name":"\u00a1Qu\u00e9 subid\u00f3n!"},"previousItem":{"@type":"ListItem","@id":"https:\/\/elbeaterio.es\/index.php\/category\/temporadas-anteriores\/comentario-del-dia\/#listItem","name":"El comentario del d\u00eda"}},{"@type":"ListItem","@id":"https:\/\/elbeaterio.es\/index.php\/2008\/10\/31\/ique-subidon\/#listItem","position":5,"name":"\u00a1Qu\u00e9 subid\u00f3n!","previousItem":{"@type":"ListItem","@id":"https:\/\/elbeaterio.es\/index.php\/category\/temporadas-anteriores\/comentario-del-dia\/comentarios-2008-2009\/#listItem","name":"Comentarios 2008-2009"}}]},{"@type":"Person","@id":"https:\/\/elbeaterio.es\/#person","name":"I\u00f1aki de Mujika","image":{"@type":"ImageObject","@id":"https:\/\/elbeaterio.es\/index.php\/2008\/10\/31\/ique-subidon\/#personImage","url":"https:\/\/secure.gravatar.com\/avatar\/52e148bfb67d1f33983028b354e60f197561f893059a19708944b85230c274f9?s=96&d=mm&r=g","width":96,"height":96,"caption":"I\u00f1aki de Mujika"}},{"@type":"Person","@id":"https:\/\/elbeaterio.es\/index.php\/author\/ceh-mujicagmail-com\/#author","url":"https:\/\/elbeaterio.es\/index.php\/author\/ceh-mujicagmail-com\/","name":"I\u00f1aki de Mujika","image":{"@type":"ImageObject","@id":"https:\/\/elbeaterio.es\/index.php\/2008\/10\/31\/ique-subidon\/#authorImage","url":"https:\/\/secure.gravatar.com\/avatar\/52e148bfb67d1f33983028b354e60f197561f893059a19708944b85230c274f9?s=96&d=mm&r=g","width":96,"height":96,"caption":"I\u00f1aki de Mujika"}},{"@type":"WebPage","@id":"https:\/\/elbeaterio.es\/index.php\/2008\/10\/31\/ique-subidon\/#webpage","url":"https:\/\/elbeaterio.es\/index.php\/2008\/10\/31\/ique-subidon\/","name":"\u00a1Qu\u00e9 subid\u00f3n! - El Beaterio de I\u00f1aki de Mujika","description":"\u00bfQu\u00e9 es la felicidad?. No s\u00e9. Probablemente sea imposible definirla, pero creo sentirla cerca. Me siento contento. Un subid\u00f3n que dir\u00eda la gente joven. Nuestro equipo, nuestra Uni\u00f3n de siempre, dio la talla ante el Real Madrid. Ha ganado 3-2 el partido de ida de los dieciseisavos de final de la Copa del Rey. Juan","inLanguage":"es-ES","isPartOf":{"@id":"https:\/\/elbeaterio.es\/#website"},"breadcrumb":{"@id":"https:\/\/elbeaterio.es\/index.php\/2008\/10\/31\/ique-subidon\/#breadcrumblist"},"author":{"@id":"https:\/\/elbeaterio.es\/index.php\/author\/ceh-mujicagmail-com\/#author"},"creator":{"@id":"https:\/\/elbeaterio.es\/index.php\/author\/ceh-mujicagmail-com\/#author"},"datePublished":"2008-10-31T01:17:06+02:00","dateModified":"2023-07-02T15:50:16+02:00"},{"@type":"WebSite","@id":"https:\/\/elbeaterio.es\/#website","url":"https:\/\/elbeaterio.es\/","name":"El Beaterio de I\u00f1aki de Mujika","alternateName":"elbeaterio.es","description":"Blog de I\u00f1aki de Mujika. Sus beaterios en Noticias de Gipuzkoa, las entrevistas, los programas de televisi\u00f3n \"Tiempo real\", homenajes, etc.","inLanguage":"es-ES","publisher":{"@id":"https:\/\/elbeaterio.es\/#person"}}]},"og:locale":"es_ES","og:site_name":"El Beaterio de I\u00f1aki de Mujika - Blog de I\u00f1aki de Mujika. Sus beaterios en Noticias de Gipuzkoa, las entrevistas, los programas de televisi\u00f3n &quot;Tiempo real&quot;, homenajes, etc.","og:type":"article","og:title":"\u00a1Qu\u00e9 subid\u00f3n! - El Beaterio de I\u00f1aki de Mujika","og:description":"\u00bfQu\u00e9 es la felicidad?. No s\u00e9. Probablemente sea imposible definirla, pero creo sentirla cerca. Me siento contento. Un subid\u00f3n que dir\u00eda la gente joven. Nuestro equipo, nuestra Uni\u00f3n de siempre, dio la talla ante el Real Madrid. Ha ganado 3-2 el partido de ida de los dieciseisavos de final de la Copa del Rey. Juan","og:url":"https:\/\/elbeaterio.es\/index.php\/2008\/10\/31\/ique-subidon\/","article:published_time":"2008-10-31T01:17:06+00:00","article:modified_time":"2023-07-02T13:50:16+00:00","twitter:card":"summary_large_image","twitter:title":"\u00a1Qu\u00e9 subid\u00f3n! - El Beaterio de I\u00f1aki de Mujika","twitter:description":"\u00bfQu\u00e9 es la felicidad?. No s\u00e9. Probablemente sea imposible definirla, pero creo sentirla cerca. Me siento contento. Un subid\u00f3n que dir\u00eda la gente joven. Nuestro equipo, nuestra Uni\u00f3n de siempre, dio la talla ante el Real Madrid. Ha ganado 3-2 el partido de ida de los dieciseisavos de final de la Copa del Rey. Juan"},"aioseo_meta_data":{"post_id":"3999","title":null,"description":null,"keywords":null,"keyphrases":null,"primary_term":null,"canonical_url":null,"og_title":null,"og_description":null,"og_object_type":"default","og_image_type":"default","og_image_url":null,"og_image_width":null,"og_image_height":null,"og_image_custom_url":null,"og_image_custom_fields":null,"og_video":null,"og_custom_url":null,"og_article_section":null,"og_article_tags":null,"twitter_use_og":false,"twitter_card":"default","twitter_image_type":"default","twitter_image_url":null,"twitter_image_custom_url":null,"twitter_image_custom_fields":null,"twitter_title":null,"twitter_description":null,"schema":{"blockGraphs":[],"customGraphs":[],"default":{"data":{"Article":[],"Course":[],"Dataset":[],"FAQPage":[],"Movie":[],"Person":[],"Product":[],"ProductReview":[],"Car":[],"Recipe":[],"Service":[],"SoftwareApplication":[],"WebPage":[]},"graphName":"","isEnabled":true},"graphs":[]},"schema_type":"default","schema_type_options":null,"pillar_content":false,"robots_default":true,"robots_noindex":false,"robots_noarchive":false,"robots_nosnippet":false,"robots_nofollow":false,"robots_noimageindex":false,"robots_noodp":false,"robots_notranslate":false,"robots_max_snippet":null,"robots_max_videopreview":null,"robots_max_imagepreview":"large","priority":null,"frequency":null,"local_seo":null,"breadcrumb_settings":null,"limit_modified_date":false,"ai":null,"created":"2024-11-16 15:24:30","updated":"2025-06-04 00:57:31","seo_analyzer_scan_date":null,"focus_keyword":null,"additional_keywords":null,"truseo_locale":null},"aioseo_breadcrumb":"<div class=\"aioseo-breadcrumbs\"><span class=\"aioseo-breadcrumb\">\n\t\t\t<a href=\"https:\/\/elbeaterio.es\" title=\"Hogar\">Hogar<\/a>\n\t\t<\/span><span class=\"aioseo-breadcrumb-separator\">&raquo;<\/span><span class=\"aioseo-breadcrumb\">\n\t\t\t<a href=\"https:\/\/elbeaterio.es\/index.php\/category\/temporadas-anteriores\/\" title=\"Temporadas anteriores\">Temporadas anteriores<\/a>\n\t\t<\/span><span class=\"aioseo-breadcrumb-separator\">&raquo;<\/span><span class=\"aioseo-breadcrumb\">\n\t\t\t<a href=\"https:\/\/elbeaterio.es\/index.php\/category\/temporadas-anteriores\/comentario-del-dia\/\" title=\"El comentario del d\u00eda\">El comentario del d\u00eda<\/a>\n\t\t<\/span><span class=\"aioseo-breadcrumb-separator\">&raquo;<\/span><span class=\"aioseo-breadcrumb\">\n\t\t\t<a href=\"https:\/\/elbeaterio.es\/index.php\/category\/temporadas-anteriores\/comentario-del-dia\/comentarios-2008-2009\/\" title=\"Comentarios 2008-2009\">Comentarios 2008-2009<\/a>\n\t\t<\/span><span class=\"aioseo-breadcrumb-separator\">&raquo;<\/span><span class=\"aioseo-breadcrumb\">\n\t\t\t\u00a1Qu\u00e9 subid\u00f3n!\n\t\t<\/span><\/div>","aioseo_breadcrumb_json":[{"label":"Hogar","link":"https:\/\/elbeaterio.es"},{"label":"Temporadas anteriores","link":"https:\/\/elbeaterio.es\/index.php\/category\/temporadas-anteriores\/"},{"label":"El comentario del d\u00eda","link":"https:\/\/elbeaterio.es\/index.php\/category\/temporadas-anteriores\/comentario-del-dia\/"},{"label":"Comentarios 2008-2009","link":"https:\/\/elbeaterio.es\/index.php\/category\/temporadas-anteriores\/comentario-del-dia\/comentarios-2008-2009\/"},{"label":"\u00a1Qu\u00e9 subid\u00f3n!","link":"https:\/\/elbeaterio.es\/index.php\/2008\/10\/31\/ique-subidon\/"}],"_links":{"self":[{"href":"https:\/\/elbeaterio.es\/index.php\/wp-json\/wp\/v2\/posts\/3999","targetHints":{"allow":["GET"]}}],"collection":[{"href":"https:\/\/elbeaterio.es\/index.php\/wp-json\/wp\/v2\/posts"}],"about":[{"href":"https:\/\/elbeaterio.es\/index.php\/wp-json\/wp\/v2\/types\/post"}],"author":[{"embeddable":true,"href":"https:\/\/elbeaterio.es\/index.php\/wp-json\/wp\/v2\/users\/1"}],"replies":[{"embeddable":true,"href":"https:\/\/elbeaterio.es\/index.php\/wp-json\/wp\/v2\/comments?post=3999"}],"version-history":[{"count":1,"href":"https:\/\/elbeaterio.es\/index.php\/wp-json\/wp\/v2\/posts\/3999\/revisions"}],"predecessor-version":[{"id":6136,"href":"https:\/\/elbeaterio.es\/index.php\/wp-json\/wp\/v2\/posts\/3999\/revisions\/6136"}],"wp:attachment":[{"href":"https:\/\/elbeaterio.es\/index.php\/wp-json\/wp\/v2\/media?parent=3999"}],"wp:term":[{"taxonomy":"category","embeddable":true,"href":"https:\/\/elbeaterio.es\/index.php\/wp-json\/wp\/v2\/categories?post=3999"},{"taxonomy":"post_tag","embeddable":true,"href":"https:\/\/elbeaterio.es\/index.php\/wp-json\/wp\/v2\/tags?post=3999"}],"curies":[{"name":"wp","href":"https:\/\/api.w.org\/{rel}","templated":true}]}}