{"id":4077,"date":"2009-08-27T21:06:31","date_gmt":"2009-08-27T21:06:31","guid":{"rendered":"http:\/\/localhost\/joomla\/2009\/08\/27\/punto-de-partida\/"},"modified":"2023-07-02T15:51:07","modified_gmt":"2023-07-02T13:51:07","slug":"punto-de-partida","status":"publish","type":"post","link":"https:\/\/elbeaterio.es\/index.php\/2009\/08\/27\/punto-de-partida\/","title":{"rendered":"Punto de partida"},"content":{"rendered":"<p>\nLa Liga Adelante de Segunda Divisi&oacute;n se estrena este fin de semana. Cuarenta y dos representaciones que durar&aacute;n hasta mediados del pr&oacute;ximo junio. Mucho tiempo para confirmar los papeles y el protagonismo que se adjudican a priori, justo antes de que se levante el tel&oacute;n.&nbsp; En esta categor&iacute;a se vuelven a encontrar la Real Sociedad y el Real Uni&oacute;n, tal y como sucedi&oacute; hace cuarenta y cinco a&ntilde;os (1964-65). Desde entonces no se han visto la cara en partido oficial.\n<\/p>\n<p>\n&nbsp;\n<\/p>\n<p><!--more--><br \/>\nLos puntos de partida son diferentes y los objetivos tambi&eacute;n. Mientras a los unionistas les empuja el subid&oacute;n del ascenso y la ilusi&oacute;n por vivir una experiencia nueva e ilusionante en esta categor&iacute;a de estreno, la Real intentar&aacute; el ascenso por tercer a&ntilde;o consecutivo despu&eacute;s de un par de fracasos en las dos &uacute;ltimas temporadas. Su sitio est&aacute; en Primera, pero la tradici&oacute;n ense&ntilde;a que bajar se baja f&aacute;cil, pero subir&#8230; <\/p>\n<p>\nEn estos tres &uacute;ltimos ejercicios la plantilla realista ha visto la cara de Coleman, Eizmendi y Lillo, antes de la llegada de Mart&iacute;n Lasarte, el nuevo entrenador. El uruguayo aporta algunas novedades t&aacute;cticas (marcaje al hombre en los corners, por ejemplo), un diferente libro de estilo y un cierto aire de agresividad del que sus jugadores no est&aacute;n precisamente sobrados. &iquest;Ser&aacute; capaz de superar la presi&oacute;n externa si los resultados no acompa&ntilde;an?. La eterna pregunta que s&oacute;lo el tiempo resuelve.\n<\/p>\n<p>\nLa plantilla ha sufrido bastantes variaciones porque se han incorporado Jonathan Estrada, Carlos Bueno, Alberto de la Bella, Emilio N&#8217;Sue, que se unen a los Zurutuza, Viguera, Esnaola, Sarasola, Ros&#8230;canteranos que comparten pretemporada con &quot;los mayores&quot; y que est&aacute;n a la espera del final reparto de n&uacute;meros. &iquest;Ser&aacute;n de la partida?. El principal problema de los realistas a esta hora se centra en la porter&iacute;a. Cuatro guardametas, Bravo, Riesgo, E&ntilde;aut y To&ntilde;o Ram&iacute;rez, esperan la resoluci&oacute;n del conflicto que les afecta. Tambi&eacute;n han querido conseguir la cesi&oacute;n de alg&uacute;n jugador de tron&iacute;o, pero hay mucha competencia y el asunto no est&aacute; para nada f&aacute;cil.\n<\/p>\n<p>\nPor su parte, el Real Uni&oacute;n lleva tres temporadas con el mismo entrenador. I&ntilde;aki Alonso est&aacute; cerca de cerrar un ciclo. Lo ha recorrido en buena parte con muchos de los jugadores que ahora afrontar&aacute;n el nuevo reto. Pr&aacute;cticamente siguen los mismos futbolistas que lograron el ascenso. Al grupo se han incorporado&nbsp; I&ntilde;aki Descarga, Gorka Brit y Markel Robles, tres vascos con experiencia. Han llegado dos cesiones de jugadores internacionales de clubes de Primera Divisi&oacute;n Angel Montoro (Valencia) y Pedro Alcal&aacute; (M&aacute;laga) y para el centro del campo se ha conseguido la propiedad de Jagoba Beobide (cedido por la Real hace un a&ntilde;o) y Rub&eacute;n Dur&aacute;n (Lugo) al que se le sigui&oacute; mucho la pasada temporada.\n<\/p>\n<p>\nLa pelea m&aacute;s dura y no resuelta ha consistido en la contrataci&oacute;n de un central. Pasaron a probar el traje varios aspirantes, pero ninguno convenci&oacute;. &iquest;Para qu&eacute; desequilibrar y llevar la duda a los zagueros centrales?. Confianza en Josu Iglesias, Mendinueta, Larrainzar, Gurrutxaga y el joven Alcal&aacute;. Queda una ficha libre que permite comprar tiempo para comprobar desde ahora hasta Navidad cu&aacute;l es el comportamiento del equipo y d&oacute;nde debe reforzarse.\n<\/p>\n<p>\nLos objetivos de ambos distan mucho. La Real s&oacute;lo mira a Primera Divisi&oacute;n. No ascender, decepcionar&aacute;. &iquest;A la tercera, la vencida?. Los unionistas sue&ntilde;an con los cincuenta puntos que otorgan el premio perseguido: mantener la categor&iacute;a. Sin prisa, pero sin pausa. Paso a paso, como la tortuga que va lenta, pero nunca marcha atr&aacute;s. Las semanas de preparaci&oacute;n, los bolos amistosos quedan en el recuerdo. Ahora, todos los equipos est&aacute;n ya preparados en el punto de partida.\n<\/p>\n<p>\n&nbsp;\n<\/p>\n<p>\n&nbsp;<\/p>\n","protected":false},"excerpt":{"rendered":"<p>La Liga Adelante de Segunda Divisi&oacute;n se estrena este fin de semana. Cuarenta y dos representaciones que durar&aacute;n hasta mediados del pr&oacute;ximo junio. Mucho tiempo para confirmar los papeles y el protagonismo que se adjudican a priori, justo antes de que se levante el tel&oacute;n.&nbsp; En esta categor&iacute;a se vuelven a encontrar la Real Sociedad [&hellip;]<\/p>\n","protected":false},"author":1,"featured_media":0,"comment_status":"closed","ping_status":"open","sticky":false,"template":"","format":"standard","meta":{"editor_plus_copied_stylings":"{}","_monsterinsights_skip_tracking":false,"footnotes":""},"categories":[42],"tags":[],"class_list":["post-4077","post","type-post","status-publish","format-standard","hentry","category-comentarios-2009-2010"],"aioseo_notices":[],"aioseo_head":"\n\t\t<!-- All in One SEO 5.0.0.1 - aioseo.com -->\n\t<meta name=\"description\" content=\"La Liga Adelante de Segunda Divisi\u00f3n se estrena este fin de semana. Cuarenta y dos representaciones que durar\u00e1n hasta mediados del pr\u00f3ximo junio. Mucho tiempo para confirmar los papeles y el protagonismo que se adjudican a priori, justo antes de que se levante el tel\u00f3n. En esta categor\u00eda se vuelven a encontrar la Real Sociedad\" \/>\n\t<meta name=\"robots\" content=\"max-image-preview:large\" \/>\n\t<meta name=\"author\" content=\"I\u00f1aki de Mujika\"\/>\n\t<meta name=\"google-site-verification\" content=\"OqF6EAwritiAZRpCdqm7K8ePP_ZHngiUX4qiOwdV5ls\" \/>\n\t<link rel=\"canonical\" href=\"https:\/\/elbeaterio.es\/index.php\/2009\/08\/27\/punto-de-partida\/\" \/>\n\t<meta name=\"generator\" content=\"All in One SEO (AIOSEO) 5.0.0.1\" \/>\n\t\t<meta property=\"og:locale\" content=\"es_ES\" \/>\n\t\t<meta property=\"og:site_name\" content=\"El Beaterio de I\u00f1aki de Mujika - Blog de I\u00f1aki de Mujika. Sus beaterios en Noticias de Gipuzkoa, las entrevistas, los programas de televisi\u00f3n &quot;Tiempo real&quot;, homenajes, etc.\" \/>\n\t\t<meta property=\"og:type\" content=\"article\" \/>\n\t\t<meta property=\"og:title\" content=\"Punto de partida - El Beaterio de I\u00f1aki de Mujika\" \/>\n\t\t<meta property=\"og:description\" content=\"La Liga Adelante de Segunda Divisi\u00f3n se estrena este fin de semana. Cuarenta y dos representaciones que durar\u00e1n hasta mediados del pr\u00f3ximo junio. Mucho tiempo para confirmar los papeles y el protagonismo que se adjudican a priori, justo antes de que se levante el tel\u00f3n. En esta categor\u00eda se vuelven a encontrar la Real Sociedad\" \/>\n\t\t<meta property=\"og:url\" content=\"https:\/\/elbeaterio.es\/index.php\/2009\/08\/27\/punto-de-partida\/\" \/>\n\t\t<meta property=\"article:published_time\" content=\"2009-08-27T21:06:31+00:00\" \/>\n\t\t<meta property=\"article:modified_time\" content=\"2023-07-02T13:51:07+00:00\" \/>\n\t\t<meta name=\"twitter:card\" content=\"summary_large_image\" \/>\n\t\t<meta name=\"twitter:title\" content=\"Punto de partida - El Beaterio de I\u00f1aki de Mujika\" \/>\n\t\t<meta name=\"twitter:description\" content=\"La Liga Adelante de Segunda Divisi\u00f3n se estrena este fin de semana. Cuarenta y dos representaciones que durar\u00e1n hasta mediados del pr\u00f3ximo junio. Mucho tiempo para confirmar los papeles y el protagonismo que se adjudican a priori, justo antes de que se levante el tel\u00f3n. En esta categor\u00eda se vuelven a encontrar la Real Sociedad\" \/>\n\t\t<script type=\"application\/ld+json\" class=\"aioseo-schema\">\n\t\t\t{\"@context\":\"https:\\\/\\\/schema.org\",\"@graph\":[{\"@type\":\"BlogPosting\",\"@id\":\"https:\\\/\\\/elbeaterio.es\\\/index.php\\\/2009\\\/08\\\/27\\\/punto-de-partida\\\/#blogposting\",\"name\":\"Punto de partida - El Beaterio de I\\u00f1aki de Mujika\",\"headline\":\"Punto de partida\",\"author\":{\"@id\":\"https:\\\/\\\/elbeaterio.es\\\/index.php\\\/author\\\/ceh-mujicagmail-com\\\/#author\"},\"publisher\":{\"@id\":\"https:\\\/\\\/elbeaterio.es\\\/#person\"},\"image\":{\"@type\":\"ImageObject\",\"@id\":\"https:\\\/\\\/elbeaterio.es\\\/index.php\\\/2009\\\/08\\\/27\\\/punto-de-partida\\\/#articleImage\",\"url\":\"https:\\\/\\\/secure.gravatar.com\\\/avatar\\\/52e148bfb67d1f33983028b354e60f197561f893059a19708944b85230c274f9?s=96&d=mm&r=g\",\"width\":96,\"height\":96,\"caption\":\"I\\u00f1aki de Mujika\"},\"datePublished\":\"2009-08-27T21:06:31+02:00\",\"dateModified\":\"2023-07-02T15:51:07+02:00\",\"inLanguage\":\"es-ES\",\"mainEntityOfPage\":{\"@id\":\"https:\\\/\\\/elbeaterio.es\\\/index.php\\\/2009\\\/08\\\/27\\\/punto-de-partida\\\/#webpage\"},\"isPartOf\":{\"@id\":\"https:\\\/\\\/elbeaterio.es\\\/index.php\\\/2009\\\/08\\\/27\\\/punto-de-partida\\\/#webpage\"},\"articleSection\":\"Comentarios 2009-2010\"},{\"@type\":\"BreadcrumbList\",\"@id\":\"https:\\\/\\\/elbeaterio.es\\\/index.php\\\/2009\\\/08\\\/27\\\/punto-de-partida\\\/#breadcrumblist\",\"itemListElement\":[{\"@type\":\"ListItem\",\"@id\":\"https:\\\/\\\/elbeaterio.es#listItem\",\"position\":1,\"name\":\"Hogar\",\"item\":\"https:\\\/\\\/elbeaterio.es\",\"nextItem\":{\"@type\":\"ListItem\",\"@id\":\"https:\\\/\\\/elbeaterio.es\\\/index.php\\\/category\\\/temporadas-anteriores\\\/#listItem\",\"name\":\"Temporadas anteriores\"}},{\"@type\":\"ListItem\",\"@id\":\"https:\\\/\\\/elbeaterio.es\\\/index.php\\\/category\\\/temporadas-anteriores\\\/#listItem\",\"position\":2,\"name\":\"Temporadas anteriores\",\"item\":\"https:\\\/\\\/elbeaterio.es\\\/index.php\\\/category\\\/temporadas-anteriores\\\/\",\"nextItem\":{\"@type\":\"ListItem\",\"@id\":\"https:\\\/\\\/elbeaterio.es\\\/index.php\\\/category\\\/temporadas-anteriores\\\/comentario-del-dia\\\/#listItem\",\"name\":\"El comentario del d\\u00eda\"},\"previousItem\":{\"@type\":\"ListItem\",\"@id\":\"https:\\\/\\\/elbeaterio.es#listItem\",\"name\":\"Hogar\"}},{\"@type\":\"ListItem\",\"@id\":\"https:\\\/\\\/elbeaterio.es\\\/index.php\\\/category\\\/temporadas-anteriores\\\/comentario-del-dia\\\/#listItem\",\"position\":3,\"name\":\"El comentario del d\\u00eda\",\"item\":\"https:\\\/\\\/elbeaterio.es\\\/index.php\\\/category\\\/temporadas-anteriores\\\/comentario-del-dia\\\/\",\"nextItem\":{\"@type\":\"ListItem\",\"@id\":\"https:\\\/\\\/elbeaterio.es\\\/index.php\\\/category\\\/temporadas-anteriores\\\/comentario-del-dia\\\/comentarios-2009-2010\\\/#listItem\",\"name\":\"Comentarios 2009-2010\"},\"previousItem\":{\"@type\":\"ListItem\",\"@id\":\"https:\\\/\\\/elbeaterio.es\\\/index.php\\\/category\\\/temporadas-anteriores\\\/#listItem\",\"name\":\"Temporadas anteriores\"}},{\"@type\":\"ListItem\",\"@id\":\"https:\\\/\\\/elbeaterio.es\\\/index.php\\\/category\\\/temporadas-anteriores\\\/comentario-del-dia\\\/comentarios-2009-2010\\\/#listItem\",\"position\":4,\"name\":\"Comentarios 2009-2010\",\"item\":\"https:\\\/\\\/elbeaterio.es\\\/index.php\\\/category\\\/temporadas-anteriores\\\/comentario-del-dia\\\/comentarios-2009-2010\\\/\",\"nextItem\":{\"@type\":\"ListItem\",\"@id\":\"https:\\\/\\\/elbeaterio.es\\\/index.php\\\/2009\\\/08\\\/27\\\/punto-de-partida\\\/#listItem\",\"name\":\"Punto de partida\"},\"previousItem\":{\"@type\":\"ListItem\",\"@id\":\"https:\\\/\\\/elbeaterio.es\\\/index.php\\\/category\\\/temporadas-anteriores\\\/comentario-del-dia\\\/#listItem\",\"name\":\"El comentario del d\\u00eda\"}},{\"@type\":\"ListItem\",\"@id\":\"https:\\\/\\\/elbeaterio.es\\\/index.php\\\/2009\\\/08\\\/27\\\/punto-de-partida\\\/#listItem\",\"position\":5,\"name\":\"Punto de partida\",\"previousItem\":{\"@type\":\"ListItem\",\"@id\":\"https:\\\/\\\/elbeaterio.es\\\/index.php\\\/category\\\/temporadas-anteriores\\\/comentario-del-dia\\\/comentarios-2009-2010\\\/#listItem\",\"name\":\"Comentarios 2009-2010\"}}]},{\"@type\":\"Person\",\"@id\":\"https:\\\/\\\/elbeaterio.es\\\/#person\",\"name\":\"I\\u00f1aki de Mujika\",\"image\":{\"@type\":\"ImageObject\",\"@id\":\"https:\\\/\\\/elbeaterio.es\\\/index.php\\\/2009\\\/08\\\/27\\\/punto-de-partida\\\/#personImage\",\"url\":\"https:\\\/\\\/secure.gravatar.com\\\/avatar\\\/52e148bfb67d1f33983028b354e60f197561f893059a19708944b85230c274f9?s=96&d=mm&r=g\",\"width\":96,\"height\":96,\"caption\":\"I\\u00f1aki de Mujika\"}},{\"@type\":\"Person\",\"@id\":\"https:\\\/\\\/elbeaterio.es\\\/index.php\\\/author\\\/ceh-mujicagmail-com\\\/#author\",\"url\":\"https:\\\/\\\/elbeaterio.es\\\/index.php\\\/author\\\/ceh-mujicagmail-com\\\/\",\"name\":\"I\\u00f1aki de Mujika\",\"image\":{\"@type\":\"ImageObject\",\"@id\":\"https:\\\/\\\/elbeaterio.es\\\/index.php\\\/2009\\\/08\\\/27\\\/punto-de-partida\\\/#authorImage\",\"url\":\"https:\\\/\\\/secure.gravatar.com\\\/avatar\\\/52e148bfb67d1f33983028b354e60f197561f893059a19708944b85230c274f9?s=96&d=mm&r=g\",\"width\":96,\"height\":96,\"caption\":\"I\\u00f1aki de Mujika\"}},{\"@type\":\"WebPage\",\"@id\":\"https:\\\/\\\/elbeaterio.es\\\/index.php\\\/2009\\\/08\\\/27\\\/punto-de-partida\\\/#webpage\",\"url\":\"https:\\\/\\\/elbeaterio.es\\\/index.php\\\/2009\\\/08\\\/27\\\/punto-de-partida\\\/\",\"name\":\"Punto de partida - El Beaterio de I\\u00f1aki de Mujika\",\"description\":\"La Liga Adelante de Segunda Divisi\\u00f3n se estrena este fin de semana. Cuarenta y dos representaciones que durar\\u00e1n hasta mediados del pr\\u00f3ximo junio. Mucho tiempo para confirmar los papeles y el protagonismo que se adjudican a priori, justo antes de que se levante el tel\\u00f3n. En esta categor\\u00eda se vuelven a encontrar la Real Sociedad\",\"inLanguage\":\"es-ES\",\"isPartOf\":{\"@id\":\"https:\\\/\\\/elbeaterio.es\\\/#website\"},\"breadcrumb\":{\"@id\":\"https:\\\/\\\/elbeaterio.es\\\/index.php\\\/2009\\\/08\\\/27\\\/punto-de-partida\\\/#breadcrumblist\"},\"author\":{\"@id\":\"https:\\\/\\\/elbeaterio.es\\\/index.php\\\/author\\\/ceh-mujicagmail-com\\\/#author\"},\"creator\":{\"@id\":\"https:\\\/\\\/elbeaterio.es\\\/index.php\\\/author\\\/ceh-mujicagmail-com\\\/#author\"},\"datePublished\":\"2009-08-27T21:06:31+02:00\",\"dateModified\":\"2023-07-02T15:51:07+02:00\"},{\"@type\":\"WebSite\",\"@id\":\"https:\\\/\\\/elbeaterio.es\\\/#website\",\"url\":\"https:\\\/\\\/elbeaterio.es\\\/\",\"name\":\"El Beaterio de I\\u00f1aki de Mujika\",\"alternateName\":\"elbeaterio.es\",\"description\":\"Blog de I\\u00f1aki de Mujika. Sus beaterios en Noticias de Gipuzkoa, las entrevistas, los programas de televisi\\u00f3n \\\"Tiempo real\\\", homenajes, etc.\",\"inLanguage\":\"es-ES\",\"publisher\":{\"@id\":\"https:\\\/\\\/elbeaterio.es\\\/#person\"}}]}\n\t\t<\/script>\n\t\t<!-- All in One SEO -->\n\n","aioseo_head_json":{"title":"Punto de partida - El Beaterio de I\u00f1aki de Mujika","description":"La Liga Adelante de Segunda Divisi\u00f3n se estrena este fin de semana. Cuarenta y dos representaciones que durar\u00e1n hasta mediados del pr\u00f3ximo junio. Mucho tiempo para confirmar los papeles y el protagonismo que se adjudican a priori, justo antes de que se levante el tel\u00f3n. En esta categor\u00eda se vuelven a encontrar la Real Sociedad","canonical_url":"https:\/\/elbeaterio.es\/index.php\/2009\/08\/27\/punto-de-partida\/","robots":"max-image-preview:large","keywords":"","webmasterTools":{"google-site-verification":"OqF6EAwritiAZRpCdqm7K8ePP_ZHngiUX4qiOwdV5ls","miscellaneous":""},"schema":{"@context":"https:\/\/schema.org","@graph":[{"@type":"BlogPosting","@id":"https:\/\/elbeaterio.es\/index.php\/2009\/08\/27\/punto-de-partida\/#blogposting","name":"Punto de partida - El Beaterio de I\u00f1aki de Mujika","headline":"Punto de partida","author":{"@id":"https:\/\/elbeaterio.es\/index.php\/author\/ceh-mujicagmail-com\/#author"},"publisher":{"@id":"https:\/\/elbeaterio.es\/#person"},"image":{"@type":"ImageObject","@id":"https:\/\/elbeaterio.es\/index.php\/2009\/08\/27\/punto-de-partida\/#articleImage","url":"https:\/\/secure.gravatar.com\/avatar\/52e148bfb67d1f33983028b354e60f197561f893059a19708944b85230c274f9?s=96&d=mm&r=g","width":96,"height":96,"caption":"I\u00f1aki de Mujika"},"datePublished":"2009-08-27T21:06:31+02:00","dateModified":"2023-07-02T15:51:07+02:00","inLanguage":"es-ES","mainEntityOfPage":{"@id":"https:\/\/elbeaterio.es\/index.php\/2009\/08\/27\/punto-de-partida\/#webpage"},"isPartOf":{"@id":"https:\/\/elbeaterio.es\/index.php\/2009\/08\/27\/punto-de-partida\/#webpage"},"articleSection":"Comentarios 2009-2010"},{"@type":"BreadcrumbList","@id":"https:\/\/elbeaterio.es\/index.php\/2009\/08\/27\/punto-de-partida\/#breadcrumblist","itemListElement":[{"@type":"ListItem","@id":"https:\/\/elbeaterio.es#listItem","position":1,"name":"Hogar","item":"https:\/\/elbeaterio.es","nextItem":{"@type":"ListItem","@id":"https:\/\/elbeaterio.es\/index.php\/category\/temporadas-anteriores\/#listItem","name":"Temporadas anteriores"}},{"@type":"ListItem","@id":"https:\/\/elbeaterio.es\/index.php\/category\/temporadas-anteriores\/#listItem","position":2,"name":"Temporadas anteriores","item":"https:\/\/elbeaterio.es\/index.php\/category\/temporadas-anteriores\/","nextItem":{"@type":"ListItem","@id":"https:\/\/elbeaterio.es\/index.php\/category\/temporadas-anteriores\/comentario-del-dia\/#listItem","name":"El comentario del d\u00eda"},"previousItem":{"@type":"ListItem","@id":"https:\/\/elbeaterio.es#listItem","name":"Hogar"}},{"@type":"ListItem","@id":"https:\/\/elbeaterio.es\/index.php\/category\/temporadas-anteriores\/comentario-del-dia\/#listItem","position":3,"name":"El comentario del d\u00eda","item":"https:\/\/elbeaterio.es\/index.php\/category\/temporadas-anteriores\/comentario-del-dia\/","nextItem":{"@type":"ListItem","@id":"https:\/\/elbeaterio.es\/index.php\/category\/temporadas-anteriores\/comentario-del-dia\/comentarios-2009-2010\/#listItem","name":"Comentarios 2009-2010"},"previousItem":{"@type":"ListItem","@id":"https:\/\/elbeaterio.es\/index.php\/category\/temporadas-anteriores\/#listItem","name":"Temporadas anteriores"}},{"@type":"ListItem","@id":"https:\/\/elbeaterio.es\/index.php\/category\/temporadas-anteriores\/comentario-del-dia\/comentarios-2009-2010\/#listItem","position":4,"name":"Comentarios 2009-2010","item":"https:\/\/elbeaterio.es\/index.php\/category\/temporadas-anteriores\/comentario-del-dia\/comentarios-2009-2010\/","nextItem":{"@type":"ListItem","@id":"https:\/\/elbeaterio.es\/index.php\/2009\/08\/27\/punto-de-partida\/#listItem","name":"Punto de partida"},"previousItem":{"@type":"ListItem","@id":"https:\/\/elbeaterio.es\/index.php\/category\/temporadas-anteriores\/comentario-del-dia\/#listItem","name":"El comentario del d\u00eda"}},{"@type":"ListItem","@id":"https:\/\/elbeaterio.es\/index.php\/2009\/08\/27\/punto-de-partida\/#listItem","position":5,"name":"Punto de partida","previousItem":{"@type":"ListItem","@id":"https:\/\/elbeaterio.es\/index.php\/category\/temporadas-anteriores\/comentario-del-dia\/comentarios-2009-2010\/#listItem","name":"Comentarios 2009-2010"}}]},{"@type":"Person","@id":"https:\/\/elbeaterio.es\/#person","name":"I\u00f1aki de Mujika","image":{"@type":"ImageObject","@id":"https:\/\/elbeaterio.es\/index.php\/2009\/08\/27\/punto-de-partida\/#personImage","url":"https:\/\/secure.gravatar.com\/avatar\/52e148bfb67d1f33983028b354e60f197561f893059a19708944b85230c274f9?s=96&d=mm&r=g","width":96,"height":96,"caption":"I\u00f1aki de Mujika"}},{"@type":"Person","@id":"https:\/\/elbeaterio.es\/index.php\/author\/ceh-mujicagmail-com\/#author","url":"https:\/\/elbeaterio.es\/index.php\/author\/ceh-mujicagmail-com\/","name":"I\u00f1aki de Mujika","image":{"@type":"ImageObject","@id":"https:\/\/elbeaterio.es\/index.php\/2009\/08\/27\/punto-de-partida\/#authorImage","url":"https:\/\/secure.gravatar.com\/avatar\/52e148bfb67d1f33983028b354e60f197561f893059a19708944b85230c274f9?s=96&d=mm&r=g","width":96,"height":96,"caption":"I\u00f1aki de Mujika"}},{"@type":"WebPage","@id":"https:\/\/elbeaterio.es\/index.php\/2009\/08\/27\/punto-de-partida\/#webpage","url":"https:\/\/elbeaterio.es\/index.php\/2009\/08\/27\/punto-de-partida\/","name":"Punto de partida - El Beaterio de I\u00f1aki de Mujika","description":"La Liga Adelante de Segunda Divisi\u00f3n se estrena este fin de semana. Cuarenta y dos representaciones que durar\u00e1n hasta mediados del pr\u00f3ximo junio. Mucho tiempo para confirmar los papeles y el protagonismo que se adjudican a priori, justo antes de que se levante el tel\u00f3n. En esta categor\u00eda se vuelven a encontrar la Real Sociedad","inLanguage":"es-ES","isPartOf":{"@id":"https:\/\/elbeaterio.es\/#website"},"breadcrumb":{"@id":"https:\/\/elbeaterio.es\/index.php\/2009\/08\/27\/punto-de-partida\/#breadcrumblist"},"author":{"@id":"https:\/\/elbeaterio.es\/index.php\/author\/ceh-mujicagmail-com\/#author"},"creator":{"@id":"https:\/\/elbeaterio.es\/index.php\/author\/ceh-mujicagmail-com\/#author"},"datePublished":"2009-08-27T21:06:31+02:00","dateModified":"2023-07-02T15:51:07+02:00"},{"@type":"WebSite","@id":"https:\/\/elbeaterio.es\/#website","url":"https:\/\/elbeaterio.es\/","name":"El Beaterio de I\u00f1aki de Mujika","alternateName":"elbeaterio.es","description":"Blog de I\u00f1aki de Mujika. Sus beaterios en Noticias de Gipuzkoa, las entrevistas, los programas de televisi\u00f3n \"Tiempo real\", homenajes, etc.","inLanguage":"es-ES","publisher":{"@id":"https:\/\/elbeaterio.es\/#person"}}]},"og:locale":"es_ES","og:site_name":"El Beaterio de I\u00f1aki de Mujika - Blog de I\u00f1aki de Mujika. Sus beaterios en Noticias de Gipuzkoa, las entrevistas, los programas de televisi\u00f3n &quot;Tiempo real&quot;, homenajes, etc.","og:type":"article","og:title":"Punto de partida - El Beaterio de I\u00f1aki de Mujika","og:description":"La Liga Adelante de Segunda Divisi\u00f3n se estrena este fin de semana. Cuarenta y dos representaciones que durar\u00e1n hasta mediados del pr\u00f3ximo junio. Mucho tiempo para confirmar los papeles y el protagonismo que se adjudican a priori, justo antes de que se levante el tel\u00f3n. En esta categor\u00eda se vuelven a encontrar la Real Sociedad","og:url":"https:\/\/elbeaterio.es\/index.php\/2009\/08\/27\/punto-de-partida\/","article:published_time":"2009-08-27T21:06:31+00:00","article:modified_time":"2023-07-02T13:51:07+00:00","twitter:card":"summary_large_image","twitter:title":"Punto de partida - El Beaterio de I\u00f1aki de Mujika","twitter:description":"La Liga Adelante de Segunda Divisi\u00f3n se estrena este fin de semana. Cuarenta y dos representaciones que durar\u00e1n hasta mediados del pr\u00f3ximo junio. Mucho tiempo para confirmar los papeles y el protagonismo que se adjudican a priori, justo antes de que se levante el tel\u00f3n. En esta categor\u00eda se vuelven a encontrar la Real Sociedad"},"aioseo_meta_data":{"post_id":"4077","title":null,"description":null,"keywords":null,"keyphrases":null,"primary_term":null,"canonical_url":null,"og_title":null,"og_description":null,"og_object_type":"default","og_image_type":"default","og_image_url":null,"og_image_width":null,"og_image_height":null,"og_image_custom_url":null,"og_image_custom_fields":null,"og_video":null,"og_custom_url":null,"og_article_section":null,"og_article_tags":null,"twitter_use_og":false,"twitter_card":"default","twitter_image_type":"default","twitter_image_url":null,"twitter_image_custom_url":null,"twitter_image_custom_fields":null,"twitter_title":null,"twitter_description":null,"schema":{"blockGraphs":[],"customGraphs":[],"default":{"data":{"Article":[],"Course":[],"Dataset":[],"FAQPage":[],"Movie":[],"Person":[],"Product":[],"ProductReview":[],"Car":[],"Recipe":[],"Service":[],"SoftwareApplication":[],"WebPage":[]},"graphName":"","isEnabled":true},"graphs":[]},"schema_type":"default","schema_type_options":null,"pillar_content":false,"robots_default":true,"robots_noindex":false,"robots_noarchive":false,"robots_nosnippet":false,"robots_nofollow":false,"robots_noimageindex":false,"robots_noodp":false,"robots_notranslate":false,"robots_max_snippet":null,"robots_max_videopreview":null,"robots_max_imagepreview":"large","priority":null,"frequency":null,"local_seo":null,"breadcrumb_settings":null,"limit_modified_date":false,"ai":null,"created":"2024-11-16 15:41:03","updated":"2025-06-04 01:22:36","seo_analyzer_scan_date":null,"focus_keyword":null,"additional_keywords":null,"truseo_locale":null},"aioseo_breadcrumb":"<div class=\"aioseo-breadcrumbs\"><span class=\"aioseo-breadcrumb\">\n\t\t\t<a href=\"https:\/\/elbeaterio.es\" title=\"Hogar\">Hogar<\/a>\n\t\t<\/span><span class=\"aioseo-breadcrumb-separator\">&raquo;<\/span><span class=\"aioseo-breadcrumb\">\n\t\t\t<a href=\"https:\/\/elbeaterio.es\/index.php\/category\/temporadas-anteriores\/\" title=\"Temporadas anteriores\">Temporadas anteriores<\/a>\n\t\t<\/span><span class=\"aioseo-breadcrumb-separator\">&raquo;<\/span><span class=\"aioseo-breadcrumb\">\n\t\t\t<a href=\"https:\/\/elbeaterio.es\/index.php\/category\/temporadas-anteriores\/comentario-del-dia\/\" title=\"El comentario del d\u00eda\">El comentario del d\u00eda<\/a>\n\t\t<\/span><span class=\"aioseo-breadcrumb-separator\">&raquo;<\/span><span class=\"aioseo-breadcrumb\">\n\t\t\t<a href=\"https:\/\/elbeaterio.es\/index.php\/category\/temporadas-anteriores\/comentario-del-dia\/comentarios-2009-2010\/\" title=\"Comentarios 2009-2010\">Comentarios 2009-2010<\/a>\n\t\t<\/span><span class=\"aioseo-breadcrumb-separator\">&raquo;<\/span><span class=\"aioseo-breadcrumb\">\n\t\t\tPunto de partida\n\t\t<\/span><\/div>","aioseo_breadcrumb_json":[{"label":"Hogar","link":"https:\/\/elbeaterio.es"},{"label":"Temporadas anteriores","link":"https:\/\/elbeaterio.es\/index.php\/category\/temporadas-anteriores\/"},{"label":"El comentario del d\u00eda","link":"https:\/\/elbeaterio.es\/index.php\/category\/temporadas-anteriores\/comentario-del-dia\/"},{"label":"Comentarios 2009-2010","link":"https:\/\/elbeaterio.es\/index.php\/category\/temporadas-anteriores\/comentario-del-dia\/comentarios-2009-2010\/"},{"label":"Punto de partida","link":"https:\/\/elbeaterio.es\/index.php\/2009\/08\/27\/punto-de-partida\/"}],"_links":{"self":[{"href":"https:\/\/elbeaterio.es\/index.php\/wp-json\/wp\/v2\/posts\/4077","targetHints":{"allow":["GET"]}}],"collection":[{"href":"https:\/\/elbeaterio.es\/index.php\/wp-json\/wp\/v2\/posts"}],"about":[{"href":"https:\/\/elbeaterio.es\/index.php\/wp-json\/wp\/v2\/types\/post"}],"author":[{"embeddable":true,"href":"https:\/\/elbeaterio.es\/index.php\/wp-json\/wp\/v2\/users\/1"}],"replies":[{"embeddable":true,"href":"https:\/\/elbeaterio.es\/index.php\/wp-json\/wp\/v2\/comments?post=4077"}],"version-history":[{"count":1,"href":"https:\/\/elbeaterio.es\/index.php\/wp-json\/wp\/v2\/posts\/4077\/revisions"}],"predecessor-version":[{"id":6050,"href":"https:\/\/elbeaterio.es\/index.php\/wp-json\/wp\/v2\/posts\/4077\/revisions\/6050"}],"wp:attachment":[{"href":"https:\/\/elbeaterio.es\/index.php\/wp-json\/wp\/v2\/media?parent=4077"}],"wp:term":[{"taxonomy":"category","embeddable":true,"href":"https:\/\/elbeaterio.es\/index.php\/wp-json\/wp\/v2\/categories?post=4077"},{"taxonomy":"post_tag","embeddable":true,"href":"https:\/\/elbeaterio.es\/index.php\/wp-json\/wp\/v2\/tags?post=4077"}],"curies":[{"name":"wp","href":"https:\/\/api.w.org\/{rel}","templated":true}]}}