{"id":4178,"date":"2010-05-07T20:00:15","date_gmt":"2010-05-07T20:00:15","guid":{"rendered":"http:\/\/localhost\/joomla\/2010\/05\/07\/no-cabra-ni-un-alfiler\/"},"modified":"2023-07-02T15:51:07","modified_gmt":"2023-07-02T13:51:07","slug":"no-cabra-ni-un-alfiler","status":"publish","type":"post","link":"https:\/\/elbeaterio.es\/index.php\/2010\/05\/07\/no-cabra-ni-un-alfiler\/","title":{"rendered":"No cabr\u00e1 ni un alfiler"},"content":{"rendered":"<p>\nLa cita de Gal est&aacute; servida. No queda ni una sola entrada por vender, lo que significa que el recinto irundarra va a registrar la mejor entrada de su historia y sus taquillas pondr&aacute;n el ansiado cartel de &quot;No hay billetes&quot;. Los seguidores de los dos equipos se han rascado el bolsillo y apoyar&aacute;n a sus colores tratando de que consigan la victoria. No cabe esperar otra cosa ante un derby guipuzcoano en toda regla. Hace cuarenta a&ntilde;os que los dos equipos no se enfrentan en Ir&uacute;n de forma oficial.\n<\/p>\n<p><!--more--><br \/>\nLos dos llegan necesitados, aunque por distintas razones. La Real quiere triunfar para mantenerse en el liderato de la categor&iacute;a y acercarse de forma notable a Primera Divisi&oacute;n. Los unionistas ans&iacute;an enlazar tres victorias consecutivas por primera vez en la temporada, lo que equivaldr&iacute;a a sumar treinta y nueve puntos, a falta de seis jornadas para la conclusi&oacute;n del campeonato. <\/p>\n<p>\nLa semana se ha vivido con el freno de mano puesto. Ni una sola declaraci&oacute;n altisonante, ni un brindis al sol, ni nada. Todas las fuerzas se guardan para la cancha. I&ntilde;aki Alonso, t&eacute;cnico del Real Uni&oacute;n, cree que su equipo se juega m&aacute;s, porque entiende que su rival est&aacute; ya en Primera debido a la diferencia de puntos que mantiene con sus perseguidores. Mart&iacute;n Lasarte, que respeta al oponente y comprende la situaci&oacute;n, no valora el partido m&aacute;s all&aacute; de la oportunidad de seguir sumando.\n<\/p>\n<p>\nLos unionistas se concentrar&aacute;n ma&ntilde;ana para comer juntos y conocer de la mano de su t&eacute;cnico el equipo que iniciar&aacute; el partido. La lista de elegidos es la siguiente: Jauregi, San Sebastian, Gurrutxaga, Lacruz, Quero, Descarga, Gerlo, Salcedo, Juan Dom&iacute;nguez, Robles, Seguro, Brit, Goikoetxea, Beobide, Dur&aacute;n, Abasolo, Romo y Mendinueta.\n<\/p>\n<p>\nPor parte de la Real Sociedad, un contratiempo de &uacute;ltima hora por la fractura de un dedo en la mano izquierda de Asier Riesgo obliga a incorporar de nuevo al meta filial&nbsp;Mandaluniz en la convocatoria. Pero jugar&aacute; E&ntilde;aut Zubikarai. El resto de elegidos no ofrece sorpresas: Carlos Mart&iacute;nez, Labaka, Ansotegi, Mikel Gonzalez, Dela Bella, Markel Bergara, Rivas, Aranburu, Sergio, Zurutuza, Nsue, Songo&#8217;o, Xabi Prieto, Agirretxe, Viguera y Griezmann.\n<\/p>\n<p>\nEn los proleg&oacute;menos del encuentro, un remero de Hondarribia Arraun Elkartea realizar&aacute; el saque de honor tras la victoria en el Campeonato de Euskadi de banco m&oacute;vil.<span style=\"color: black\"><\/span> Entre una cosa y otra no cabr&aacute; un alfiler.<\/p>\n","protected":false},"excerpt":{"rendered":"<p>La cita de Gal est&aacute; servida. No queda ni una sola entrada por vender, lo que significa que el recinto irundarra va a registrar la mejor entrada de su historia y sus taquillas pondr&aacute;n el ansiado cartel de &quot;No hay billetes&quot;. Los seguidores de los dos equipos se han rascado el bolsillo y apoyar&aacute;n a [&hellip;]<\/p>\n","protected":false},"author":1,"featured_media":0,"comment_status":"closed","ping_status":"open","sticky":false,"template":"","format":"standard","meta":{"editor_plus_copied_stylings":"{}","_monsterinsights_skip_tracking":false,"footnotes":""},"categories":[42],"tags":[],"class_list":["post-4178","post","type-post","status-publish","format-standard","hentry","category-comentarios-2009-2010"],"aioseo_notices":[],"aioseo_head":"\n\t\t<!-- All in One SEO 5.0.0.1 - aioseo.com -->\n\t<meta name=\"description\" content=\"La cita de Gal est\u00e1 servida. No queda ni una sola entrada por vender, lo que significa que el recinto irundarra va a registrar la mejor entrada de su historia y sus taquillas pondr\u00e1n el ansiado cartel de &quot;No hay billetes&quot;. Los seguidores de los dos equipos se han rascado el bolsillo y apoyar\u00e1n a\" \/>\n\t<meta name=\"robots\" content=\"max-image-preview:large\" \/>\n\t<meta name=\"author\" content=\"I\u00f1aki de Mujika\"\/>\n\t<meta name=\"google-site-verification\" content=\"OqF6EAwritiAZRpCdqm7K8ePP_ZHngiUX4qiOwdV5ls\" \/>\n\t<link rel=\"canonical\" href=\"https:\/\/elbeaterio.es\/index.php\/2010\/05\/07\/no-cabra-ni-un-alfiler\/\" \/>\n\t<meta name=\"generator\" content=\"All in One SEO (AIOSEO) 5.0.0.1\" \/>\n\t\t<meta property=\"og:locale\" content=\"es_ES\" \/>\n\t\t<meta property=\"og:site_name\" content=\"El Beaterio de I\u00f1aki de Mujika - Blog de I\u00f1aki de Mujika. Sus beaterios en Noticias de Gipuzkoa, las entrevistas, los programas de televisi\u00f3n &quot;Tiempo real&quot;, homenajes, etc.\" \/>\n\t\t<meta property=\"og:type\" content=\"article\" \/>\n\t\t<meta property=\"og:title\" content=\"No cabr\u00e1 ni un alfiler - El Beaterio de I\u00f1aki de Mujika\" \/>\n\t\t<meta property=\"og:description\" content=\"La cita de Gal est\u00e1 servida. No queda ni una sola entrada por vender, lo que significa que el recinto irundarra va a registrar la mejor entrada de su historia y sus taquillas pondr\u00e1n el ansiado cartel de &quot;No hay billetes&quot;. Los seguidores de los dos equipos se han rascado el bolsillo y apoyar\u00e1n a\" \/>\n\t\t<meta property=\"og:url\" content=\"https:\/\/elbeaterio.es\/index.php\/2010\/05\/07\/no-cabra-ni-un-alfiler\/\" \/>\n\t\t<meta property=\"article:published_time\" content=\"2010-05-07T20:00:15+00:00\" \/>\n\t\t<meta property=\"article:modified_time\" content=\"2023-07-02T13:51:07+00:00\" \/>\n\t\t<meta name=\"twitter:card\" content=\"summary_large_image\" \/>\n\t\t<meta name=\"twitter:title\" content=\"No cabr\u00e1 ni un alfiler - El Beaterio de I\u00f1aki de Mujika\" \/>\n\t\t<meta name=\"twitter:description\" content=\"La cita de Gal est\u00e1 servida. No queda ni una sola entrada por vender, lo que significa que el recinto irundarra va a registrar la mejor entrada de su historia y sus taquillas pondr\u00e1n el ansiado cartel de &quot;No hay billetes&quot;. Los seguidores de los dos equipos se han rascado el bolsillo y apoyar\u00e1n a\" \/>\n\t\t<script type=\"application\/ld+json\" class=\"aioseo-schema\">\n\t\t\t{\"@context\":\"https:\\\/\\\/schema.org\",\"@graph\":[{\"@type\":\"BlogPosting\",\"@id\":\"https:\\\/\\\/elbeaterio.es\\\/index.php\\\/2010\\\/05\\\/07\\\/no-cabra-ni-un-alfiler\\\/#blogposting\",\"name\":\"No cabr\\u00e1 ni un alfiler - El Beaterio de I\\u00f1aki de Mujika\",\"headline\":\"No cabr\\u00e1 ni un alfiler\",\"author\":{\"@id\":\"https:\\\/\\\/elbeaterio.es\\\/index.php\\\/author\\\/ceh-mujicagmail-com\\\/#author\"},\"publisher\":{\"@id\":\"https:\\\/\\\/elbeaterio.es\\\/#person\"},\"image\":{\"@type\":\"ImageObject\",\"@id\":\"https:\\\/\\\/elbeaterio.es\\\/index.php\\\/2010\\\/05\\\/07\\\/no-cabra-ni-un-alfiler\\\/#articleImage\",\"url\":\"https:\\\/\\\/secure.gravatar.com\\\/avatar\\\/52e148bfb67d1f33983028b354e60f197561f893059a19708944b85230c274f9?s=96&d=mm&r=g\",\"width\":96,\"height\":96,\"caption\":\"I\\u00f1aki de Mujika\"},\"datePublished\":\"2010-05-07T20:00:15+02:00\",\"dateModified\":\"2023-07-02T15:51:07+02:00\",\"inLanguage\":\"es-ES\",\"mainEntityOfPage\":{\"@id\":\"https:\\\/\\\/elbeaterio.es\\\/index.php\\\/2010\\\/05\\\/07\\\/no-cabra-ni-un-alfiler\\\/#webpage\"},\"isPartOf\":{\"@id\":\"https:\\\/\\\/elbeaterio.es\\\/index.php\\\/2010\\\/05\\\/07\\\/no-cabra-ni-un-alfiler\\\/#webpage\"},\"articleSection\":\"Comentarios 2009-2010\"},{\"@type\":\"BreadcrumbList\",\"@id\":\"https:\\\/\\\/elbeaterio.es\\\/index.php\\\/2010\\\/05\\\/07\\\/no-cabra-ni-un-alfiler\\\/#breadcrumblist\",\"itemListElement\":[{\"@type\":\"ListItem\",\"@id\":\"https:\\\/\\\/elbeaterio.es#listItem\",\"position\":1,\"name\":\"Hogar\",\"item\":\"https:\\\/\\\/elbeaterio.es\",\"nextItem\":{\"@type\":\"ListItem\",\"@id\":\"https:\\\/\\\/elbeaterio.es\\\/index.php\\\/category\\\/temporadas-anteriores\\\/#listItem\",\"name\":\"Temporadas anteriores\"}},{\"@type\":\"ListItem\",\"@id\":\"https:\\\/\\\/elbeaterio.es\\\/index.php\\\/category\\\/temporadas-anteriores\\\/#listItem\",\"position\":2,\"name\":\"Temporadas anteriores\",\"item\":\"https:\\\/\\\/elbeaterio.es\\\/index.php\\\/category\\\/temporadas-anteriores\\\/\",\"nextItem\":{\"@type\":\"ListItem\",\"@id\":\"https:\\\/\\\/elbeaterio.es\\\/index.php\\\/category\\\/temporadas-anteriores\\\/comentario-del-dia\\\/#listItem\",\"name\":\"El comentario del d\\u00eda\"},\"previousItem\":{\"@type\":\"ListItem\",\"@id\":\"https:\\\/\\\/elbeaterio.es#listItem\",\"name\":\"Hogar\"}},{\"@type\":\"ListItem\",\"@id\":\"https:\\\/\\\/elbeaterio.es\\\/index.php\\\/category\\\/temporadas-anteriores\\\/comentario-del-dia\\\/#listItem\",\"position\":3,\"name\":\"El comentario del d\\u00eda\",\"item\":\"https:\\\/\\\/elbeaterio.es\\\/index.php\\\/category\\\/temporadas-anteriores\\\/comentario-del-dia\\\/\",\"nextItem\":{\"@type\":\"ListItem\",\"@id\":\"https:\\\/\\\/elbeaterio.es\\\/index.php\\\/category\\\/temporadas-anteriores\\\/comentario-del-dia\\\/comentarios-2009-2010\\\/#listItem\",\"name\":\"Comentarios 2009-2010\"},\"previousItem\":{\"@type\":\"ListItem\",\"@id\":\"https:\\\/\\\/elbeaterio.es\\\/index.php\\\/category\\\/temporadas-anteriores\\\/#listItem\",\"name\":\"Temporadas anteriores\"}},{\"@type\":\"ListItem\",\"@id\":\"https:\\\/\\\/elbeaterio.es\\\/index.php\\\/category\\\/temporadas-anteriores\\\/comentario-del-dia\\\/comentarios-2009-2010\\\/#listItem\",\"position\":4,\"name\":\"Comentarios 2009-2010\",\"item\":\"https:\\\/\\\/elbeaterio.es\\\/index.php\\\/category\\\/temporadas-anteriores\\\/comentario-del-dia\\\/comentarios-2009-2010\\\/\",\"nextItem\":{\"@type\":\"ListItem\",\"@id\":\"https:\\\/\\\/elbeaterio.es\\\/index.php\\\/2010\\\/05\\\/07\\\/no-cabra-ni-un-alfiler\\\/#listItem\",\"name\":\"No cabr\\u00e1 ni un alfiler\"},\"previousItem\":{\"@type\":\"ListItem\",\"@id\":\"https:\\\/\\\/elbeaterio.es\\\/index.php\\\/category\\\/temporadas-anteriores\\\/comentario-del-dia\\\/#listItem\",\"name\":\"El comentario del d\\u00eda\"}},{\"@type\":\"ListItem\",\"@id\":\"https:\\\/\\\/elbeaterio.es\\\/index.php\\\/2010\\\/05\\\/07\\\/no-cabra-ni-un-alfiler\\\/#listItem\",\"position\":5,\"name\":\"No cabr\\u00e1 ni un alfiler\",\"previousItem\":{\"@type\":\"ListItem\",\"@id\":\"https:\\\/\\\/elbeaterio.es\\\/index.php\\\/category\\\/temporadas-anteriores\\\/comentario-del-dia\\\/comentarios-2009-2010\\\/#listItem\",\"name\":\"Comentarios 2009-2010\"}}]},{\"@type\":\"Person\",\"@id\":\"https:\\\/\\\/elbeaterio.es\\\/#person\",\"name\":\"I\\u00f1aki de Mujika\",\"image\":{\"@type\":\"ImageObject\",\"@id\":\"https:\\\/\\\/elbeaterio.es\\\/index.php\\\/2010\\\/05\\\/07\\\/no-cabra-ni-un-alfiler\\\/#personImage\",\"url\":\"https:\\\/\\\/secure.gravatar.com\\\/avatar\\\/52e148bfb67d1f33983028b354e60f197561f893059a19708944b85230c274f9?s=96&d=mm&r=g\",\"width\":96,\"height\":96,\"caption\":\"I\\u00f1aki de Mujika\"}},{\"@type\":\"Person\",\"@id\":\"https:\\\/\\\/elbeaterio.es\\\/index.php\\\/author\\\/ceh-mujicagmail-com\\\/#author\",\"url\":\"https:\\\/\\\/elbeaterio.es\\\/index.php\\\/author\\\/ceh-mujicagmail-com\\\/\",\"name\":\"I\\u00f1aki de Mujika\",\"image\":{\"@type\":\"ImageObject\",\"@id\":\"https:\\\/\\\/elbeaterio.es\\\/index.php\\\/2010\\\/05\\\/07\\\/no-cabra-ni-un-alfiler\\\/#authorImage\",\"url\":\"https:\\\/\\\/secure.gravatar.com\\\/avatar\\\/52e148bfb67d1f33983028b354e60f197561f893059a19708944b85230c274f9?s=96&d=mm&r=g\",\"width\":96,\"height\":96,\"caption\":\"I\\u00f1aki de Mujika\"}},{\"@type\":\"WebPage\",\"@id\":\"https:\\\/\\\/elbeaterio.es\\\/index.php\\\/2010\\\/05\\\/07\\\/no-cabra-ni-un-alfiler\\\/#webpage\",\"url\":\"https:\\\/\\\/elbeaterio.es\\\/index.php\\\/2010\\\/05\\\/07\\\/no-cabra-ni-un-alfiler\\\/\",\"name\":\"No cabr\\u00e1 ni un alfiler - El Beaterio de I\\u00f1aki de Mujika\",\"description\":\"La cita de Gal est\\u00e1 servida. No queda ni una sola entrada por vender, lo que significa que el recinto irundarra va a registrar la mejor entrada de su historia y sus taquillas pondr\\u00e1n el ansiado cartel de \\\"No hay billetes\\\". Los seguidores de los dos equipos se han rascado el bolsillo y apoyar\\u00e1n a\",\"inLanguage\":\"es-ES\",\"isPartOf\":{\"@id\":\"https:\\\/\\\/elbeaterio.es\\\/#website\"},\"breadcrumb\":{\"@id\":\"https:\\\/\\\/elbeaterio.es\\\/index.php\\\/2010\\\/05\\\/07\\\/no-cabra-ni-un-alfiler\\\/#breadcrumblist\"},\"author\":{\"@id\":\"https:\\\/\\\/elbeaterio.es\\\/index.php\\\/author\\\/ceh-mujicagmail-com\\\/#author\"},\"creator\":{\"@id\":\"https:\\\/\\\/elbeaterio.es\\\/index.php\\\/author\\\/ceh-mujicagmail-com\\\/#author\"},\"datePublished\":\"2010-05-07T20:00:15+02:00\",\"dateModified\":\"2023-07-02T15:51:07+02:00\"},{\"@type\":\"WebSite\",\"@id\":\"https:\\\/\\\/elbeaterio.es\\\/#website\",\"url\":\"https:\\\/\\\/elbeaterio.es\\\/\",\"name\":\"El Beaterio de I\\u00f1aki de Mujika\",\"alternateName\":\"elbeaterio.es\",\"description\":\"Blog de I\\u00f1aki de Mujika. Sus beaterios en Noticias de Gipuzkoa, las entrevistas, los programas de televisi\\u00f3n \\\"Tiempo real\\\", homenajes, etc.\",\"inLanguage\":\"es-ES\",\"publisher\":{\"@id\":\"https:\\\/\\\/elbeaterio.es\\\/#person\"}}]}\n\t\t<\/script>\n\t\t<!-- All in One SEO -->\n\n","aioseo_head_json":{"title":"No cabr\u00e1 ni un alfiler - El Beaterio de I\u00f1aki de Mujika","description":"La cita de Gal est\u00e1 servida. No queda ni una sola entrada por vender, lo que significa que el recinto irundarra va a registrar la mejor entrada de su historia y sus taquillas pondr\u00e1n el ansiado cartel de \"No hay billetes\". Los seguidores de los dos equipos se han rascado el bolsillo y apoyar\u00e1n a","canonical_url":"https:\/\/elbeaterio.es\/index.php\/2010\/05\/07\/no-cabra-ni-un-alfiler\/","robots":"max-image-preview:large","keywords":"","webmasterTools":{"google-site-verification":"OqF6EAwritiAZRpCdqm7K8ePP_ZHngiUX4qiOwdV5ls","miscellaneous":""},"schema":{"@context":"https:\/\/schema.org","@graph":[{"@type":"BlogPosting","@id":"https:\/\/elbeaterio.es\/index.php\/2010\/05\/07\/no-cabra-ni-un-alfiler\/#blogposting","name":"No cabr\u00e1 ni un alfiler - El Beaterio de I\u00f1aki de Mujika","headline":"No cabr\u00e1 ni un alfiler","author":{"@id":"https:\/\/elbeaterio.es\/index.php\/author\/ceh-mujicagmail-com\/#author"},"publisher":{"@id":"https:\/\/elbeaterio.es\/#person"},"image":{"@type":"ImageObject","@id":"https:\/\/elbeaterio.es\/index.php\/2010\/05\/07\/no-cabra-ni-un-alfiler\/#articleImage","url":"https:\/\/secure.gravatar.com\/avatar\/52e148bfb67d1f33983028b354e60f197561f893059a19708944b85230c274f9?s=96&d=mm&r=g","width":96,"height":96,"caption":"I\u00f1aki de Mujika"},"datePublished":"2010-05-07T20:00:15+02:00","dateModified":"2023-07-02T15:51:07+02:00","inLanguage":"es-ES","mainEntityOfPage":{"@id":"https:\/\/elbeaterio.es\/index.php\/2010\/05\/07\/no-cabra-ni-un-alfiler\/#webpage"},"isPartOf":{"@id":"https:\/\/elbeaterio.es\/index.php\/2010\/05\/07\/no-cabra-ni-un-alfiler\/#webpage"},"articleSection":"Comentarios 2009-2010"},{"@type":"BreadcrumbList","@id":"https:\/\/elbeaterio.es\/index.php\/2010\/05\/07\/no-cabra-ni-un-alfiler\/#breadcrumblist","itemListElement":[{"@type":"ListItem","@id":"https:\/\/elbeaterio.es#listItem","position":1,"name":"Hogar","item":"https:\/\/elbeaterio.es","nextItem":{"@type":"ListItem","@id":"https:\/\/elbeaterio.es\/index.php\/category\/temporadas-anteriores\/#listItem","name":"Temporadas anteriores"}},{"@type":"ListItem","@id":"https:\/\/elbeaterio.es\/index.php\/category\/temporadas-anteriores\/#listItem","position":2,"name":"Temporadas anteriores","item":"https:\/\/elbeaterio.es\/index.php\/category\/temporadas-anteriores\/","nextItem":{"@type":"ListItem","@id":"https:\/\/elbeaterio.es\/index.php\/category\/temporadas-anteriores\/comentario-del-dia\/#listItem","name":"El comentario del d\u00eda"},"previousItem":{"@type":"ListItem","@id":"https:\/\/elbeaterio.es#listItem","name":"Hogar"}},{"@type":"ListItem","@id":"https:\/\/elbeaterio.es\/index.php\/category\/temporadas-anteriores\/comentario-del-dia\/#listItem","position":3,"name":"El comentario del d\u00eda","item":"https:\/\/elbeaterio.es\/index.php\/category\/temporadas-anteriores\/comentario-del-dia\/","nextItem":{"@type":"ListItem","@id":"https:\/\/elbeaterio.es\/index.php\/category\/temporadas-anteriores\/comentario-del-dia\/comentarios-2009-2010\/#listItem","name":"Comentarios 2009-2010"},"previousItem":{"@type":"ListItem","@id":"https:\/\/elbeaterio.es\/index.php\/category\/temporadas-anteriores\/#listItem","name":"Temporadas anteriores"}},{"@type":"ListItem","@id":"https:\/\/elbeaterio.es\/index.php\/category\/temporadas-anteriores\/comentario-del-dia\/comentarios-2009-2010\/#listItem","position":4,"name":"Comentarios 2009-2010","item":"https:\/\/elbeaterio.es\/index.php\/category\/temporadas-anteriores\/comentario-del-dia\/comentarios-2009-2010\/","nextItem":{"@type":"ListItem","@id":"https:\/\/elbeaterio.es\/index.php\/2010\/05\/07\/no-cabra-ni-un-alfiler\/#listItem","name":"No cabr\u00e1 ni un alfiler"},"previousItem":{"@type":"ListItem","@id":"https:\/\/elbeaterio.es\/index.php\/category\/temporadas-anteriores\/comentario-del-dia\/#listItem","name":"El comentario del d\u00eda"}},{"@type":"ListItem","@id":"https:\/\/elbeaterio.es\/index.php\/2010\/05\/07\/no-cabra-ni-un-alfiler\/#listItem","position":5,"name":"No cabr\u00e1 ni un alfiler","previousItem":{"@type":"ListItem","@id":"https:\/\/elbeaterio.es\/index.php\/category\/temporadas-anteriores\/comentario-del-dia\/comentarios-2009-2010\/#listItem","name":"Comentarios 2009-2010"}}]},{"@type":"Person","@id":"https:\/\/elbeaterio.es\/#person","name":"I\u00f1aki de Mujika","image":{"@type":"ImageObject","@id":"https:\/\/elbeaterio.es\/index.php\/2010\/05\/07\/no-cabra-ni-un-alfiler\/#personImage","url":"https:\/\/secure.gravatar.com\/avatar\/52e148bfb67d1f33983028b354e60f197561f893059a19708944b85230c274f9?s=96&d=mm&r=g","width":96,"height":96,"caption":"I\u00f1aki de Mujika"}},{"@type":"Person","@id":"https:\/\/elbeaterio.es\/index.php\/author\/ceh-mujicagmail-com\/#author","url":"https:\/\/elbeaterio.es\/index.php\/author\/ceh-mujicagmail-com\/","name":"I\u00f1aki de Mujika","image":{"@type":"ImageObject","@id":"https:\/\/elbeaterio.es\/index.php\/2010\/05\/07\/no-cabra-ni-un-alfiler\/#authorImage","url":"https:\/\/secure.gravatar.com\/avatar\/52e148bfb67d1f33983028b354e60f197561f893059a19708944b85230c274f9?s=96&d=mm&r=g","width":96,"height":96,"caption":"I\u00f1aki de Mujika"}},{"@type":"WebPage","@id":"https:\/\/elbeaterio.es\/index.php\/2010\/05\/07\/no-cabra-ni-un-alfiler\/#webpage","url":"https:\/\/elbeaterio.es\/index.php\/2010\/05\/07\/no-cabra-ni-un-alfiler\/","name":"No cabr\u00e1 ni un alfiler - El Beaterio de I\u00f1aki de Mujika","description":"La cita de Gal est\u00e1 servida. No queda ni una sola entrada por vender, lo que significa que el recinto irundarra va a registrar la mejor entrada de su historia y sus taquillas pondr\u00e1n el ansiado cartel de \"No hay billetes\". Los seguidores de los dos equipos se han rascado el bolsillo y apoyar\u00e1n a","inLanguage":"es-ES","isPartOf":{"@id":"https:\/\/elbeaterio.es\/#website"},"breadcrumb":{"@id":"https:\/\/elbeaterio.es\/index.php\/2010\/05\/07\/no-cabra-ni-un-alfiler\/#breadcrumblist"},"author":{"@id":"https:\/\/elbeaterio.es\/index.php\/author\/ceh-mujicagmail-com\/#author"},"creator":{"@id":"https:\/\/elbeaterio.es\/index.php\/author\/ceh-mujicagmail-com\/#author"},"datePublished":"2010-05-07T20:00:15+02:00","dateModified":"2023-07-02T15:51:07+02:00"},{"@type":"WebSite","@id":"https:\/\/elbeaterio.es\/#website","url":"https:\/\/elbeaterio.es\/","name":"El Beaterio de I\u00f1aki de Mujika","alternateName":"elbeaterio.es","description":"Blog de I\u00f1aki de Mujika. Sus beaterios en Noticias de Gipuzkoa, las entrevistas, los programas de televisi\u00f3n \"Tiempo real\", homenajes, etc.","inLanguage":"es-ES","publisher":{"@id":"https:\/\/elbeaterio.es\/#person"}}]},"og:locale":"es_ES","og:site_name":"El Beaterio de I\u00f1aki de Mujika - Blog de I\u00f1aki de Mujika. Sus beaterios en Noticias de Gipuzkoa, las entrevistas, los programas de televisi\u00f3n &quot;Tiempo real&quot;, homenajes, etc.","og:type":"article","og:title":"No cabr\u00e1 ni un alfiler - El Beaterio de I\u00f1aki de Mujika","og:description":"La cita de Gal est\u00e1 servida. No queda ni una sola entrada por vender, lo que significa que el recinto irundarra va a registrar la mejor entrada de su historia y sus taquillas pondr\u00e1n el ansiado cartel de &quot;No hay billetes&quot;. Los seguidores de los dos equipos se han rascado el bolsillo y apoyar\u00e1n a","og:url":"https:\/\/elbeaterio.es\/index.php\/2010\/05\/07\/no-cabra-ni-un-alfiler\/","article:published_time":"2010-05-07T20:00:15+00:00","article:modified_time":"2023-07-02T13:51:07+00:00","twitter:card":"summary_large_image","twitter:title":"No cabr\u00e1 ni un alfiler - El Beaterio de I\u00f1aki de Mujika","twitter:description":"La cita de Gal est\u00e1 servida. No queda ni una sola entrada por vender, lo que significa que el recinto irundarra va a registrar la mejor entrada de su historia y sus taquillas pondr\u00e1n el ansiado cartel de &quot;No hay billetes&quot;. Los seguidores de los dos equipos se han rascado el bolsillo y apoyar\u00e1n a"},"aioseo_meta_data":{"post_id":"4178","title":null,"description":null,"keywords":null,"keyphrases":null,"primary_term":null,"canonical_url":null,"og_title":null,"og_description":null,"og_object_type":"default","og_image_type":"default","og_image_url":null,"og_image_width":null,"og_image_height":null,"og_image_custom_url":null,"og_image_custom_fields":null,"og_video":null,"og_custom_url":null,"og_article_section":null,"og_article_tags":null,"twitter_use_og":false,"twitter_card":"default","twitter_image_type":"default","twitter_image_url":null,"twitter_image_custom_url":null,"twitter_image_custom_fields":null,"twitter_title":null,"twitter_description":null,"schema":{"blockGraphs":[],"customGraphs":[],"default":{"data":{"Article":[],"Course":[],"Dataset":[],"FAQPage":[],"Movie":[],"Person":[],"Product":[],"ProductReview":[],"Car":[],"Recipe":[],"Service":[],"SoftwareApplication":[],"WebPage":[]},"graphName":"","isEnabled":true},"graphs":[]},"schema_type":"default","schema_type_options":null,"pillar_content":false,"robots_default":true,"robots_noindex":false,"robots_noarchive":false,"robots_nosnippet":false,"robots_nofollow":false,"robots_noimageindex":false,"robots_noodp":false,"robots_notranslate":false,"robots_max_snippet":null,"robots_max_videopreview":null,"robots_max_imagepreview":"large","priority":null,"frequency":null,"local_seo":null,"breadcrumb_settings":null,"limit_modified_date":false,"ai":null,"created":"2024-11-16 15:53:08","updated":"2025-06-04 01:39:27","seo_analyzer_scan_date":null,"focus_keyword":null,"additional_keywords":null,"truseo_locale":null},"aioseo_breadcrumb":"<div class=\"aioseo-breadcrumbs\"><span class=\"aioseo-breadcrumb\">\n\t\t\t<a href=\"https:\/\/elbeaterio.es\" title=\"Hogar\">Hogar<\/a>\n\t\t<\/span><span class=\"aioseo-breadcrumb-separator\">&raquo;<\/span><span class=\"aioseo-breadcrumb\">\n\t\t\t<a href=\"https:\/\/elbeaterio.es\/index.php\/category\/temporadas-anteriores\/\" title=\"Temporadas anteriores\">Temporadas anteriores<\/a>\n\t\t<\/span><span class=\"aioseo-breadcrumb-separator\">&raquo;<\/span><span class=\"aioseo-breadcrumb\">\n\t\t\t<a href=\"https:\/\/elbeaterio.es\/index.php\/category\/temporadas-anteriores\/comentario-del-dia\/\" title=\"El comentario del d\u00eda\">El comentario del d\u00eda<\/a>\n\t\t<\/span><span class=\"aioseo-breadcrumb-separator\">&raquo;<\/span><span class=\"aioseo-breadcrumb\">\n\t\t\t<a href=\"https:\/\/elbeaterio.es\/index.php\/category\/temporadas-anteriores\/comentario-del-dia\/comentarios-2009-2010\/\" title=\"Comentarios 2009-2010\">Comentarios 2009-2010<\/a>\n\t\t<\/span><span class=\"aioseo-breadcrumb-separator\">&raquo;<\/span><span class=\"aioseo-breadcrumb\">\n\t\t\tNo cabr\u00e1 ni un alfiler\n\t\t<\/span><\/div>","aioseo_breadcrumb_json":[{"label":"Hogar","link":"https:\/\/elbeaterio.es"},{"label":"Temporadas anteriores","link":"https:\/\/elbeaterio.es\/index.php\/category\/temporadas-anteriores\/"},{"label":"El comentario del d\u00eda","link":"https:\/\/elbeaterio.es\/index.php\/category\/temporadas-anteriores\/comentario-del-dia\/"},{"label":"Comentarios 2009-2010","link":"https:\/\/elbeaterio.es\/index.php\/category\/temporadas-anteriores\/comentario-del-dia\/comentarios-2009-2010\/"},{"label":"No cabr\u00e1 ni un alfiler","link":"https:\/\/elbeaterio.es\/index.php\/2010\/05\/07\/no-cabra-ni-un-alfiler\/"}],"_links":{"self":[{"href":"https:\/\/elbeaterio.es\/index.php\/wp-json\/wp\/v2\/posts\/4178","targetHints":{"allow":["GET"]}}],"collection":[{"href":"https:\/\/elbeaterio.es\/index.php\/wp-json\/wp\/v2\/posts"}],"about":[{"href":"https:\/\/elbeaterio.es\/index.php\/wp-json\/wp\/v2\/types\/post"}],"author":[{"embeddable":true,"href":"https:\/\/elbeaterio.es\/index.php\/wp-json\/wp\/v2\/users\/1"}],"replies":[{"embeddable":true,"href":"https:\/\/elbeaterio.es\/index.php\/wp-json\/wp\/v2\/comments?post=4178"}],"version-history":[{"count":1,"href":"https:\/\/elbeaterio.es\/index.php\/wp-json\/wp\/v2\/posts\/4178\/revisions"}],"predecessor-version":[{"id":5979,"href":"https:\/\/elbeaterio.es\/index.php\/wp-json\/wp\/v2\/posts\/4178\/revisions\/5979"}],"wp:attachment":[{"href":"https:\/\/elbeaterio.es\/index.php\/wp-json\/wp\/v2\/media?parent=4178"}],"wp:term":[{"taxonomy":"category","embeddable":true,"href":"https:\/\/elbeaterio.es\/index.php\/wp-json\/wp\/v2\/categories?post=4178"},{"taxonomy":"post_tag","embeddable":true,"href":"https:\/\/elbeaterio.es\/index.php\/wp-json\/wp\/v2\/tags?post=4178"}],"curies":[{"name":"wp","href":"https:\/\/api.w.org\/{rel}","templated":true}]}}