{"id":4186,"date":"2010-04-10T09:42:00","date_gmt":"2010-04-10T09:42:00","guid":{"rendered":"http:\/\/localhost\/joomla\/2010\/04\/10\/itu-con-quien-vas\/"},"modified":"2023-07-02T15:51:07","modified_gmt":"2023-07-02T13:51:07","slug":"itu-con-quien-vas","status":"publish","type":"post","link":"https:\/\/elbeaterio.es\/index.php\/2010\/04\/10\/itu-con-quien-vas\/","title":{"rendered":"\u00bfT\u00fa, con quien vas?"},"content":{"rendered":"<p>Debo ser mayorc&iacute;simo porque he vivido mogoll&oacute;n de &quot;partidos del siglo&quot;. El de este s&aacute;bado en el Bernabeu ofrece mejor pinta que muchos de los que le precedieron. Llegan los dos equipos empatados, con trayectorias excelentes, cargadas de puntos, de goles y de diferentes formas de interpretar el juego del f&uacute;tbol. Real Madrid y Barcelona se encuentran sin mirarse sobre el c&eacute;sped madrile&ntilde;o.<br \/>\n<!--more--><\/p>\n<p>\nLas dos partes han tratado de quitarle importancia al encuentro, porque consideran de puertas a fuera que luego quedar&aacute;n jornadas suficientes para recuperarse del posible traspi&eacute;s. Los analistas entienden lo contrario. El que pierda saldr&aacute; tocado, mientras quien triunfe reforzar&aacute; todos sus par&aacute;metros. No es f&aacute;cil adivinar qu&eacute; pueda pasar, porque las estrategias t&aacute;cticas de ambos difieren notablemente.\n<\/p>\n<p>\nSe enfrentan dos estilos muy distintos de hacer las cosas. El Bar&ccedil;a acude con su cantera como m&aacute;xima expresi&oacute;n de eficacia, m&aacute;s a&uacute;n tras la baja conocida de Ibrahimovic. Le espera un equipo plagado de figuras, logradas a base de talonario. Cada conjunto pone en la balanza a los dos mejores futbolistas del mundo seg&uacute;n las &uacute;ltimas votaciones. El pulso con el bal&oacute;n enfrenta al manejo de la pelota, frente al juego m&aacute;s directo y de pegada. Todos los argumentos son suficientes como para decantar hacia uno u otro lado el devenir del match.\n<\/p>\n<p>\nLos entrenadores, quiz&aacute;s, son quienes m&aacute;s coinciden. A los dos les domina el sentido com&uacute;n, las formas, el &quot;seny&quot; de los catalanes. Ni Pellegrini, ni Guardiola han ido m&aacute;s all&aacute; de las lecturas ejemplares de un previo. Ni una mala palabra, ni un mal gesto, ni una fea voz, ni un error, ni una falta de respeto al rival. Nada. Incluso, el catal&aacute;n prohibi&oacute; a los suyos manifestarse en evitaci&oacute;n de charcos que a&ntilde;adieran argumentos no entrenables, ni controlables, a lo que se supone una pelea formal en toda regla.\n<\/p>\n<p>\nLos medios de comunicaci&oacute;n se han hinchado a la hora de ofrecer reportajes, tratando de encontrar f&oacute;rmulas por las que llegar a la conclusi&oacute;n antes de que el &aacute;rbitro pite&nbsp;el final del partido. Todos tratan de expresar ideas y pareceres desde la raz&oacute;n, pero es imposible que no afloren sentimientos. En estas circunstancias, estos dominan claramente porque no se puede vivir sin pasi&oacute;n un partido de este calado.\n<\/p>\n<p>\nEl mundo del f&uacute;tbol mundial mira hoy al Bernabeu. Las entradas en reventa se cotizan a precios impagables. Aqu&iacute; la crisis no existe. El bal&oacute;n puede con todo. Los colores, tambi&eacute;n. &iquest;Blanco?, &iquest;Azulgrana?.&nbsp; &iquest;T&uacute;, con qui&eacute;n vas?.\n<\/p>\n<p>\n&nbsp;<\/p>\n","protected":false},"excerpt":{"rendered":"<p>Debo ser mayorc&iacute;simo porque he vivido mogoll&oacute;n de &quot;partidos del siglo&quot;. El de este s&aacute;bado en el Bernabeu ofrece mejor pinta que muchos de los que le precedieron. Llegan los dos equipos empatados, con trayectorias excelentes, cargadas de puntos, de goles y de diferentes formas de interpretar el juego del f&uacute;tbol. Real Madrid y Barcelona [&hellip;]<\/p>\n","protected":false},"author":1,"featured_media":0,"comment_status":"closed","ping_status":"open","sticky":false,"template":"","format":"standard","meta":{"editor_plus_copied_stylings":"{}","_monsterinsights_skip_tracking":false,"footnotes":""},"categories":[42],"tags":[],"class_list":["post-4186","post","type-post","status-publish","format-standard","hentry","category-comentarios-2009-2010"],"aioseo_notices":[],"aioseo_head":"\n\t\t<!-- All in One SEO 5.0.0.1 - aioseo.com -->\n\t<meta name=\"description\" content=\"Debo ser mayorc\u00edsimo porque he vivido mogoll\u00f3n de &quot;partidos del siglo&quot;. El de este s\u00e1bado en el Bernabeu ofrece mejor pinta que muchos de los que le precedieron. Llegan los dos equipos empatados, con trayectorias excelentes, cargadas de puntos, de goles y de diferentes formas de interpretar el juego del f\u00fatbol. Real Madrid y Barcelona\" \/>\n\t<meta name=\"robots\" content=\"max-image-preview:large\" \/>\n\t<meta name=\"author\" content=\"I\u00f1aki de Mujika\"\/>\n\t<meta name=\"google-site-verification\" content=\"OqF6EAwritiAZRpCdqm7K8ePP_ZHngiUX4qiOwdV5ls\" \/>\n\t<link rel=\"canonical\" href=\"https:\/\/elbeaterio.es\/index.php\/2010\/04\/10\/itu-con-quien-vas\/\" \/>\n\t<meta name=\"generator\" content=\"All in One SEO (AIOSEO) 5.0.0.1\" \/>\n\t\t<meta property=\"og:locale\" content=\"es_ES\" \/>\n\t\t<meta property=\"og:site_name\" content=\"El Beaterio de I\u00f1aki de Mujika - Blog de I\u00f1aki de Mujika. Sus beaterios en Noticias de Gipuzkoa, las entrevistas, los programas de televisi\u00f3n &quot;Tiempo real&quot;, homenajes, etc.\" \/>\n\t\t<meta property=\"og:type\" content=\"article\" \/>\n\t\t<meta property=\"og:title\" content=\"\u00bfT\u00fa, con quien vas? - El Beaterio de I\u00f1aki de Mujika\" \/>\n\t\t<meta property=\"og:description\" content=\"Debo ser mayorc\u00edsimo porque he vivido mogoll\u00f3n de &quot;partidos del siglo&quot;. El de este s\u00e1bado en el Bernabeu ofrece mejor pinta que muchos de los que le precedieron. Llegan los dos equipos empatados, con trayectorias excelentes, cargadas de puntos, de goles y de diferentes formas de interpretar el juego del f\u00fatbol. Real Madrid y Barcelona\" \/>\n\t\t<meta property=\"og:url\" content=\"https:\/\/elbeaterio.es\/index.php\/2010\/04\/10\/itu-con-quien-vas\/\" \/>\n\t\t<meta property=\"article:published_time\" content=\"2010-04-10T09:42:00+00:00\" \/>\n\t\t<meta property=\"article:modified_time\" content=\"2023-07-02T13:51:07+00:00\" \/>\n\t\t<meta name=\"twitter:card\" content=\"summary_large_image\" \/>\n\t\t<meta name=\"twitter:title\" content=\"\u00bfT\u00fa, con quien vas? - El Beaterio de I\u00f1aki de Mujika\" \/>\n\t\t<meta name=\"twitter:description\" content=\"Debo ser mayorc\u00edsimo porque he vivido mogoll\u00f3n de &quot;partidos del siglo&quot;. El de este s\u00e1bado en el Bernabeu ofrece mejor pinta que muchos de los que le precedieron. Llegan los dos equipos empatados, con trayectorias excelentes, cargadas de puntos, de goles y de diferentes formas de interpretar el juego del f\u00fatbol. Real Madrid y Barcelona\" \/>\n\t\t<script type=\"application\/ld+json\" class=\"aioseo-schema\">\n\t\t\t{\"@context\":\"https:\\\/\\\/schema.org\",\"@graph\":[{\"@type\":\"BlogPosting\",\"@id\":\"https:\\\/\\\/elbeaterio.es\\\/index.php\\\/2010\\\/04\\\/10\\\/itu-con-quien-vas\\\/#blogposting\",\"name\":\"\\u00bfT\\u00fa, con quien vas? - El Beaterio de I\\u00f1aki de Mujika\",\"headline\":\"\\u00bfT\\u00fa, con quien vas?\",\"author\":{\"@id\":\"https:\\\/\\\/elbeaterio.es\\\/index.php\\\/author\\\/ceh-mujicagmail-com\\\/#author\"},\"publisher\":{\"@id\":\"https:\\\/\\\/elbeaterio.es\\\/#person\"},\"image\":{\"@type\":\"ImageObject\",\"@id\":\"https:\\\/\\\/elbeaterio.es\\\/index.php\\\/2010\\\/04\\\/10\\\/itu-con-quien-vas\\\/#articleImage\",\"url\":\"https:\\\/\\\/secure.gravatar.com\\\/avatar\\\/52e148bfb67d1f33983028b354e60f197561f893059a19708944b85230c274f9?s=96&d=mm&r=g\",\"width\":96,\"height\":96,\"caption\":\"I\\u00f1aki de Mujika\"},\"datePublished\":\"2010-04-10T09:42:00+02:00\",\"dateModified\":\"2023-07-02T15:51:07+02:00\",\"inLanguage\":\"es-ES\",\"mainEntityOfPage\":{\"@id\":\"https:\\\/\\\/elbeaterio.es\\\/index.php\\\/2010\\\/04\\\/10\\\/itu-con-quien-vas\\\/#webpage\"},\"isPartOf\":{\"@id\":\"https:\\\/\\\/elbeaterio.es\\\/index.php\\\/2010\\\/04\\\/10\\\/itu-con-quien-vas\\\/#webpage\"},\"articleSection\":\"Comentarios 2009-2010\"},{\"@type\":\"BreadcrumbList\",\"@id\":\"https:\\\/\\\/elbeaterio.es\\\/index.php\\\/2010\\\/04\\\/10\\\/itu-con-quien-vas\\\/#breadcrumblist\",\"itemListElement\":[{\"@type\":\"ListItem\",\"@id\":\"https:\\\/\\\/elbeaterio.es#listItem\",\"position\":1,\"name\":\"Hogar\",\"item\":\"https:\\\/\\\/elbeaterio.es\",\"nextItem\":{\"@type\":\"ListItem\",\"@id\":\"https:\\\/\\\/elbeaterio.es\\\/index.php\\\/category\\\/temporadas-anteriores\\\/#listItem\",\"name\":\"Temporadas anteriores\"}},{\"@type\":\"ListItem\",\"@id\":\"https:\\\/\\\/elbeaterio.es\\\/index.php\\\/category\\\/temporadas-anteriores\\\/#listItem\",\"position\":2,\"name\":\"Temporadas anteriores\",\"item\":\"https:\\\/\\\/elbeaterio.es\\\/index.php\\\/category\\\/temporadas-anteriores\\\/\",\"nextItem\":{\"@type\":\"ListItem\",\"@id\":\"https:\\\/\\\/elbeaterio.es\\\/index.php\\\/category\\\/temporadas-anteriores\\\/comentario-del-dia\\\/#listItem\",\"name\":\"El comentario del d\\u00eda\"},\"previousItem\":{\"@type\":\"ListItem\",\"@id\":\"https:\\\/\\\/elbeaterio.es#listItem\",\"name\":\"Hogar\"}},{\"@type\":\"ListItem\",\"@id\":\"https:\\\/\\\/elbeaterio.es\\\/index.php\\\/category\\\/temporadas-anteriores\\\/comentario-del-dia\\\/#listItem\",\"position\":3,\"name\":\"El comentario del d\\u00eda\",\"item\":\"https:\\\/\\\/elbeaterio.es\\\/index.php\\\/category\\\/temporadas-anteriores\\\/comentario-del-dia\\\/\",\"nextItem\":{\"@type\":\"ListItem\",\"@id\":\"https:\\\/\\\/elbeaterio.es\\\/index.php\\\/category\\\/temporadas-anteriores\\\/comentario-del-dia\\\/comentarios-2009-2010\\\/#listItem\",\"name\":\"Comentarios 2009-2010\"},\"previousItem\":{\"@type\":\"ListItem\",\"@id\":\"https:\\\/\\\/elbeaterio.es\\\/index.php\\\/category\\\/temporadas-anteriores\\\/#listItem\",\"name\":\"Temporadas anteriores\"}},{\"@type\":\"ListItem\",\"@id\":\"https:\\\/\\\/elbeaterio.es\\\/index.php\\\/category\\\/temporadas-anteriores\\\/comentario-del-dia\\\/comentarios-2009-2010\\\/#listItem\",\"position\":4,\"name\":\"Comentarios 2009-2010\",\"item\":\"https:\\\/\\\/elbeaterio.es\\\/index.php\\\/category\\\/temporadas-anteriores\\\/comentario-del-dia\\\/comentarios-2009-2010\\\/\",\"nextItem\":{\"@type\":\"ListItem\",\"@id\":\"https:\\\/\\\/elbeaterio.es\\\/index.php\\\/2010\\\/04\\\/10\\\/itu-con-quien-vas\\\/#listItem\",\"name\":\"\\u00bfT\\u00fa, con quien vas?\"},\"previousItem\":{\"@type\":\"ListItem\",\"@id\":\"https:\\\/\\\/elbeaterio.es\\\/index.php\\\/category\\\/temporadas-anteriores\\\/comentario-del-dia\\\/#listItem\",\"name\":\"El comentario del d\\u00eda\"}},{\"@type\":\"ListItem\",\"@id\":\"https:\\\/\\\/elbeaterio.es\\\/index.php\\\/2010\\\/04\\\/10\\\/itu-con-quien-vas\\\/#listItem\",\"position\":5,\"name\":\"\\u00bfT\\u00fa, con quien vas?\",\"previousItem\":{\"@type\":\"ListItem\",\"@id\":\"https:\\\/\\\/elbeaterio.es\\\/index.php\\\/category\\\/temporadas-anteriores\\\/comentario-del-dia\\\/comentarios-2009-2010\\\/#listItem\",\"name\":\"Comentarios 2009-2010\"}}]},{\"@type\":\"Person\",\"@id\":\"https:\\\/\\\/elbeaterio.es\\\/#person\",\"name\":\"I\\u00f1aki de Mujika\",\"image\":{\"@type\":\"ImageObject\",\"@id\":\"https:\\\/\\\/elbeaterio.es\\\/index.php\\\/2010\\\/04\\\/10\\\/itu-con-quien-vas\\\/#personImage\",\"url\":\"https:\\\/\\\/secure.gravatar.com\\\/avatar\\\/52e148bfb67d1f33983028b354e60f197561f893059a19708944b85230c274f9?s=96&d=mm&r=g\",\"width\":96,\"height\":96,\"caption\":\"I\\u00f1aki de Mujika\"}},{\"@type\":\"Person\",\"@id\":\"https:\\\/\\\/elbeaterio.es\\\/index.php\\\/author\\\/ceh-mujicagmail-com\\\/#author\",\"url\":\"https:\\\/\\\/elbeaterio.es\\\/index.php\\\/author\\\/ceh-mujicagmail-com\\\/\",\"name\":\"I\\u00f1aki de Mujika\",\"image\":{\"@type\":\"ImageObject\",\"@id\":\"https:\\\/\\\/elbeaterio.es\\\/index.php\\\/2010\\\/04\\\/10\\\/itu-con-quien-vas\\\/#authorImage\",\"url\":\"https:\\\/\\\/secure.gravatar.com\\\/avatar\\\/52e148bfb67d1f33983028b354e60f197561f893059a19708944b85230c274f9?s=96&d=mm&r=g\",\"width\":96,\"height\":96,\"caption\":\"I\\u00f1aki de Mujika\"}},{\"@type\":\"WebPage\",\"@id\":\"https:\\\/\\\/elbeaterio.es\\\/index.php\\\/2010\\\/04\\\/10\\\/itu-con-quien-vas\\\/#webpage\",\"url\":\"https:\\\/\\\/elbeaterio.es\\\/index.php\\\/2010\\\/04\\\/10\\\/itu-con-quien-vas\\\/\",\"name\":\"\\u00bfT\\u00fa, con quien vas? - El Beaterio de I\\u00f1aki de Mujika\",\"description\":\"Debo ser mayorc\\u00edsimo porque he vivido mogoll\\u00f3n de \\\"partidos del siglo\\\". El de este s\\u00e1bado en el Bernabeu ofrece mejor pinta que muchos de los que le precedieron. Llegan los dos equipos empatados, con trayectorias excelentes, cargadas de puntos, de goles y de diferentes formas de interpretar el juego del f\\u00fatbol. Real Madrid y Barcelona\",\"inLanguage\":\"es-ES\",\"isPartOf\":{\"@id\":\"https:\\\/\\\/elbeaterio.es\\\/#website\"},\"breadcrumb\":{\"@id\":\"https:\\\/\\\/elbeaterio.es\\\/index.php\\\/2010\\\/04\\\/10\\\/itu-con-quien-vas\\\/#breadcrumblist\"},\"author\":{\"@id\":\"https:\\\/\\\/elbeaterio.es\\\/index.php\\\/author\\\/ceh-mujicagmail-com\\\/#author\"},\"creator\":{\"@id\":\"https:\\\/\\\/elbeaterio.es\\\/index.php\\\/author\\\/ceh-mujicagmail-com\\\/#author\"},\"datePublished\":\"2010-04-10T09:42:00+02:00\",\"dateModified\":\"2023-07-02T15:51:07+02:00\"},{\"@type\":\"WebSite\",\"@id\":\"https:\\\/\\\/elbeaterio.es\\\/#website\",\"url\":\"https:\\\/\\\/elbeaterio.es\\\/\",\"name\":\"El Beaterio de I\\u00f1aki de Mujika\",\"alternateName\":\"elbeaterio.es\",\"description\":\"Blog de I\\u00f1aki de Mujika. Sus beaterios en Noticias de Gipuzkoa, las entrevistas, los programas de televisi\\u00f3n \\\"Tiempo real\\\", homenajes, etc.\",\"inLanguage\":\"es-ES\",\"publisher\":{\"@id\":\"https:\\\/\\\/elbeaterio.es\\\/#person\"}}]}\n\t\t<\/script>\n\t\t<!-- All in One SEO -->\n\n","aioseo_head_json":{"title":"\u00bfT\u00fa, con quien vas? - El Beaterio de I\u00f1aki de Mujika","description":"Debo ser mayorc\u00edsimo porque he vivido mogoll\u00f3n de \"partidos del siglo\". El de este s\u00e1bado en el Bernabeu ofrece mejor pinta que muchos de los que le precedieron. Llegan los dos equipos empatados, con trayectorias excelentes, cargadas de puntos, de goles y de diferentes formas de interpretar el juego del f\u00fatbol. Real Madrid y Barcelona","canonical_url":"https:\/\/elbeaterio.es\/index.php\/2010\/04\/10\/itu-con-quien-vas\/","robots":"max-image-preview:large","keywords":"","webmasterTools":{"google-site-verification":"OqF6EAwritiAZRpCdqm7K8ePP_ZHngiUX4qiOwdV5ls","miscellaneous":""},"schema":{"@context":"https:\/\/schema.org","@graph":[{"@type":"BlogPosting","@id":"https:\/\/elbeaterio.es\/index.php\/2010\/04\/10\/itu-con-quien-vas\/#blogposting","name":"\u00bfT\u00fa, con quien vas? - El Beaterio de I\u00f1aki de Mujika","headline":"\u00bfT\u00fa, con quien vas?","author":{"@id":"https:\/\/elbeaterio.es\/index.php\/author\/ceh-mujicagmail-com\/#author"},"publisher":{"@id":"https:\/\/elbeaterio.es\/#person"},"image":{"@type":"ImageObject","@id":"https:\/\/elbeaterio.es\/index.php\/2010\/04\/10\/itu-con-quien-vas\/#articleImage","url":"https:\/\/secure.gravatar.com\/avatar\/52e148bfb67d1f33983028b354e60f197561f893059a19708944b85230c274f9?s=96&d=mm&r=g","width":96,"height":96,"caption":"I\u00f1aki de Mujika"},"datePublished":"2010-04-10T09:42:00+02:00","dateModified":"2023-07-02T15:51:07+02:00","inLanguage":"es-ES","mainEntityOfPage":{"@id":"https:\/\/elbeaterio.es\/index.php\/2010\/04\/10\/itu-con-quien-vas\/#webpage"},"isPartOf":{"@id":"https:\/\/elbeaterio.es\/index.php\/2010\/04\/10\/itu-con-quien-vas\/#webpage"},"articleSection":"Comentarios 2009-2010"},{"@type":"BreadcrumbList","@id":"https:\/\/elbeaterio.es\/index.php\/2010\/04\/10\/itu-con-quien-vas\/#breadcrumblist","itemListElement":[{"@type":"ListItem","@id":"https:\/\/elbeaterio.es#listItem","position":1,"name":"Hogar","item":"https:\/\/elbeaterio.es","nextItem":{"@type":"ListItem","@id":"https:\/\/elbeaterio.es\/index.php\/category\/temporadas-anteriores\/#listItem","name":"Temporadas anteriores"}},{"@type":"ListItem","@id":"https:\/\/elbeaterio.es\/index.php\/category\/temporadas-anteriores\/#listItem","position":2,"name":"Temporadas anteriores","item":"https:\/\/elbeaterio.es\/index.php\/category\/temporadas-anteriores\/","nextItem":{"@type":"ListItem","@id":"https:\/\/elbeaterio.es\/index.php\/category\/temporadas-anteriores\/comentario-del-dia\/#listItem","name":"El comentario del d\u00eda"},"previousItem":{"@type":"ListItem","@id":"https:\/\/elbeaterio.es#listItem","name":"Hogar"}},{"@type":"ListItem","@id":"https:\/\/elbeaterio.es\/index.php\/category\/temporadas-anteriores\/comentario-del-dia\/#listItem","position":3,"name":"El comentario del d\u00eda","item":"https:\/\/elbeaterio.es\/index.php\/category\/temporadas-anteriores\/comentario-del-dia\/","nextItem":{"@type":"ListItem","@id":"https:\/\/elbeaterio.es\/index.php\/category\/temporadas-anteriores\/comentario-del-dia\/comentarios-2009-2010\/#listItem","name":"Comentarios 2009-2010"},"previousItem":{"@type":"ListItem","@id":"https:\/\/elbeaterio.es\/index.php\/category\/temporadas-anteriores\/#listItem","name":"Temporadas anteriores"}},{"@type":"ListItem","@id":"https:\/\/elbeaterio.es\/index.php\/category\/temporadas-anteriores\/comentario-del-dia\/comentarios-2009-2010\/#listItem","position":4,"name":"Comentarios 2009-2010","item":"https:\/\/elbeaterio.es\/index.php\/category\/temporadas-anteriores\/comentario-del-dia\/comentarios-2009-2010\/","nextItem":{"@type":"ListItem","@id":"https:\/\/elbeaterio.es\/index.php\/2010\/04\/10\/itu-con-quien-vas\/#listItem","name":"\u00bfT\u00fa, con quien vas?"},"previousItem":{"@type":"ListItem","@id":"https:\/\/elbeaterio.es\/index.php\/category\/temporadas-anteriores\/comentario-del-dia\/#listItem","name":"El comentario del d\u00eda"}},{"@type":"ListItem","@id":"https:\/\/elbeaterio.es\/index.php\/2010\/04\/10\/itu-con-quien-vas\/#listItem","position":5,"name":"\u00bfT\u00fa, con quien vas?","previousItem":{"@type":"ListItem","@id":"https:\/\/elbeaterio.es\/index.php\/category\/temporadas-anteriores\/comentario-del-dia\/comentarios-2009-2010\/#listItem","name":"Comentarios 2009-2010"}}]},{"@type":"Person","@id":"https:\/\/elbeaterio.es\/#person","name":"I\u00f1aki de Mujika","image":{"@type":"ImageObject","@id":"https:\/\/elbeaterio.es\/index.php\/2010\/04\/10\/itu-con-quien-vas\/#personImage","url":"https:\/\/secure.gravatar.com\/avatar\/52e148bfb67d1f33983028b354e60f197561f893059a19708944b85230c274f9?s=96&d=mm&r=g","width":96,"height":96,"caption":"I\u00f1aki de Mujika"}},{"@type":"Person","@id":"https:\/\/elbeaterio.es\/index.php\/author\/ceh-mujicagmail-com\/#author","url":"https:\/\/elbeaterio.es\/index.php\/author\/ceh-mujicagmail-com\/","name":"I\u00f1aki de Mujika","image":{"@type":"ImageObject","@id":"https:\/\/elbeaterio.es\/index.php\/2010\/04\/10\/itu-con-quien-vas\/#authorImage","url":"https:\/\/secure.gravatar.com\/avatar\/52e148bfb67d1f33983028b354e60f197561f893059a19708944b85230c274f9?s=96&d=mm&r=g","width":96,"height":96,"caption":"I\u00f1aki de Mujika"}},{"@type":"WebPage","@id":"https:\/\/elbeaterio.es\/index.php\/2010\/04\/10\/itu-con-quien-vas\/#webpage","url":"https:\/\/elbeaterio.es\/index.php\/2010\/04\/10\/itu-con-quien-vas\/","name":"\u00bfT\u00fa, con quien vas? - El Beaterio de I\u00f1aki de Mujika","description":"Debo ser mayorc\u00edsimo porque he vivido mogoll\u00f3n de \"partidos del siglo\". El de este s\u00e1bado en el Bernabeu ofrece mejor pinta que muchos de los que le precedieron. Llegan los dos equipos empatados, con trayectorias excelentes, cargadas de puntos, de goles y de diferentes formas de interpretar el juego del f\u00fatbol. Real Madrid y Barcelona","inLanguage":"es-ES","isPartOf":{"@id":"https:\/\/elbeaterio.es\/#website"},"breadcrumb":{"@id":"https:\/\/elbeaterio.es\/index.php\/2010\/04\/10\/itu-con-quien-vas\/#breadcrumblist"},"author":{"@id":"https:\/\/elbeaterio.es\/index.php\/author\/ceh-mujicagmail-com\/#author"},"creator":{"@id":"https:\/\/elbeaterio.es\/index.php\/author\/ceh-mujicagmail-com\/#author"},"datePublished":"2010-04-10T09:42:00+02:00","dateModified":"2023-07-02T15:51:07+02:00"},{"@type":"WebSite","@id":"https:\/\/elbeaterio.es\/#website","url":"https:\/\/elbeaterio.es\/","name":"El Beaterio de I\u00f1aki de Mujika","alternateName":"elbeaterio.es","description":"Blog de I\u00f1aki de Mujika. Sus beaterios en Noticias de Gipuzkoa, las entrevistas, los programas de televisi\u00f3n \"Tiempo real\", homenajes, etc.","inLanguage":"es-ES","publisher":{"@id":"https:\/\/elbeaterio.es\/#person"}}]},"og:locale":"es_ES","og:site_name":"El Beaterio de I\u00f1aki de Mujika - Blog de I\u00f1aki de Mujika. Sus beaterios en Noticias de Gipuzkoa, las entrevistas, los programas de televisi\u00f3n &quot;Tiempo real&quot;, homenajes, etc.","og:type":"article","og:title":"\u00bfT\u00fa, con quien vas? - El Beaterio de I\u00f1aki de Mujika","og:description":"Debo ser mayorc\u00edsimo porque he vivido mogoll\u00f3n de &quot;partidos del siglo&quot;. El de este s\u00e1bado en el Bernabeu ofrece mejor pinta que muchos de los que le precedieron. Llegan los dos equipos empatados, con trayectorias excelentes, cargadas de puntos, de goles y de diferentes formas de interpretar el juego del f\u00fatbol. Real Madrid y Barcelona","og:url":"https:\/\/elbeaterio.es\/index.php\/2010\/04\/10\/itu-con-quien-vas\/","article:published_time":"2010-04-10T09:42:00+00:00","article:modified_time":"2023-07-02T13:51:07+00:00","twitter:card":"summary_large_image","twitter:title":"\u00bfT\u00fa, con quien vas? - El Beaterio de I\u00f1aki de Mujika","twitter:description":"Debo ser mayorc\u00edsimo porque he vivido mogoll\u00f3n de &quot;partidos del siglo&quot;. El de este s\u00e1bado en el Bernabeu ofrece mejor pinta que muchos de los que le precedieron. Llegan los dos equipos empatados, con trayectorias excelentes, cargadas de puntos, de goles y de diferentes formas de interpretar el juego del f\u00fatbol. Real Madrid y Barcelona"},"aioseo_meta_data":{"post_id":"4186","title":null,"description":null,"keywords":null,"keyphrases":null,"primary_term":null,"canonical_url":null,"og_title":null,"og_description":null,"og_object_type":"default","og_image_type":"default","og_image_url":null,"og_image_width":null,"og_image_height":null,"og_image_custom_url":null,"og_image_custom_fields":null,"og_video":null,"og_custom_url":null,"og_article_section":null,"og_article_tags":null,"twitter_use_og":false,"twitter_card":"default","twitter_image_type":"default","twitter_image_url":null,"twitter_image_custom_url":null,"twitter_image_custom_fields":null,"twitter_title":null,"twitter_description":null,"schema":{"blockGraphs":[],"customGraphs":[],"default":{"data":{"Article":[],"Course":[],"Dataset":[],"FAQPage":[],"Movie":[],"Person":[],"Product":[],"ProductReview":[],"Car":[],"Recipe":[],"Service":[],"SoftwareApplication":[],"WebPage":[]},"graphName":"","isEnabled":true},"graphs":[]},"schema_type":"default","schema_type_options":null,"pillar_content":false,"robots_default":true,"robots_noindex":false,"robots_noarchive":false,"robots_nosnippet":false,"robots_nofollow":false,"robots_noimageindex":false,"robots_noodp":false,"robots_notranslate":false,"robots_max_snippet":null,"robots_max_videopreview":null,"robots_max_imagepreview":"large","priority":null,"frequency":null,"local_seo":null,"breadcrumb_settings":null,"limit_modified_date":false,"ai":null,"created":"2024-11-16 15:50:16","updated":"2025-06-04 01:38:09","seo_analyzer_scan_date":null,"focus_keyword":null,"additional_keywords":null,"truseo_locale":null},"aioseo_breadcrumb":"<div class=\"aioseo-breadcrumbs\"><span class=\"aioseo-breadcrumb\">\n\t\t\t<a href=\"https:\/\/elbeaterio.es\" title=\"Hogar\">Hogar<\/a>\n\t\t<\/span><span class=\"aioseo-breadcrumb-separator\">&raquo;<\/span><span class=\"aioseo-breadcrumb\">\n\t\t\t<a href=\"https:\/\/elbeaterio.es\/index.php\/category\/temporadas-anteriores\/\" title=\"Temporadas anteriores\">Temporadas anteriores<\/a>\n\t\t<\/span><span class=\"aioseo-breadcrumb-separator\">&raquo;<\/span><span class=\"aioseo-breadcrumb\">\n\t\t\t<a href=\"https:\/\/elbeaterio.es\/index.php\/category\/temporadas-anteriores\/comentario-del-dia\/\" title=\"El comentario del d\u00eda\">El comentario del d\u00eda<\/a>\n\t\t<\/span><span class=\"aioseo-breadcrumb-separator\">&raquo;<\/span><span class=\"aioseo-breadcrumb\">\n\t\t\t<a href=\"https:\/\/elbeaterio.es\/index.php\/category\/temporadas-anteriores\/comentario-del-dia\/comentarios-2009-2010\/\" title=\"Comentarios 2009-2010\">Comentarios 2009-2010<\/a>\n\t\t<\/span><span class=\"aioseo-breadcrumb-separator\">&raquo;<\/span><span class=\"aioseo-breadcrumb\">\n\t\t\t\u00bfT\u00fa, con quien vas?\n\t\t<\/span><\/div>","aioseo_breadcrumb_json":[{"label":"Hogar","link":"https:\/\/elbeaterio.es"},{"label":"Temporadas anteriores","link":"https:\/\/elbeaterio.es\/index.php\/category\/temporadas-anteriores\/"},{"label":"El comentario del d\u00eda","link":"https:\/\/elbeaterio.es\/index.php\/category\/temporadas-anteriores\/comentario-del-dia\/"},{"label":"Comentarios 2009-2010","link":"https:\/\/elbeaterio.es\/index.php\/category\/temporadas-anteriores\/comentario-del-dia\/comentarios-2009-2010\/"},{"label":"\u00bfT\u00fa, con quien vas?","link":"https:\/\/elbeaterio.es\/index.php\/2010\/04\/10\/itu-con-quien-vas\/"}],"_links":{"self":[{"href":"https:\/\/elbeaterio.es\/index.php\/wp-json\/wp\/v2\/posts\/4186","targetHints":{"allow":["GET"]}}],"collection":[{"href":"https:\/\/elbeaterio.es\/index.php\/wp-json\/wp\/v2\/posts"}],"about":[{"href":"https:\/\/elbeaterio.es\/index.php\/wp-json\/wp\/v2\/types\/post"}],"author":[{"embeddable":true,"href":"https:\/\/elbeaterio.es\/index.php\/wp-json\/wp\/v2\/users\/1"}],"replies":[{"embeddable":true,"href":"https:\/\/elbeaterio.es\/index.php\/wp-json\/wp\/v2\/comments?post=4186"}],"version-history":[{"count":1,"href":"https:\/\/elbeaterio.es\/index.php\/wp-json\/wp\/v2\/posts\/4186\/revisions"}],"predecessor-version":[{"id":5991,"href":"https:\/\/elbeaterio.es\/index.php\/wp-json\/wp\/v2\/posts\/4186\/revisions\/5991"}],"wp:attachment":[{"href":"https:\/\/elbeaterio.es\/index.php\/wp-json\/wp\/v2\/media?parent=4186"}],"wp:term":[{"taxonomy":"category","embeddable":true,"href":"https:\/\/elbeaterio.es\/index.php\/wp-json\/wp\/v2\/categories?post=4186"},{"taxonomy":"post_tag","embeddable":true,"href":"https:\/\/elbeaterio.es\/index.php\/wp-json\/wp\/v2\/tags?post=4186"}],"curies":[{"name":"wp","href":"https:\/\/api.w.org\/{rel}","templated":true}]}}