{"id":4365,"date":"2012-03-14T19:04:17","date_gmt":"2012-03-14T19:04:17","guid":{"rendered":"http:\/\/localhost\/joomla\/2012\/03\/14\/zafarrancho-de-combate\/"},"modified":"2023-07-02T16:12:46","modified_gmt":"2023-07-02T14:12:46","slug":"zafarrancho-de-combate","status":"publish","type":"post","link":"https:\/\/elbeaterio.es\/index.php\/2012\/03\/14\/zafarrancho-de-combate\/","title":{"rendered":"Zafarrancho de combate"},"content":{"rendered":"<p>La Real Sociedad y la plataforma televisiva Mediapro andan a la gresca. El presidente del club guipuzcoano asegura en rueda de prensa que la empresa que dispone de los derechos audiovisuales de la entidad que preside adeuda un total de 7,3 millones de euros, de los que 3,5 corresponden al a\u00f1o 2011 y3,8 a los meses de febrero y marzo de 2012.<\/p>\n<p>La Real Sociedad reclama el pago de todas las cantidades adeudadas con los intereses correspondientes hasta la fecha de pago, junto con la resoluci\u00f3n del contrato, m\u00e1s una indemnizaci\u00f3n establecida en el mismo de 10 millones de euros.<\/p>\n<p>Asimismo, el dirigente realista ha confirmado que en el contrato dela Real Sociedad, a diferencia de otros clubes, no se recoge ninguna cl\u00e1usula de suspensi\u00f3n ni pr\u00f3rroga del mismo.<\/p>\n<p>Como el contrato concluye en 2013, fecha a partir de la cualla Realdispondr\u00e1 de otro con diferente plataforma, se sospecha que ese cambio pueda estar detr\u00e1s de los impagos, ya que pese al inter\u00e9s de renovaci\u00f3n del actual convenio, en Anoeta han preferido uno nuevo que generar\u00e1 veinticinco millones de euros frente a los dieciocho que se propon\u00edan para la continuidad del v\u00ednculo.<\/p>\n<p>Esa falta de ingresos preocupa. El presidente Jokin Aperribay ha valorado la situaci\u00f3n se\u00f1alando que \u201cEs una cantidad importante, pero ya hemos hablado con los agentes financieros para que sepan cu\u00e1les van a ser nuestras necesidades, aunque debemos recalcar que disponemos de un presupuesto y una tesorer\u00eda en orden y tomamos las medidas oportunas para cumplir con los plazos\u201d.<\/p>\n<p>Al repasar la situaci\u00f3n acaecida con el descenso ala Segunda Divisi\u00f3n, Aperribay ha se\u00f1alado que \u201cal bajar a Segundala Real Sociedad pact\u00f3 el precio que Mediapro nos pagar\u00eda en Segunda Divisi\u00f3n. S\u00f3lo se modificaron las cantidades a percibir, no los plazos\u201d.<\/p>\n<p>El Presidente tambi\u00e9n ha manifestado que el contrato recoge que en caso de quela Real retornase a Primera Divisi\u00f3n en la temporada 08\/09 o en cualquiera en las que hace referencia el contrato con Mediapro, percibir\u00eda las cantidades establecidas. \u201cEn el contrato hay cinco temporadas y dos precios; uno en Primera y otro en Segunda\u201d,a\u00f1adi\u00f3 el presidente.<\/p>\n<p>Mediapro por su parte tambi\u00e9n ha comunicado que acude a la justicia ordinaria por incumplimiento de contrato.La Real asegura que no ha recibido ning\u00fan documento al respecto.<\/p>\n<p>\u00a0<\/p>\n<p>\u00a0<\/p>\n<p>\u00a0<\/p>\n","protected":false},"excerpt":{"rendered":"<p>La Real Sociedad y la plataforma televisiva Mediapro andan a la gresca. El presidente del club guipuzcoano asegura en rueda de prensa que la empresa que dispone de los derechos audiovisuales de la entidad que preside adeuda un total de 7,3 millones de euros, de los que 3,5 corresponden al a\u00f1o 2011 y3,8 a los [&hellip;]<\/p>\n","protected":false},"author":1,"featured_media":0,"comment_status":"closed","ping_status":"open","sticky":false,"template":"","format":"standard","meta":{"editor_plus_copied_stylings":"{}","_monsterinsights_skip_tracking":false,"_monsterinsights_sitenote_active":false,"_monsterinsights_sitenote_note":"","_monsterinsights_sitenote_category":0,"footnotes":""},"categories":[44],"tags":[],"class_list":["post-4365","post","type-post","status-publish","format-standard","hentry","category-comentarios-2011-2012"],"aioseo_notices":[],"_links":{"self":[{"href":"https:\/\/elbeaterio.es\/index.php\/wp-json\/wp\/v2\/posts\/4365","targetHints":{"allow":["GET"]}}],"collection":[{"href":"https:\/\/elbeaterio.es\/index.php\/wp-json\/wp\/v2\/posts"}],"about":[{"href":"https:\/\/elbeaterio.es\/index.php\/wp-json\/wp\/v2\/types\/post"}],"author":[{"embeddable":true,"href":"https:\/\/elbeaterio.es\/index.php\/wp-json\/wp\/v2\/users\/1"}],"replies":[{"embeddable":true,"href":"https:\/\/elbeaterio.es\/index.php\/wp-json\/wp\/v2\/comments?post=4365"}],"version-history":[{"count":1,"href":"https:\/\/elbeaterio.es\/index.php\/wp-json\/wp\/v2\/posts\/4365\/revisions"}],"predecessor-version":[{"id":5661,"href":"https:\/\/elbeaterio.es\/index.php\/wp-json\/wp\/v2\/posts\/4365\/revisions\/5661"}],"wp:attachment":[{"href":"https:\/\/elbeaterio.es\/index.php\/wp-json\/wp\/v2\/media?parent=4365"}],"wp:term":[{"taxonomy":"category","embeddable":true,"href":"https:\/\/elbeaterio.es\/index.php\/wp-json\/wp\/v2\/categories?post=4365"},{"taxonomy":"post_tag","embeddable":true,"href":"https:\/\/elbeaterio.es\/index.php\/wp-json\/wp\/v2\/tags?post=4365"}],"curies":[{"name":"wp","href":"https:\/\/api.w.org\/{rel}","templated":true}]}}