{"id":4378,"date":"2012-04-03T12:22:03","date_gmt":"2012-04-03T12:22:03","guid":{"rendered":"http:\/\/localhost\/joomla\/2012\/04\/03\/mirandes-el-primero-de-ochenta\/"},"modified":"2023-07-02T16:12:46","modified_gmt":"2023-07-02T14:12:46","slug":"mirandes-el-primero-de-ochenta","status":"publish","type":"post","link":"https:\/\/elbeaterio.es\/index.php\/2012\/04\/03\/mirandes-el-primero-de-ochenta\/","title":{"rendered":"Mirand\u00e9s, el primero de ochenta"},"content":{"rendered":"<p>El Mirand\u00e9s ya est\u00e1 donde quer\u00eda. Su estupenda marcha en la liga le confirma como candidato al ascenso. Es el primero de los ochenta equipos de Segunda \u201cB\u201d que alcanza matem\u00e1ticamente puesto de \u201cplay-off\u201d.<\/p>\n<p><!--more--><\/p>\n<p>Tras aquella Copa maravillosa en la que se le reconocieron todos los m\u00e9ritos y m\u00e1s, los de Carlos Pouso volvieron al \u201cpan y mantequilla\u201d de la liga. Han padecido alguna lesi\u00f3n importante, pero se han reforzado con\u00a0 futbolistas que le aportan equilibrio y fondo de vestuario. Conseguido el primer objetivo, apuestan por ser primeros.<\/p>\n<p>Concluir el campeonato en primera posici\u00f3n otorga clara ventaja respecto de los otros puestos de ascenso. Si superas la primera eliminatoria, ya est\u00e1s en Segunda. Los rojillos se lo merecen. Hace casi un a\u00f1o sufrieron en carne propia la dureza de estas confrontaciones a muerte. En el \u00faltimo suspiro del partido en Anduva ante el Guadalajara dijeron adi\u00f3s al ascenso.<\/p>\n<p>Por eso, se est\u00e1n especializando en resolver los partidos al final. Esta vez la v\u00edctima ha sido el \u00c9ibar que, pese a adelantarse, termin\u00f3 sucumbiendo con un gol de Alain en la prolongaci\u00f3n. Los equipos maduros y curtidos son los que saben jugar esos minutos tantas veces decisivos.<\/p>\n<p>Por lo dem\u00e1s, el grupo segundo de Segunda \u201cB\u201d sigue con muchos frentes abiertos. Ponferradina y \u00c9ibar cada d\u00eda est\u00e1n m\u00e1s cerca de colarse en la fase de ascenso, al igual que el Amorebieta, que, pese a ser un equipo reci\u00e9n ascendido, est\u00e1 cuajando un ejercicio espectacular. El partido de este jueves en Ipurua marcar\u00e1 tendencia.<\/p>\n","protected":false},"excerpt":{"rendered":"<p>El Mirand\u00e9s ya est\u00e1 donde quer\u00eda. Su estupenda marcha en la liga le confirma como candidato al ascenso. Es el primero de los ochenta equipos de Segunda \u201cB\u201d que alcanza matem\u00e1ticamente puesto de \u201cplay-off\u201d.<\/p>\n","protected":false},"author":1,"featured_media":0,"comment_status":"closed","ping_status":"open","sticky":false,"template":"","format":"standard","meta":{"editor_plus_copied_stylings":"{}","_monsterinsights_skip_tracking":false,"_monsterinsights_sitenote_active":false,"_monsterinsights_sitenote_note":"","_monsterinsights_sitenote_category":0,"footnotes":""},"categories":[44],"tags":[],"class_list":["post-4378","post","type-post","status-publish","format-standard","hentry","category-comentarios-2011-2012"],"aioseo_notices":[],"_links":{"self":[{"href":"https:\/\/elbeaterio.es\/index.php\/wp-json\/wp\/v2\/posts\/4378","targetHints":{"allow":["GET"]}}],"collection":[{"href":"https:\/\/elbeaterio.es\/index.php\/wp-json\/wp\/v2\/posts"}],"about":[{"href":"https:\/\/elbeaterio.es\/index.php\/wp-json\/wp\/v2\/types\/post"}],"author":[{"embeddable":true,"href":"https:\/\/elbeaterio.es\/index.php\/wp-json\/wp\/v2\/users\/1"}],"replies":[{"embeddable":true,"href":"https:\/\/elbeaterio.es\/index.php\/wp-json\/wp\/v2\/comments?post=4378"}],"version-history":[{"count":1,"href":"https:\/\/elbeaterio.es\/index.php\/wp-json\/wp\/v2\/posts\/4378\/revisions"}],"predecessor-version":[{"id":5644,"href":"https:\/\/elbeaterio.es\/index.php\/wp-json\/wp\/v2\/posts\/4378\/revisions\/5644"}],"wp:attachment":[{"href":"https:\/\/elbeaterio.es\/index.php\/wp-json\/wp\/v2\/media?parent=4378"}],"wp:term":[{"taxonomy":"category","embeddable":true,"href":"https:\/\/elbeaterio.es\/index.php\/wp-json\/wp\/v2\/categories?post=4378"},{"taxonomy":"post_tag","embeddable":true,"href":"https:\/\/elbeaterio.es\/index.php\/wp-json\/wp\/v2\/tags?post=4378"}],"curies":[{"name":"wp","href":"https:\/\/api.w.org\/{rel}","templated":true}]}}