{"id":4380,"date":"2012-04-05T06:57:04","date_gmt":"2012-04-05T06:57:04","guid":{"rendered":"http:\/\/localhost\/joomla\/2012\/04\/05\/oskitz\/"},"modified":"2023-07-02T16:12:46","modified_gmt":"2023-07-02T14:12:46","slug":"oskitz","status":"publish","type":"post","link":"https:\/\/elbeaterio.es\/index.php\/2012\/04\/05\/oskitz\/","title":{"rendered":"Oskitz"},"content":{"rendered":"<p>Oskitz Estefan\u00eda (Pasaia, 1986) juega al f\u00fatbol cuando le dejan las lesiones. Ultimamente, poco. Siendo juvenil la Real Sociedad apost\u00f3 por \u00e9l y \u00e9l por la Real. Ven\u00eda acompa\u00f1ado de buena fama. Peque\u00f1o, revoltoso, siempre con la porter\u00eda contraria entre ceja y ceja. Firm\u00f3 un buen contrato y comenz\u00f3 la carrera profesional.<\/p>\n<p><!--more--><\/p>\n<p>Cuando ten\u00eda 14 a\u00f1os de edad y un prometedor futuro, tanto el Real Madrid como el Barcelona y otros trataron de incorporarle a sus proyectos pero \u00e9l decidi\u00f3 seguir en San Sebasti\u00e1n y continuar acudiendo a las convocatorias de las selecci\u00f3n espa\u00f1ola de las categor\u00edas inferiores.<\/p>\n<p>Oskitz ha sido un adelantado a su tiempo, porque siempre jug\u00f3 en categor\u00edas superiores a la edad que le correspond\u00eda, debutando con el primer equipo cuando todav\u00eda no hab\u00eda cumplido los 18 a\u00f1os en un partido con el Real Madrid a las \u00f3rdenes de Denoueix..<\/p>\n<p>Una grave lesi\u00f3n de rodilla en la pretemporada que el equipo realizaba en Corea del Sur (2005) cort\u00f3 su progresi\u00f3n y, aunque volvi\u00f3 al filial para rehabilitarse como jugador, lo cierto es que su etapa en la Real Sociedad concluy\u00f3 en junio de 2009 cuando le dieron la baja. Su rodilla izquierda le traicion\u00f3.<\/p>\n<p>M\u00e1s tarde, ya en la Arandina, cuando el equipo burgal\u00e9s se aprestaba a jugar el play-off de ascenso se rompi\u00f3 el ligamento cruzado en el \u00faltimo partido. No pudo volver a jugar hasta el pasado febrero cuando volvi\u00f3 a pisar el c\u00e9sped de Gal en Ir\u00fan.<\/p>\n<p>El pasado fin de semana, un minuto despu\u00e9s de saltar al campo en el partido ante el Athletic \u201cB\u201d se ha roto el tend\u00f3n rotuliano en la misma rodilla. Volver\u00e1 a pasar por el quir\u00f3fano, volver\u00e1 a padecer una larga recuperaci\u00f3n. Dar\u00e1 vueltas a su cabeza hasta encontrar el camino y la luz que le gu\u00ede hasta su nueva recuperaci\u00f3n.<\/p>\n<p>No es medi\u00e1tico. Su lesi\u00f3n no es\u00a0tema de conversaci\u00f3n entre los aficionados, pero es un chaval que merece la pena. Quiero solidarizarme con \u00e9l y animarle a realizar otro gran esfuerzo.<\/p>\n","protected":false},"excerpt":{"rendered":"<p>Oskitz Estefan\u00eda (Pasaia, 1986) juega al f\u00fatbol cuando le dejan las lesiones. Ultimamente, poco. Siendo juvenil la Real Sociedad apost\u00f3 por \u00e9l y \u00e9l por la Real. Ven\u00eda acompa\u00f1ado de buena fama. Peque\u00f1o, revoltoso, siempre con la porter\u00eda contraria entre ceja y ceja. Firm\u00f3 un buen contrato y comenz\u00f3 la carrera profesional.<\/p>\n","protected":false},"author":1,"featured_media":0,"comment_status":"closed","ping_status":"open","sticky":false,"template":"","format":"standard","meta":{"editor_plus_copied_stylings":"{}","_monsterinsights_skip_tracking":false,"_monsterinsights_sitenote_active":false,"_monsterinsights_sitenote_note":"","_monsterinsights_sitenote_category":0,"footnotes":""},"categories":[44],"tags":[],"class_list":["post-4380","post","type-post","status-publish","format-standard","hentry","category-comentarios-2011-2012"],"aioseo_notices":[],"_links":{"self":[{"href":"https:\/\/elbeaterio.es\/index.php\/wp-json\/wp\/v2\/posts\/4380","targetHints":{"allow":["GET"]}}],"collection":[{"href":"https:\/\/elbeaterio.es\/index.php\/wp-json\/wp\/v2\/posts"}],"about":[{"href":"https:\/\/elbeaterio.es\/index.php\/wp-json\/wp\/v2\/types\/post"}],"author":[{"embeddable":true,"href":"https:\/\/elbeaterio.es\/index.php\/wp-json\/wp\/v2\/users\/1"}],"replies":[{"embeddable":true,"href":"https:\/\/elbeaterio.es\/index.php\/wp-json\/wp\/v2\/comments?post=4380"}],"version-history":[{"count":1,"href":"https:\/\/elbeaterio.es\/index.php\/wp-json\/wp\/v2\/posts\/4380\/revisions"}],"predecessor-version":[{"id":5642,"href":"https:\/\/elbeaterio.es\/index.php\/wp-json\/wp\/v2\/posts\/4380\/revisions\/5642"}],"wp:attachment":[{"href":"https:\/\/elbeaterio.es\/index.php\/wp-json\/wp\/v2\/media?parent=4380"}],"wp:term":[{"taxonomy":"category","embeddable":true,"href":"https:\/\/elbeaterio.es\/index.php\/wp-json\/wp\/v2\/categories?post=4380"},{"taxonomy":"post_tag","embeddable":true,"href":"https:\/\/elbeaterio.es\/index.php\/wp-json\/wp\/v2\/tags?post=4380"}],"curies":[{"name":"wp","href":"https:\/\/api.w.org\/{rel}","templated":true}]}}