{"id":4429,"date":"2012-07-05T19:19:39","date_gmt":"2012-07-05T19:19:39","guid":{"rendered":"http:\/\/localhost\/joomla\/2012\/07\/05\/traca-en-lezama\/"},"modified":"2023-07-02T16:14:05","modified_gmt":"2023-07-02T14:14:05","slug":"traca-en-lezama","status":"publish","type":"post","link":"https:\/\/elbeaterio.es\/index.php\/2012\/07\/05\/traca-en-lezama\/","title":{"rendered":"Traca en Lezama"},"content":{"rendered":"<p>No estoy cerca de Lezama ni de Bielsa, pero en la distancia se observa polvor\u00edn. Bielsa ha estado desaparecido en los \u00faltimos d\u00edas. Han corrido r\u00edos de tinta y se ha especulado mucho sobre el\u00a0d\u00f3nde, c\u00f3mo y c\u00faando del t\u00e9cnico argentino, hasta que ha decidido salir a la palestra, sentarse ante los periodistas y hablar durante veinte minutos. El mon\u00f3logo no muestra un \u00e1pice de desperdicio. Y todo por las obras de las instalaciones del Athletic que ha calificado de &#8220;estafa, robo y\u00a0enga\u00f1o&#8221;.<\/p>\n<p><!--more--><\/p>\n<p>Esas<\/p>\n<p>\u00a0<\/p>\n<p>El entrenador del Athletic de Bilbao, Marcelo Bielsa, dio su primera rueda de prensa de la temporada y a juzgar por sus frases no parece estar muy satisfecho con el inicio de la pretemporada. Critic\u00f3 con fuerza el estado de las obras en Lezama e incluso lleg\u00f3 a decir que \u00e9l no pidi\u00f3 a Aduriz e Isma, aunque le parecen buenos fichajes. &#8220;Nunca hice una solicitud de jugadores, se\u00f1al\u00e9 las posiciones que se deb\u00edan reforzar, que no son las de Aduriz e Isma&#8221;, dijo en rueda prensa el argentino. A pesar de no haberlos solicitado, los dos jugadores son buenas incorporaciones para su equipo. &#8220;Me parece que los refuerzos de Aduriz e Isma son importantes&#8221;.<\/p>\n<p>Peor cara se le puso a la hora de hablar de las dichosas obras de Lezama. Unas obras que han dejado a Bielsa &#8220;sin vacaciones&#8221; y haciendo llamadas &#8220;de cuatro horas diarias desde Argentina&#8221;. &#8220;Propuse un plan austero para remodelar Lezama. La planificaci\u00f3n de obras ten\u00eda unos plazos de entrega y uno de ellos se cumpli\u00f3 el 2 de julio. Yo me reun\u00ed unas treinta horas con los responsables. No tuve vacaciones y desde Argentina habl\u00e9 cuatro horas diarias con los responsables. Hacer la pretemporada en estas condiciones de Lezama me desprestigia como entrenador&#8221;, apostill\u00f3.<\/p>\n<p>Pero Bielsa no enterr\u00f3 ah\u00ed su enfado con las obras y carg\u00f3 contra los operarios por hacer mal su trabajo &#8220;sabiendo que se hac\u00eda mal&#8221;. &#8220;El trabajo no es que no se terminara, es que se hizo mal sabiendo que se hac\u00eda mal. Cuando vi como estaba, me indign\u00e9. Ofend\u00ed a la persona encargada y \u00e9l me contest\u00f3 tambi\u00e9n mal. Las obras se hac\u00edan mas por el inter\u00e9s de la empresa constructora que para los intereses del Athletic. Considero que lo hecho es una estafa, un robo y un enga\u00f1o&#8221;. Eso debi\u00f3 provocar, seg\u00fan el propio t\u00e9cnico, una discusi\u00f3n acalorada que termin\u00f3 con &#8220;una denuncia autoinculp\u00e1ndome por el mal trato hacia el ingeniero encargado de las obras&#8221;.<\/p>\n<p>El argentino tambi\u00e9n neg\u00f3 que fuera a vivir en Lezama porque &#8220;las habitaciones son muy caras&#8221;. &#8220;Nunca ped\u00ed vivir en Lezama porque era demasiado caro vivir en esas habitaciones &#8220;.<\/p>\n<p>El gremio de periodistas y entrenadores tampoco se salvaron durante la primera rueda de prensa de Marcelo Bielsa. &#8220;Yo tengo muy mal concepto del periodismo y de los periodistas. Para que se queden tranquilos, tengo peor concepto de los entrenadores&#8221;.<\/p>\n","protected":false},"excerpt":{"rendered":"<p>No estoy cerca de Lezama ni de Bielsa, pero en la distancia se observa polvor\u00edn. Bielsa ha estado desaparecido en los \u00faltimos d\u00edas. Han corrido r\u00edos de tinta y se ha especulado mucho sobre el\u00a0d\u00f3nde, c\u00f3mo y c\u00faando del t\u00e9cnico argentino, hasta que ha decidido salir a la palestra, sentarse ante los periodistas y hablar [&hellip;]<\/p>\n","protected":false},"author":1,"featured_media":0,"comment_status":"closed","ping_status":"open","sticky":false,"template":"","format":"standard","meta":{"editor_plus_copied_stylings":"{}","_monsterinsights_skip_tracking":false,"_monsterinsights_sitenote_active":false,"_monsterinsights_sitenote_note":"","_monsterinsights_sitenote_category":0,"footnotes":""},"categories":[45],"tags":[],"class_list":["post-4429","post","type-post","status-publish","format-standard","hentry","category-comentarios-2012-2013"],"aioseo_notices":[],"_links":{"self":[{"href":"https:\/\/elbeaterio.es\/index.php\/wp-json\/wp\/v2\/posts\/4429","targetHints":{"allow":["GET"]}}],"collection":[{"href":"https:\/\/elbeaterio.es\/index.php\/wp-json\/wp\/v2\/posts"}],"about":[{"href":"https:\/\/elbeaterio.es\/index.php\/wp-json\/wp\/v2\/types\/post"}],"author":[{"embeddable":true,"href":"https:\/\/elbeaterio.es\/index.php\/wp-json\/wp\/v2\/users\/1"}],"replies":[{"embeddable":true,"href":"https:\/\/elbeaterio.es\/index.php\/wp-json\/wp\/v2\/comments?post=4429"}],"version-history":[{"count":1,"href":"https:\/\/elbeaterio.es\/index.php\/wp-json\/wp\/v2\/posts\/4429\/revisions"}],"predecessor-version":[{"id":5582,"href":"https:\/\/elbeaterio.es\/index.php\/wp-json\/wp\/v2\/posts\/4429\/revisions\/5582"}],"wp:attachment":[{"href":"https:\/\/elbeaterio.es\/index.php\/wp-json\/wp\/v2\/media?parent=4429"}],"wp:term":[{"taxonomy":"category","embeddable":true,"href":"https:\/\/elbeaterio.es\/index.php\/wp-json\/wp\/v2\/categories?post=4429"},{"taxonomy":"post_tag","embeddable":true,"href":"https:\/\/elbeaterio.es\/index.php\/wp-json\/wp\/v2\/tags?post=4429"}],"curies":[{"name":"wp","href":"https:\/\/api.w.org\/{rel}","templated":true}]}}