{"id":4430,"date":"2012-07-09T06:06:50","date_gmt":"2012-07-09T06:06:50","guid":{"rendered":"http:\/\/localhost\/joomla\/2012\/07\/09\/de-blanc-a-deschamps\/"},"modified":"2023-07-02T16:14:05","modified_gmt":"2023-07-02T14:14:05","slug":"de-blanc-a-deschamps","status":"publish","type":"post","link":"https:\/\/elbeaterio.es\/index.php\/2012\/07\/09\/de-blanc-a-deschamps\/","title":{"rendered":"De Blanc a Deschamps"},"content":{"rendered":"<p>La dimisi\u00f3n de Laurent Blanco como seleccionador franc\u00e9s de f\u00fatbol abre de nuevo una brecha en la mal cicatrizada herida de la formaci\u00f3n gala. La cat\u00e1strofe que supuso el papel del equipo en el mundial de Sud\u00e1frica motiv\u00f3 una serie de decisiones que afectaron entonces al presidente de la federaci\u00f3n, al t\u00e9cnico Domenech y a una parte no desde\u00f1able de futbolistas.<\/p>\n<p><!--more--><\/p>\n<p>Han pasado dos a\u00f1os. Casi un volver a empezar, tanto en los despachos como en el terreno de juego. Sin grandes alharacas, la tricolor fue haciendo camino, ganando partidos sin cautivar, apostando por j\u00f3venes y clasific\u00e1ndose para la recientemente terminada Eurocopa.<\/p>\n<p>La antigua situaci\u00f3n no parece erradicada porque han vuelto a aflorar viejas tensiones, sobre todo a ra\u00edz del \u00faltimo partido clasificatorio, cuando jugando frente a Irlanda, bordearon el rid\u00edculo y desaprovecharon la oportunidad de ser primeros de grupo y evitar a Espa\u00f1a en los cruces. Se supo, porque trascendi\u00f3, que hubo rebeli\u00f3n a bordo, que Nasri y algunos m\u00e1s se las tuvieron tiesas con el t\u00e9cnico.<\/p>\n<p>Los franceses no perdonan estas salidas de tono. La prensa zumba y exige responsabilidades. Tras la derrota ante el equipo de Vicente del Bosque y la consiguiente eliminaci\u00f3n, las noticias saltan como el agua en las cataratas. Blanc no desea continuar. Varios futbolistas (Nasri, Ben Arfa, M\u00e9nez, M\u2019Vila) son llamados a declarar ante la comisi\u00f3n de disciplina de la federaci\u00f3n.<\/p>\n<p>A la vista otro proyecto y la necesidad de elegir nuevo entrenador. Algunos rumores situaban a Deschamps, pero otros hablaban de Wenger, Tigana o Zidane. Finalmente, la Federaci\u00f3n Francesa comunic\u00f3 oficialmente que el exentrenador del Marsella, y campe\u00f3n del mundo en aquella maravillosa selecci\u00f3n de Aim\u00e9 Jacquet, Didier Deschamps ser\u00e1 el nuevo responsable del combinado galo. Le queda una ardua tarea por delante. El vestuario no es f\u00e1cil.<\/p>\n","protected":false},"excerpt":{"rendered":"<p>La dimisi\u00f3n de Laurent Blanco como seleccionador franc\u00e9s de f\u00fatbol abre de nuevo una brecha en la mal cicatrizada herida de la formaci\u00f3n gala. La cat\u00e1strofe que supuso el papel del equipo en el mundial de Sud\u00e1frica motiv\u00f3 una serie de decisiones que afectaron entonces al presidente de la federaci\u00f3n, al t\u00e9cnico Domenech y a [&hellip;]<\/p>\n","protected":false},"author":1,"featured_media":0,"comment_status":"closed","ping_status":"open","sticky":false,"template":"","format":"standard","meta":{"editor_plus_copied_stylings":"{}","_monsterinsights_skip_tracking":false,"_monsterinsights_sitenote_active":false,"_monsterinsights_sitenote_note":"","_monsterinsights_sitenote_category":0,"footnotes":""},"categories":[45],"tags":[],"class_list":["post-4430","post","type-post","status-publish","format-standard","hentry","category-comentarios-2012-2013"],"aioseo_notices":[],"_links":{"self":[{"href":"https:\/\/elbeaterio.es\/index.php\/wp-json\/wp\/v2\/posts\/4430","targetHints":{"allow":["GET"]}}],"collection":[{"href":"https:\/\/elbeaterio.es\/index.php\/wp-json\/wp\/v2\/posts"}],"about":[{"href":"https:\/\/elbeaterio.es\/index.php\/wp-json\/wp\/v2\/types\/post"}],"author":[{"embeddable":true,"href":"https:\/\/elbeaterio.es\/index.php\/wp-json\/wp\/v2\/users\/1"}],"replies":[{"embeddable":true,"href":"https:\/\/elbeaterio.es\/index.php\/wp-json\/wp\/v2\/comments?post=4430"}],"version-history":[{"count":1,"href":"https:\/\/elbeaterio.es\/index.php\/wp-json\/wp\/v2\/posts\/4430\/revisions"}],"predecessor-version":[{"id":5581,"href":"https:\/\/elbeaterio.es\/index.php\/wp-json\/wp\/v2\/posts\/4430\/revisions\/5581"}],"wp:attachment":[{"href":"https:\/\/elbeaterio.es\/index.php\/wp-json\/wp\/v2\/media?parent=4430"}],"wp:term":[{"taxonomy":"category","embeddable":true,"href":"https:\/\/elbeaterio.es\/index.php\/wp-json\/wp\/v2\/categories?post=4430"},{"taxonomy":"post_tag","embeddable":true,"href":"https:\/\/elbeaterio.es\/index.php\/wp-json\/wp\/v2\/tags?post=4430"}],"curies":[{"name":"wp","href":"https:\/\/api.w.org\/{rel}","templated":true}]}}