{"id":4434,"date":"2012-07-17T16:12:22","date_gmt":"2012-07-17T16:12:22","guid":{"rendered":"http:\/\/localhost\/joomla\/2012\/07\/17\/bmno-el-barca-se-queda-con-nagy-ante-el-imposible-acuerdo\/"},"modified":"2023-07-02T16:14:05","modified_gmt":"2023-07-02T14:14:05","slug":"bmno-el-barca-se-queda-con-nagy-ante-el-imposible-acuerdo","status":"publish","type":"post","link":"https:\/\/elbeaterio.es\/index.php\/2012\/07\/17\/bmno-el-barca-se-queda-con-nagy-ante-el-imposible-acuerdo\/","title":{"rendered":"BMNO: El Bar\u00e7a se queda con Nagy ante el imposible acuerdo"},"content":{"rendered":"<p>El culebr\u00f3n del verano sigue su curso. Desde el principio la salida precipitada, sobre todo la forma, del capit\u00e1n del Bar\u00e7a (secci\u00f3n balonmano) Laszlo Nagy se pareci\u00f3 bastante al elefante y la cacharrer\u00eda. El lateral h\u00fangaro se ceg\u00f3 ante la oferta impresionante de sus paisanos de Veszprem\u00a0y dio un &#8220;s\u00ed&#8221; sin atender a las obligaciones del contrato por un a\u00f1o que le quedaba, y queda, en el conjunto catal\u00e1n.<\/p>\n<p><!--more--><\/p>\n<p>La cla\u00fasula de rescisi\u00f3n del mismo asciende a tres millones de euros que ni el jugador, ni el equipo que le quiere, van a pagar. Se hablaba por tanto de negociaci\u00f3n. Con el contrato en la mano, el Bar\u00e7a cuenta con la sart\u00e9n por el mango y se hace fuerte en la defensa de sus intereses, aunque sepa que\u00a0disponer de\u00a0un jugador que no quiere jugar contigo es m\u00e1s un problema que otra cosa.<\/p>\n<p>A la vista de los acontecimientos, las negociaciones se han roto. El club azulgrana lo cuenta en una nota oficial que reza as\u00ed: &#8220;Ante la imposibilidad de llegar a un acuerdo con el MKB Veszprem, el FC Barcelona comunica que el jugador Laszlo Nagy continuar\u00e1 en la disciplina esta temporada&#8221;.<\/p>\n<p>Todo ello coincidi\u00f3\u00a0en el tiempo\u00a0con la negativa\u00a0a jurar la Constituci\u00f3n, una vez conseguida la nacionalidad espa\u00f1ola, y, por ende, a jugar con la selecci\u00f3n de Valero Rivera que seguro contaba con \u00e9l para la cita de Londres 2012. En medio de este batiburrillo, al Bar\u00e7a le da igual esperar y hacerse fuerte porque puede.<\/p>\n<p>Al jugador ahora le queda un panorama complicado. Sabe que volver a jugar en el Bar\u00e7a\u00a0ser\u00e1 dif\u00edcil, entre otras cosas porque los aficionados no perdonan y porque, se supone, que el brazalete de capit\u00e1n pasar\u00e1 a otros manos m\u00e1s convencidas del\u00a0esp\u00edritu que defienden. Un mal acuerdo es siempre mejor que una guerra. Dentro de un a\u00f1o, Nagy quedar\u00e1 libre y el Bar\u00e7a se quedar\u00e1 sin jugador y sin opci\u00f3n de traspaso.<\/p>\n<p>Tengo la sensaci\u00f3n de que \u00e9ste no es el \u00faltimo cap\u00edtulo de la historia. Lo normal es que termine jugando en el equipo que quiere, con Antonio Ortega de entrenador, porque el proyecto gira en torno a la aportaci\u00f3n y liderazgo del jugador zurdo.<\/p>\n","protected":false},"excerpt":{"rendered":"<p>El culebr\u00f3n del verano sigue su curso. Desde el principio la salida precipitada, sobre todo la forma, del capit\u00e1n del Bar\u00e7a (secci\u00f3n balonmano) Laszlo Nagy se pareci\u00f3 bastante al elefante y la cacharrer\u00eda. El lateral h\u00fangaro se ceg\u00f3 ante la oferta impresionante de sus paisanos de Veszprem\u00a0y dio un &#8220;s\u00ed&#8221; sin atender a las obligaciones [&hellip;]<\/p>\n","protected":false},"author":1,"featured_media":0,"comment_status":"closed","ping_status":"open","sticky":false,"template":"","format":"standard","meta":{"editor_plus_copied_stylings":"{}","_monsterinsights_skip_tracking":false,"_monsterinsights_sitenote_active":false,"_monsterinsights_sitenote_note":"","_monsterinsights_sitenote_category":0,"footnotes":""},"categories":[45],"tags":[],"class_list":["post-4434","post","type-post","status-publish","format-standard","hentry","category-comentarios-2012-2013"],"aioseo_notices":[],"_links":{"self":[{"href":"https:\/\/elbeaterio.es\/index.php\/wp-json\/wp\/v2\/posts\/4434","targetHints":{"allow":["GET"]}}],"collection":[{"href":"https:\/\/elbeaterio.es\/index.php\/wp-json\/wp\/v2\/posts"}],"about":[{"href":"https:\/\/elbeaterio.es\/index.php\/wp-json\/wp\/v2\/types\/post"}],"author":[{"embeddable":true,"href":"https:\/\/elbeaterio.es\/index.php\/wp-json\/wp\/v2\/users\/1"}],"replies":[{"embeddable":true,"href":"https:\/\/elbeaterio.es\/index.php\/wp-json\/wp\/v2\/comments?post=4434"}],"version-history":[{"count":1,"href":"https:\/\/elbeaterio.es\/index.php\/wp-json\/wp\/v2\/posts\/4434\/revisions"}],"predecessor-version":[{"id":5577,"href":"https:\/\/elbeaterio.es\/index.php\/wp-json\/wp\/v2\/posts\/4434\/revisions\/5577"}],"wp:attachment":[{"href":"https:\/\/elbeaterio.es\/index.php\/wp-json\/wp\/v2\/media?parent=4434"}],"wp:term":[{"taxonomy":"category","embeddable":true,"href":"https:\/\/elbeaterio.es\/index.php\/wp-json\/wp\/v2\/categories?post=4434"},{"taxonomy":"post_tag","embeddable":true,"href":"https:\/\/elbeaterio.es\/index.php\/wp-json\/wp\/v2\/tags?post=4434"}],"curies":[{"name":"wp","href":"https:\/\/api.w.org\/{rel}","templated":true}]}}