{"id":4450,"date":"2012-09-04T12:45:38","date_gmt":"2012-09-04T12:45:38","guid":{"rendered":"http:\/\/localhost\/joomla\/2012\/09\/04\/kaiku-agarra-el-mastil\/"},"modified":"2023-07-02T16:14:05","modified_gmt":"2023-07-02T14:14:05","slug":"kaiku-agarra-el-mastil","status":"publish","type":"post","link":"https:\/\/elbeaterio.es\/index.php\/2012\/09\/04\/kaiku-agarra-el-mastil\/","title":{"rendered":"Kaiku agarra el m\u00e1stil"},"content":{"rendered":"<p>Estamos donde sol\u00edamos. Ha pasado un a\u00f1o y casi podr\u00edamos contar la misma historia, con los mismos protagonistas e incluso aspirantes. Me refiero a la bandera de La Concha que, salvo imprevisto, cuenta con dos candidatos reales. Kaiku y Bermeo Urdaibai est\u00e1n m\u00e1s cerca que los dem\u00e1s.<\/p>\n<p><!--more--><\/p>\n<p>Les distancian a esta hora cuatro segundos que en remo pueden ser minucia o enormidad. El mar y las circunstancias determinan una u otra posibilidad. En principio, Kaiku es el grupo m\u00e1s fuerte y el m\u00e1stil de la bandera lo agarra con las manos. Si no logra el triunfo final ser\u00e1 sorpresa y quiz\u00e1s un error de ellos m\u00e1s que acierto de los dem\u00e1s.<\/p>\n<p>Ambos est\u00e1n en la tanda de honor, junto a Tir\u00e1n y Hondarribia que entre s\u00ed se llevan lo que dura un estornudo. Estas dos tripulaciones bogar\u00e1n como las &#8220;otras\u00a0mejores&#8221; el pr\u00f3ximo domingo junto a las dos vizca\u00ednas. Las cuatro precisamente ocupan los cuatro primeros puestos de la liga ACT, lo que confirma el valor de la misma.<\/p>\n<p>Pese a la entrada de Chapela entre las clasificadas, la competici\u00f3n regular marca pauta y tendencia. Es decir, las mejores confirman que en una regata at\u00edpica pero muy importante, el reparto de papeles sigue siendo el mismo.<\/p>\n<p>Los equipos se preparan una barbaridad. Hacen los esfuerzos que haga falta para mejorar las prestaciones. Este a\u00f1o se puso de moda una trainera que han dado en llamar \u201cplatanito\u201d.<\/p>\n<p>Unos, que han contado con recursos, para adquirirla, la han utilizado en unas circunstancias para que los tiempos fueran mejores y pudieran ganar banderas. Otros o no han podido o no se han decidido, aunque todos en los momentos trascendentes han preferido competir con la \u00faltima adquisici\u00f3n.<\/p>\n<p>Quedan ahora unos d\u00edas para la gran cita y dos semanas para que termine la temporada. La mayor parte tienen los deberes hechos y s\u00f3lo queda poner la nota. Dos cuadrillas quieren conseguir matr\u00edcula de honor o sobresaliente cum laude.<\/p>\n<p>Otras dos aspiran al sobresaliente que sigue siendo una nota magn\u00edfica. Pero quedan los miedos y temores que conlleva pelear por mantener la categor\u00eda o perderla. Los campos de regateo de Bermeo y Portugalete en una semana dictar\u00e1n la sentencia. Pero esa ser\u00e1 otra historia con otros protagonismos.<\/p>\n<p>\u00a0<\/p>\n<p>Pero antes se resolver\u00e1 La Concha. Otra vez un mano a mano entre Kaiku y Bermeo, enemigos irreconciliables. Se animar\u00e1n los apostantes porque hay juego. Cuatro segundos permiten hacer c\u00e1lculos y optimizar los recursos arriesgando.<\/p>\n<p>\u00a0<\/p>\n<p>Estamos ante una regata hermosa, seguro. Y eso lo agradecen los aficionados que siguen siendo un valor a\u00f1adido al espect\u00e1culo.<\/p>\n<p>\u00a0<\/p>\n<p>\u00a0<\/p>\n<p>\u00a0<\/p>\n<p>\u00a0<\/p>\n","protected":false},"excerpt":{"rendered":"<p>Estamos donde sol\u00edamos. Ha pasado un a\u00f1o y casi podr\u00edamos contar la misma historia, con los mismos protagonistas e incluso aspirantes. Me refiero a la bandera de La Concha que, salvo imprevisto, cuenta con dos candidatos reales. Kaiku y Bermeo Urdaibai est\u00e1n m\u00e1s cerca que los dem\u00e1s.<\/p>\n","protected":false},"author":1,"featured_media":0,"comment_status":"closed","ping_status":"open","sticky":false,"template":"","format":"standard","meta":{"editor_plus_copied_stylings":"{}","_monsterinsights_skip_tracking":false,"footnotes":""},"categories":[45],"tags":[],"class_list":["post-4450","post","type-post","status-publish","format-standard","hentry","category-comentarios-2012-2013"],"aioseo_notices":[],"aioseo_head":"\n\t\t<!-- All in One SEO 5.0.0.1 - aioseo.com -->\n\t<meta name=\"description\" content=\"Estamos donde sol\u00edamos. Ha pasado un a\u00f1o y casi podr\u00edamos contar la misma historia, con los mismos protagonistas e incluso aspirantes. Me refiero a la bandera de La Concha que, salvo imprevisto, cuenta con dos candidatos reales. Kaiku y Bermeo Urdaibai est\u00e1n m\u00e1s cerca que los dem\u00e1s. Les distancian a esta hora cuatro segundos que\" \/>\n\t<meta name=\"robots\" content=\"max-image-preview:large\" \/>\n\t<meta name=\"author\" content=\"I\u00f1aki de Mujika\"\/>\n\t<meta name=\"google-site-verification\" content=\"OqF6EAwritiAZRpCdqm7K8ePP_ZHngiUX4qiOwdV5ls\" \/>\n\t<link rel=\"canonical\" href=\"https:\/\/elbeaterio.es\/index.php\/2012\/09\/04\/kaiku-agarra-el-mastil\/\" \/>\n\t<meta name=\"generator\" content=\"All in One SEO (AIOSEO) 5.0.0.1\" \/>\n\t\t<meta property=\"og:locale\" content=\"es_ES\" \/>\n\t\t<meta property=\"og:site_name\" content=\"El Beaterio de I\u00f1aki de Mujika - Blog de I\u00f1aki de Mujika. Sus beaterios en Noticias de Gipuzkoa, las entrevistas, los programas de televisi\u00f3n &quot;Tiempo real&quot;, homenajes, etc.\" \/>\n\t\t<meta property=\"og:type\" content=\"article\" \/>\n\t\t<meta property=\"og:title\" content=\"Kaiku agarra el m\u00e1stil - El Beaterio de I\u00f1aki de Mujika\" \/>\n\t\t<meta property=\"og:description\" content=\"Estamos donde sol\u00edamos. Ha pasado un a\u00f1o y casi podr\u00edamos contar la misma historia, con los mismos protagonistas e incluso aspirantes. Me refiero a la bandera de La Concha que, salvo imprevisto, cuenta con dos candidatos reales. Kaiku y Bermeo Urdaibai est\u00e1n m\u00e1s cerca que los dem\u00e1s. Les distancian a esta hora cuatro segundos que\" \/>\n\t\t<meta property=\"og:url\" content=\"https:\/\/elbeaterio.es\/index.php\/2012\/09\/04\/kaiku-agarra-el-mastil\/\" \/>\n\t\t<meta property=\"article:published_time\" content=\"2012-09-04T12:45:38+00:00\" \/>\n\t\t<meta property=\"article:modified_time\" content=\"2023-07-02T14:14:05+00:00\" \/>\n\t\t<meta name=\"twitter:card\" content=\"summary_large_image\" \/>\n\t\t<meta name=\"twitter:title\" content=\"Kaiku agarra el m\u00e1stil - El Beaterio de I\u00f1aki de Mujika\" \/>\n\t\t<meta name=\"twitter:description\" content=\"Estamos donde sol\u00edamos. Ha pasado un a\u00f1o y casi podr\u00edamos contar la misma historia, con los mismos protagonistas e incluso aspirantes. Me refiero a la bandera de La Concha que, salvo imprevisto, cuenta con dos candidatos reales. Kaiku y Bermeo Urdaibai est\u00e1n m\u00e1s cerca que los dem\u00e1s. Les distancian a esta hora cuatro segundos que\" \/>\n\t\t<script type=\"application\/ld+json\" class=\"aioseo-schema\">\n\t\t\t{\"@context\":\"https:\\\/\\\/schema.org\",\"@graph\":[{\"@type\":\"BlogPosting\",\"@id\":\"https:\\\/\\\/elbeaterio.es\\\/index.php\\\/2012\\\/09\\\/04\\\/kaiku-agarra-el-mastil\\\/#blogposting\",\"name\":\"Kaiku agarra el m\\u00e1stil - El Beaterio de I\\u00f1aki de Mujika\",\"headline\":\"Kaiku agarra el m\\u00e1stil\",\"author\":{\"@id\":\"https:\\\/\\\/elbeaterio.es\\\/index.php\\\/author\\\/ceh-mujicagmail-com\\\/#author\"},\"publisher\":{\"@id\":\"https:\\\/\\\/elbeaterio.es\\\/#person\"},\"image\":{\"@type\":\"ImageObject\",\"@id\":\"https:\\\/\\\/elbeaterio.es\\\/index.php\\\/2012\\\/09\\\/04\\\/kaiku-agarra-el-mastil\\\/#articleImage\",\"url\":\"https:\\\/\\\/secure.gravatar.com\\\/avatar\\\/52e148bfb67d1f33983028b354e60f197561f893059a19708944b85230c274f9?s=96&d=mm&r=g\",\"width\":96,\"height\":96,\"caption\":\"I\\u00f1aki de Mujika\"},\"datePublished\":\"2012-09-04T12:45:38+02:00\",\"dateModified\":\"2023-07-02T16:14:05+02:00\",\"inLanguage\":\"es-ES\",\"mainEntityOfPage\":{\"@id\":\"https:\\\/\\\/elbeaterio.es\\\/index.php\\\/2012\\\/09\\\/04\\\/kaiku-agarra-el-mastil\\\/#webpage\"},\"isPartOf\":{\"@id\":\"https:\\\/\\\/elbeaterio.es\\\/index.php\\\/2012\\\/09\\\/04\\\/kaiku-agarra-el-mastil\\\/#webpage\"},\"articleSection\":\"Comentarios 2012-2013\"},{\"@type\":\"BreadcrumbList\",\"@id\":\"https:\\\/\\\/elbeaterio.es\\\/index.php\\\/2012\\\/09\\\/04\\\/kaiku-agarra-el-mastil\\\/#breadcrumblist\",\"itemListElement\":[{\"@type\":\"ListItem\",\"@id\":\"https:\\\/\\\/elbeaterio.es#listItem\",\"position\":1,\"name\":\"Hogar\",\"item\":\"https:\\\/\\\/elbeaterio.es\",\"nextItem\":{\"@type\":\"ListItem\",\"@id\":\"https:\\\/\\\/elbeaterio.es\\\/index.php\\\/category\\\/temporadas-anteriores\\\/#listItem\",\"name\":\"Temporadas anteriores\"}},{\"@type\":\"ListItem\",\"@id\":\"https:\\\/\\\/elbeaterio.es\\\/index.php\\\/category\\\/temporadas-anteriores\\\/#listItem\",\"position\":2,\"name\":\"Temporadas anteriores\",\"item\":\"https:\\\/\\\/elbeaterio.es\\\/index.php\\\/category\\\/temporadas-anteriores\\\/\",\"nextItem\":{\"@type\":\"ListItem\",\"@id\":\"https:\\\/\\\/elbeaterio.es\\\/index.php\\\/category\\\/temporadas-anteriores\\\/comentario-del-dia\\\/#listItem\",\"name\":\"El comentario del d\\u00eda\"},\"previousItem\":{\"@type\":\"ListItem\",\"@id\":\"https:\\\/\\\/elbeaterio.es#listItem\",\"name\":\"Hogar\"}},{\"@type\":\"ListItem\",\"@id\":\"https:\\\/\\\/elbeaterio.es\\\/index.php\\\/category\\\/temporadas-anteriores\\\/comentario-del-dia\\\/#listItem\",\"position\":3,\"name\":\"El comentario del d\\u00eda\",\"item\":\"https:\\\/\\\/elbeaterio.es\\\/index.php\\\/category\\\/temporadas-anteriores\\\/comentario-del-dia\\\/\",\"nextItem\":{\"@type\":\"ListItem\",\"@id\":\"https:\\\/\\\/elbeaterio.es\\\/index.php\\\/category\\\/temporadas-anteriores\\\/comentario-del-dia\\\/comentarios-2012-2013\\\/#listItem\",\"name\":\"Comentarios 2012-2013\"},\"previousItem\":{\"@type\":\"ListItem\",\"@id\":\"https:\\\/\\\/elbeaterio.es\\\/index.php\\\/category\\\/temporadas-anteriores\\\/#listItem\",\"name\":\"Temporadas anteriores\"}},{\"@type\":\"ListItem\",\"@id\":\"https:\\\/\\\/elbeaterio.es\\\/index.php\\\/category\\\/temporadas-anteriores\\\/comentario-del-dia\\\/comentarios-2012-2013\\\/#listItem\",\"position\":4,\"name\":\"Comentarios 2012-2013\",\"item\":\"https:\\\/\\\/elbeaterio.es\\\/index.php\\\/category\\\/temporadas-anteriores\\\/comentario-del-dia\\\/comentarios-2012-2013\\\/\",\"nextItem\":{\"@type\":\"ListItem\",\"@id\":\"https:\\\/\\\/elbeaterio.es\\\/index.php\\\/2012\\\/09\\\/04\\\/kaiku-agarra-el-mastil\\\/#listItem\",\"name\":\"Kaiku agarra el m\\u00e1stil\"},\"previousItem\":{\"@type\":\"ListItem\",\"@id\":\"https:\\\/\\\/elbeaterio.es\\\/index.php\\\/category\\\/temporadas-anteriores\\\/comentario-del-dia\\\/#listItem\",\"name\":\"El comentario del d\\u00eda\"}},{\"@type\":\"ListItem\",\"@id\":\"https:\\\/\\\/elbeaterio.es\\\/index.php\\\/2012\\\/09\\\/04\\\/kaiku-agarra-el-mastil\\\/#listItem\",\"position\":5,\"name\":\"Kaiku agarra el m\\u00e1stil\",\"previousItem\":{\"@type\":\"ListItem\",\"@id\":\"https:\\\/\\\/elbeaterio.es\\\/index.php\\\/category\\\/temporadas-anteriores\\\/comentario-del-dia\\\/comentarios-2012-2013\\\/#listItem\",\"name\":\"Comentarios 2012-2013\"}}]},{\"@type\":\"Person\",\"@id\":\"https:\\\/\\\/elbeaterio.es\\\/#person\",\"name\":\"I\\u00f1aki de Mujika\",\"image\":{\"@type\":\"ImageObject\",\"@id\":\"https:\\\/\\\/elbeaterio.es\\\/index.php\\\/2012\\\/09\\\/04\\\/kaiku-agarra-el-mastil\\\/#personImage\",\"url\":\"https:\\\/\\\/secure.gravatar.com\\\/avatar\\\/52e148bfb67d1f33983028b354e60f197561f893059a19708944b85230c274f9?s=96&d=mm&r=g\",\"width\":96,\"height\":96,\"caption\":\"I\\u00f1aki de Mujika\"}},{\"@type\":\"Person\",\"@id\":\"https:\\\/\\\/elbeaterio.es\\\/index.php\\\/author\\\/ceh-mujicagmail-com\\\/#author\",\"url\":\"https:\\\/\\\/elbeaterio.es\\\/index.php\\\/author\\\/ceh-mujicagmail-com\\\/\",\"name\":\"I\\u00f1aki de Mujika\",\"image\":{\"@type\":\"ImageObject\",\"@id\":\"https:\\\/\\\/elbeaterio.es\\\/index.php\\\/2012\\\/09\\\/04\\\/kaiku-agarra-el-mastil\\\/#authorImage\",\"url\":\"https:\\\/\\\/secure.gravatar.com\\\/avatar\\\/52e148bfb67d1f33983028b354e60f197561f893059a19708944b85230c274f9?s=96&d=mm&r=g\",\"width\":96,\"height\":96,\"caption\":\"I\\u00f1aki de Mujika\"}},{\"@type\":\"WebPage\",\"@id\":\"https:\\\/\\\/elbeaterio.es\\\/index.php\\\/2012\\\/09\\\/04\\\/kaiku-agarra-el-mastil\\\/#webpage\",\"url\":\"https:\\\/\\\/elbeaterio.es\\\/index.php\\\/2012\\\/09\\\/04\\\/kaiku-agarra-el-mastil\\\/\",\"name\":\"Kaiku agarra el m\\u00e1stil - El Beaterio de I\\u00f1aki de Mujika\",\"description\":\"Estamos donde sol\\u00edamos. Ha pasado un a\\u00f1o y casi podr\\u00edamos contar la misma historia, con los mismos protagonistas e incluso aspirantes. Me refiero a la bandera de La Concha que, salvo imprevisto, cuenta con dos candidatos reales. Kaiku y Bermeo Urdaibai est\\u00e1n m\\u00e1s cerca que los dem\\u00e1s. Les distancian a esta hora cuatro segundos que\",\"inLanguage\":\"es-ES\",\"isPartOf\":{\"@id\":\"https:\\\/\\\/elbeaterio.es\\\/#website\"},\"breadcrumb\":{\"@id\":\"https:\\\/\\\/elbeaterio.es\\\/index.php\\\/2012\\\/09\\\/04\\\/kaiku-agarra-el-mastil\\\/#breadcrumblist\"},\"author\":{\"@id\":\"https:\\\/\\\/elbeaterio.es\\\/index.php\\\/author\\\/ceh-mujicagmail-com\\\/#author\"},\"creator\":{\"@id\":\"https:\\\/\\\/elbeaterio.es\\\/index.php\\\/author\\\/ceh-mujicagmail-com\\\/#author\"},\"datePublished\":\"2012-09-04T12:45:38+02:00\",\"dateModified\":\"2023-07-02T16:14:05+02:00\"},{\"@type\":\"WebSite\",\"@id\":\"https:\\\/\\\/elbeaterio.es\\\/#website\",\"url\":\"https:\\\/\\\/elbeaterio.es\\\/\",\"name\":\"El Beaterio de I\\u00f1aki de Mujika\",\"alternateName\":\"elbeaterio.es\",\"description\":\"Blog de I\\u00f1aki de Mujika. Sus beaterios en Noticias de Gipuzkoa, las entrevistas, los programas de televisi\\u00f3n \\\"Tiempo real\\\", homenajes, etc.\",\"inLanguage\":\"es-ES\",\"publisher\":{\"@id\":\"https:\\\/\\\/elbeaterio.es\\\/#person\"}}]}\n\t\t<\/script>\n\t\t<!-- All in One SEO -->\n\n","aioseo_head_json":{"title":"Kaiku agarra el m\u00e1stil - El Beaterio de I\u00f1aki de Mujika","description":"Estamos donde sol\u00edamos. Ha pasado un a\u00f1o y casi podr\u00edamos contar la misma historia, con los mismos protagonistas e incluso aspirantes. Me refiero a la bandera de La Concha que, salvo imprevisto, cuenta con dos candidatos reales. Kaiku y Bermeo Urdaibai est\u00e1n m\u00e1s cerca que los dem\u00e1s. Les distancian a esta hora cuatro segundos que","canonical_url":"https:\/\/elbeaterio.es\/index.php\/2012\/09\/04\/kaiku-agarra-el-mastil\/","robots":"max-image-preview:large","keywords":"","webmasterTools":{"google-site-verification":"OqF6EAwritiAZRpCdqm7K8ePP_ZHngiUX4qiOwdV5ls","miscellaneous":""},"schema":{"@context":"https:\/\/schema.org","@graph":[{"@type":"BlogPosting","@id":"https:\/\/elbeaterio.es\/index.php\/2012\/09\/04\/kaiku-agarra-el-mastil\/#blogposting","name":"Kaiku agarra el m\u00e1stil - El Beaterio de I\u00f1aki de Mujika","headline":"Kaiku agarra el m\u00e1stil","author":{"@id":"https:\/\/elbeaterio.es\/index.php\/author\/ceh-mujicagmail-com\/#author"},"publisher":{"@id":"https:\/\/elbeaterio.es\/#person"},"image":{"@type":"ImageObject","@id":"https:\/\/elbeaterio.es\/index.php\/2012\/09\/04\/kaiku-agarra-el-mastil\/#articleImage","url":"https:\/\/secure.gravatar.com\/avatar\/52e148bfb67d1f33983028b354e60f197561f893059a19708944b85230c274f9?s=96&d=mm&r=g","width":96,"height":96,"caption":"I\u00f1aki de Mujika"},"datePublished":"2012-09-04T12:45:38+02:00","dateModified":"2023-07-02T16:14:05+02:00","inLanguage":"es-ES","mainEntityOfPage":{"@id":"https:\/\/elbeaterio.es\/index.php\/2012\/09\/04\/kaiku-agarra-el-mastil\/#webpage"},"isPartOf":{"@id":"https:\/\/elbeaterio.es\/index.php\/2012\/09\/04\/kaiku-agarra-el-mastil\/#webpage"},"articleSection":"Comentarios 2012-2013"},{"@type":"BreadcrumbList","@id":"https:\/\/elbeaterio.es\/index.php\/2012\/09\/04\/kaiku-agarra-el-mastil\/#breadcrumblist","itemListElement":[{"@type":"ListItem","@id":"https:\/\/elbeaterio.es#listItem","position":1,"name":"Hogar","item":"https:\/\/elbeaterio.es","nextItem":{"@type":"ListItem","@id":"https:\/\/elbeaterio.es\/index.php\/category\/temporadas-anteriores\/#listItem","name":"Temporadas anteriores"}},{"@type":"ListItem","@id":"https:\/\/elbeaterio.es\/index.php\/category\/temporadas-anteriores\/#listItem","position":2,"name":"Temporadas anteriores","item":"https:\/\/elbeaterio.es\/index.php\/category\/temporadas-anteriores\/","nextItem":{"@type":"ListItem","@id":"https:\/\/elbeaterio.es\/index.php\/category\/temporadas-anteriores\/comentario-del-dia\/#listItem","name":"El comentario del d\u00eda"},"previousItem":{"@type":"ListItem","@id":"https:\/\/elbeaterio.es#listItem","name":"Hogar"}},{"@type":"ListItem","@id":"https:\/\/elbeaterio.es\/index.php\/category\/temporadas-anteriores\/comentario-del-dia\/#listItem","position":3,"name":"El comentario del d\u00eda","item":"https:\/\/elbeaterio.es\/index.php\/category\/temporadas-anteriores\/comentario-del-dia\/","nextItem":{"@type":"ListItem","@id":"https:\/\/elbeaterio.es\/index.php\/category\/temporadas-anteriores\/comentario-del-dia\/comentarios-2012-2013\/#listItem","name":"Comentarios 2012-2013"},"previousItem":{"@type":"ListItem","@id":"https:\/\/elbeaterio.es\/index.php\/category\/temporadas-anteriores\/#listItem","name":"Temporadas anteriores"}},{"@type":"ListItem","@id":"https:\/\/elbeaterio.es\/index.php\/category\/temporadas-anteriores\/comentario-del-dia\/comentarios-2012-2013\/#listItem","position":4,"name":"Comentarios 2012-2013","item":"https:\/\/elbeaterio.es\/index.php\/category\/temporadas-anteriores\/comentario-del-dia\/comentarios-2012-2013\/","nextItem":{"@type":"ListItem","@id":"https:\/\/elbeaterio.es\/index.php\/2012\/09\/04\/kaiku-agarra-el-mastil\/#listItem","name":"Kaiku agarra el m\u00e1stil"},"previousItem":{"@type":"ListItem","@id":"https:\/\/elbeaterio.es\/index.php\/category\/temporadas-anteriores\/comentario-del-dia\/#listItem","name":"El comentario del d\u00eda"}},{"@type":"ListItem","@id":"https:\/\/elbeaterio.es\/index.php\/2012\/09\/04\/kaiku-agarra-el-mastil\/#listItem","position":5,"name":"Kaiku agarra el m\u00e1stil","previousItem":{"@type":"ListItem","@id":"https:\/\/elbeaterio.es\/index.php\/category\/temporadas-anteriores\/comentario-del-dia\/comentarios-2012-2013\/#listItem","name":"Comentarios 2012-2013"}}]},{"@type":"Person","@id":"https:\/\/elbeaterio.es\/#person","name":"I\u00f1aki de Mujika","image":{"@type":"ImageObject","@id":"https:\/\/elbeaterio.es\/index.php\/2012\/09\/04\/kaiku-agarra-el-mastil\/#personImage","url":"https:\/\/secure.gravatar.com\/avatar\/52e148bfb67d1f33983028b354e60f197561f893059a19708944b85230c274f9?s=96&d=mm&r=g","width":96,"height":96,"caption":"I\u00f1aki de Mujika"}},{"@type":"Person","@id":"https:\/\/elbeaterio.es\/index.php\/author\/ceh-mujicagmail-com\/#author","url":"https:\/\/elbeaterio.es\/index.php\/author\/ceh-mujicagmail-com\/","name":"I\u00f1aki de Mujika","image":{"@type":"ImageObject","@id":"https:\/\/elbeaterio.es\/index.php\/2012\/09\/04\/kaiku-agarra-el-mastil\/#authorImage","url":"https:\/\/secure.gravatar.com\/avatar\/52e148bfb67d1f33983028b354e60f197561f893059a19708944b85230c274f9?s=96&d=mm&r=g","width":96,"height":96,"caption":"I\u00f1aki de Mujika"}},{"@type":"WebPage","@id":"https:\/\/elbeaterio.es\/index.php\/2012\/09\/04\/kaiku-agarra-el-mastil\/#webpage","url":"https:\/\/elbeaterio.es\/index.php\/2012\/09\/04\/kaiku-agarra-el-mastil\/","name":"Kaiku agarra el m\u00e1stil - El Beaterio de I\u00f1aki de Mujika","description":"Estamos donde sol\u00edamos. Ha pasado un a\u00f1o y casi podr\u00edamos contar la misma historia, con los mismos protagonistas e incluso aspirantes. Me refiero a la bandera de La Concha que, salvo imprevisto, cuenta con dos candidatos reales. Kaiku y Bermeo Urdaibai est\u00e1n m\u00e1s cerca que los dem\u00e1s. Les distancian a esta hora cuatro segundos que","inLanguage":"es-ES","isPartOf":{"@id":"https:\/\/elbeaterio.es\/#website"},"breadcrumb":{"@id":"https:\/\/elbeaterio.es\/index.php\/2012\/09\/04\/kaiku-agarra-el-mastil\/#breadcrumblist"},"author":{"@id":"https:\/\/elbeaterio.es\/index.php\/author\/ceh-mujicagmail-com\/#author"},"creator":{"@id":"https:\/\/elbeaterio.es\/index.php\/author\/ceh-mujicagmail-com\/#author"},"datePublished":"2012-09-04T12:45:38+02:00","dateModified":"2023-07-02T16:14:05+02:00"},{"@type":"WebSite","@id":"https:\/\/elbeaterio.es\/#website","url":"https:\/\/elbeaterio.es\/","name":"El Beaterio de I\u00f1aki de Mujika","alternateName":"elbeaterio.es","description":"Blog de I\u00f1aki de Mujika. Sus beaterios en Noticias de Gipuzkoa, las entrevistas, los programas de televisi\u00f3n \"Tiempo real\", homenajes, etc.","inLanguage":"es-ES","publisher":{"@id":"https:\/\/elbeaterio.es\/#person"}}]},"og:locale":"es_ES","og:site_name":"El Beaterio de I\u00f1aki de Mujika - Blog de I\u00f1aki de Mujika. Sus beaterios en Noticias de Gipuzkoa, las entrevistas, los programas de televisi\u00f3n &quot;Tiempo real&quot;, homenajes, etc.","og:type":"article","og:title":"Kaiku agarra el m\u00e1stil - El Beaterio de I\u00f1aki de Mujika","og:description":"Estamos donde sol\u00edamos. Ha pasado un a\u00f1o y casi podr\u00edamos contar la misma historia, con los mismos protagonistas e incluso aspirantes. Me refiero a la bandera de La Concha que, salvo imprevisto, cuenta con dos candidatos reales. Kaiku y Bermeo Urdaibai est\u00e1n m\u00e1s cerca que los dem\u00e1s. Les distancian a esta hora cuatro segundos que","og:url":"https:\/\/elbeaterio.es\/index.php\/2012\/09\/04\/kaiku-agarra-el-mastil\/","article:published_time":"2012-09-04T12:45:38+00:00","article:modified_time":"2023-07-02T14:14:05+00:00","twitter:card":"summary_large_image","twitter:title":"Kaiku agarra el m\u00e1stil - El Beaterio de I\u00f1aki de Mujika","twitter:description":"Estamos donde sol\u00edamos. Ha pasado un a\u00f1o y casi podr\u00edamos contar la misma historia, con los mismos protagonistas e incluso aspirantes. Me refiero a la bandera de La Concha que, salvo imprevisto, cuenta con dos candidatos reales. Kaiku y Bermeo Urdaibai est\u00e1n m\u00e1s cerca que los dem\u00e1s. Les distancian a esta hora cuatro segundos que"},"aioseo_meta_data":{"post_id":"4450","title":null,"description":null,"keywords":null,"keyphrases":null,"primary_term":null,"canonical_url":null,"og_title":null,"og_description":null,"og_object_type":"default","og_image_type":"default","og_image_url":null,"og_image_width":null,"og_image_height":null,"og_image_custom_url":null,"og_image_custom_fields":null,"og_video":null,"og_custom_url":null,"og_article_section":null,"og_article_tags":null,"twitter_use_og":false,"twitter_card":"default","twitter_image_type":"default","twitter_image_url":null,"twitter_image_custom_url":null,"twitter_image_custom_fields":null,"twitter_title":null,"twitter_description":null,"schema":{"blockGraphs":[],"customGraphs":[],"default":{"data":{"Article":[],"Course":[],"Dataset":[],"FAQPage":[],"Movie":[],"Person":[],"Product":[],"ProductReview":[],"Car":[],"Recipe":[],"Service":[],"SoftwareApplication":[],"WebPage":[]},"graphName":"","isEnabled":true},"graphs":[]},"schema_type":"default","schema_type_options":null,"pillar_content":false,"robots_default":true,"robots_noindex":false,"robots_noarchive":false,"robots_nosnippet":false,"robots_nofollow":false,"robots_noimageindex":false,"robots_noodp":false,"robots_notranslate":false,"robots_max_snippet":null,"robots_max_videopreview":null,"robots_max_imagepreview":"large","priority":null,"frequency":null,"local_seo":null,"breadcrumb_settings":null,"limit_modified_date":false,"ai":null,"created":"2024-11-16 16:51:36","updated":"2025-06-04 03:33:26","seo_analyzer_scan_date":null,"focus_keyword":null,"additional_keywords":null,"truseo_locale":null},"aioseo_breadcrumb":"<div class=\"aioseo-breadcrumbs\"><span class=\"aioseo-breadcrumb\">\n\t\t\t<a href=\"https:\/\/elbeaterio.es\" title=\"Hogar\">Hogar<\/a>\n\t\t<\/span><span class=\"aioseo-breadcrumb-separator\">&raquo;<\/span><span class=\"aioseo-breadcrumb\">\n\t\t\t<a href=\"https:\/\/elbeaterio.es\/index.php\/category\/temporadas-anteriores\/\" title=\"Temporadas anteriores\">Temporadas anteriores<\/a>\n\t\t<\/span><span class=\"aioseo-breadcrumb-separator\">&raquo;<\/span><span class=\"aioseo-breadcrumb\">\n\t\t\t<a href=\"https:\/\/elbeaterio.es\/index.php\/category\/temporadas-anteriores\/comentario-del-dia\/\" title=\"El comentario del d\u00eda\">El comentario del d\u00eda<\/a>\n\t\t<\/span><span class=\"aioseo-breadcrumb-separator\">&raquo;<\/span><span class=\"aioseo-breadcrumb\">\n\t\t\t<a href=\"https:\/\/elbeaterio.es\/index.php\/category\/temporadas-anteriores\/comentario-del-dia\/comentarios-2012-2013\/\" title=\"Comentarios 2012-2013\">Comentarios 2012-2013<\/a>\n\t\t<\/span><span class=\"aioseo-breadcrumb-separator\">&raquo;<\/span><span class=\"aioseo-breadcrumb\">\n\t\t\tKaiku agarra el m\u00e1stil\n\t\t<\/span><\/div>","aioseo_breadcrumb_json":[{"label":"Hogar","link":"https:\/\/elbeaterio.es"},{"label":"Temporadas anteriores","link":"https:\/\/elbeaterio.es\/index.php\/category\/temporadas-anteriores\/"},{"label":"El comentario del d\u00eda","link":"https:\/\/elbeaterio.es\/index.php\/category\/temporadas-anteriores\/comentario-del-dia\/"},{"label":"Comentarios 2012-2013","link":"https:\/\/elbeaterio.es\/index.php\/category\/temporadas-anteriores\/comentario-del-dia\/comentarios-2012-2013\/"},{"label":"Kaiku agarra el m\u00e1stil","link":"https:\/\/elbeaterio.es\/index.php\/2012\/09\/04\/kaiku-agarra-el-mastil\/"}],"_links":{"self":[{"href":"https:\/\/elbeaterio.es\/index.php\/wp-json\/wp\/v2\/posts\/4450","targetHints":{"allow":["GET"]}}],"collection":[{"href":"https:\/\/elbeaterio.es\/index.php\/wp-json\/wp\/v2\/posts"}],"about":[{"href":"https:\/\/elbeaterio.es\/index.php\/wp-json\/wp\/v2\/types\/post"}],"author":[{"embeddable":true,"href":"https:\/\/elbeaterio.es\/index.php\/wp-json\/wp\/v2\/users\/1"}],"replies":[{"embeddable":true,"href":"https:\/\/elbeaterio.es\/index.php\/wp-json\/wp\/v2\/comments?post=4450"}],"version-history":[{"count":1,"href":"https:\/\/elbeaterio.es\/index.php\/wp-json\/wp\/v2\/posts\/4450\/revisions"}],"predecessor-version":[{"id":5555,"href":"https:\/\/elbeaterio.es\/index.php\/wp-json\/wp\/v2\/posts\/4450\/revisions\/5555"}],"wp:attachment":[{"href":"https:\/\/elbeaterio.es\/index.php\/wp-json\/wp\/v2\/media?parent=4450"}],"wp:term":[{"taxonomy":"category","embeddable":true,"href":"https:\/\/elbeaterio.es\/index.php\/wp-json\/wp\/v2\/categories?post=4450"},{"taxonomy":"post_tag","embeddable":true,"href":"https:\/\/elbeaterio.es\/index.php\/wp-json\/wp\/v2\/tags?post=4450"}],"curies":[{"name":"wp","href":"https:\/\/api.w.org\/{rel}","templated":true}]}}