{"id":4453,"date":"2012-09-12T20:13:28","date_gmt":"2012-09-12T20:13:28","guid":{"rendered":"http:\/\/localhost\/joomla\/2012\/09\/12\/tal-como-es-se-despide\/"},"modified":"2023-07-02T16:14:05","modified_gmt":"2023-07-02T14:14:05","slug":"tal-como-es-se-despide","status":"publish","type":"post","link":"https:\/\/elbeaterio.es\/index.php\/2012\/09\/12\/tal-como-es-se-despide\/","title":{"rendered":"Tal como es se despide"},"content":{"rendered":"<p>Juan Carlos Ferrero anuncia su retirada porque los problemas f\u00edsicos le asolan y las lesiones hacen imposible su concurso en las citas importantes a las que ha acudido durante muchos a\u00f1os. Desde el pasado mes de julio no pisa una cancha de tenis. Coincide su despedida con la disputa de una semifinal de la Davis, una competici\u00f3n que le sirvi\u00f3 para reivindicarse.<\/p>\n<p><!--more--><\/p>\n<p>Se va un jugador serio y sobrio al mismo tiempo, parco en palabras y sonrisas. Al menos, ha cuidado mucho su imagen exterior. Los triunfos importantes de su carrera, e incluso el reconocimiento a los logros no han tenido el eco que merec\u00edan. Ferrero fue el primero del ranking en el 2003, despu\u00e9s de perder la final del Open USA ante Roddick. El mejor del mundo en aquel momento.<\/p>\n<p>Un tenista que logra vencer una final en Roland Garros y es decisivo en la conquista de la Copa Davis debe ser considerado entre los grandes. En Paris derrot\u00f3 en la final al holand\u00e9s Verkerk y la final de Espa\u00f1a ante Australia cont\u00f3 con los dos puntos de sus triunfos sobre Lleyton Hewitt y Patrick Raf.<\/p>\n<p>Hay un par de puntos que marcar su biograf\u00eda. Su madre falleci\u00f3 en 1996 cuando \u00e9l contaba con 16 a\u00f1os. Afectado por la p\u00e9rdida de un ser tan querido para \u00e9l, la familia debi\u00f3 esforzarse mucho para convencerle de que siguiera con el deporte que hab\u00eda elegido por sugerencia de su abuelo.<\/p>\n<p>El otro aspecto que no debe pasar desapercibido corresponde a su entrenador. A los once a\u00f1os, Antonio Mart\u00ednez Cascales afirm\u00f3 tra verle que si Juan Carlos se trasladaba con \u00e9l a Villena lo convertir\u00eda en campe\u00f3n. Dicho y hecho. Abandon\u00f3 su Onteniente natal para trasladarse a la poblaci\u00f3n alicantina de la que no se ha movido y en la que est\u00e1 instalada su academia de tenis Equelite-Juan Carlos Ferrero.<\/p>\n<p>Con un palmar\u00e9s al alcance de pocos, Ferrero entiende que no hay motivaci\u00f3n suficiente ni condici\u00f3n f\u00edsica para alargar su carrera. Decide retirarse y pasar a la historia como uno de los grandes. Ser\u00e1 ante su gente en el torneo Valencia Open 500 cuando diga adi\u00f3s y guarde las raquetas en la bolsa de un tenista ejemplar y referente.<\/p>\n<p>\u00a0<\/p>\n<p>\u00a0<\/p>\n","protected":false},"excerpt":{"rendered":"<p>Juan Carlos Ferrero anuncia su retirada porque los problemas f\u00edsicos le asolan y las lesiones hacen imposible su concurso en las citas importantes a las que ha acudido durante muchos a\u00f1os. Desde el pasado mes de julio no pisa una cancha de tenis. Coincide su despedida con la disputa de una semifinal de la Davis, [&hellip;]<\/p>\n","protected":false},"author":1,"featured_media":0,"comment_status":"closed","ping_status":"open","sticky":false,"template":"","format":"standard","meta":{"editor_plus_copied_stylings":"{}","_monsterinsights_skip_tracking":false,"_monsterinsights_sitenote_active":false,"_monsterinsights_sitenote_note":"","_monsterinsights_sitenote_category":0,"footnotes":""},"categories":[45],"tags":[],"class_list":["post-4453","post","type-post","status-publish","format-standard","hentry","category-comentarios-2012-2013"],"aioseo_notices":[],"_links":{"self":[{"href":"https:\/\/elbeaterio.es\/index.php\/wp-json\/wp\/v2\/posts\/4453","targetHints":{"allow":["GET"]}}],"collection":[{"href":"https:\/\/elbeaterio.es\/index.php\/wp-json\/wp\/v2\/posts"}],"about":[{"href":"https:\/\/elbeaterio.es\/index.php\/wp-json\/wp\/v2\/types\/post"}],"author":[{"embeddable":true,"href":"https:\/\/elbeaterio.es\/index.php\/wp-json\/wp\/v2\/users\/1"}],"replies":[{"embeddable":true,"href":"https:\/\/elbeaterio.es\/index.php\/wp-json\/wp\/v2\/comments?post=4453"}],"version-history":[{"count":1,"href":"https:\/\/elbeaterio.es\/index.php\/wp-json\/wp\/v2\/posts\/4453\/revisions"}],"predecessor-version":[{"id":5552,"href":"https:\/\/elbeaterio.es\/index.php\/wp-json\/wp\/v2\/posts\/4453\/revisions\/5552"}],"wp:attachment":[{"href":"https:\/\/elbeaterio.es\/index.php\/wp-json\/wp\/v2\/media?parent=4453"}],"wp:term":[{"taxonomy":"category","embeddable":true,"href":"https:\/\/elbeaterio.es\/index.php\/wp-json\/wp\/v2\/categories?post=4453"},{"taxonomy":"post_tag","embeddable":true,"href":"https:\/\/elbeaterio.es\/index.php\/wp-json\/wp\/v2\/tags?post=4453"}],"curies":[{"name":"wp","href":"https:\/\/api.w.org\/{rel}","templated":true}]}}