{"id":4457,"date":"2012-09-21T10:15:28","date_gmt":"2012-09-21T10:15:28","guid":{"rendered":"http:\/\/localhost\/joomla\/2012\/09\/21\/reflexion-de-siete-ciclistas-sobre-el-futuro-de-euskaltel\/"},"modified":"2023-07-02T16:14:05","modified_gmt":"2023-07-02T14:14:05","slug":"reflexion-de-siete-ciclistas-sobre-el-futuro-de-euskaltel","status":"publish","type":"post","link":"https:\/\/elbeaterio.es\/index.php\/2012\/09\/21\/reflexion-de-siete-ciclistas-sobre-el-futuro-de-euskaltel\/","title":{"rendered":"Reflexi\u00f3n de siete ciclistas sobre el futuro del Euskaltel Euskadi"},"content":{"rendered":"<p>Siete corredores, que en su d\u00eda pertenecieron a la disciplina de Euskaltel Euskadi y que ahora militan en otras formaciones, han publicado una carta\u00a0 queriendo reflexionar sobre la deriva que est\u00e1 tomando la formaci\u00f3n naranja en las contrataciones\u00a0y que ha supuesto, entre otras cosas,\u00a0la no renovaci\u00f3n de dos corredores emblem\u00e1ticos como Amets Txurruka e Iv\u00e1n Velasco. El texto dice lo siguiente:<\/p>\n<p>&#8220;<em>Hubo un d\u00eda en el que so\u00f1amos con ser ciclistas profesionales. Y entonces, hab\u00eda un equipo en nuestra tierra sobre el que ca\u00edan todas las esperanzas de cumplir ese sue\u00f1o. Y finalmente todos nosotros pudimos cumplir ese sue\u00f1o, aunque ahora la vida nos ha llevado por caminos diversos\u2026<\/em><\/p>\n<p><em>Como corredores actualmente en activo que hemos crecido profesionalmente en el equipo Euskaltel-Euskadi \u2013en sus diferentes\u00a0etapas- durante parte de nuestra carrera deportiva, y que precisamente por eso, a\u00fan mantenemos lazos afectivos con muchos de los componentes de la plantilla:<\/em><\/p>\n<p><em>Lamentamos y nos entristece sobremanera la deriva que est\u00e1 tomando este proyecto desde que ha ca\u00eddo en manos de la nueva gesti\u00f3n. La reciente noticia de la no-renovaci\u00f3n de Txurruka y Velasco ha sido la gota que ha colmado el vaso de nuestro silencio; Amets es un compa\u00f1ero tremendamente apreciado por todos, y un aut\u00e9ntico icono para la afici\u00f3n por su compa\u00f1erismo, entrega y valent\u00eda; y Velasco es otro al que nunca le ha dolido dar todo lo que ten\u00eda por los dem\u00e1s, olvid\u00e1ndose de resultados propios tal y como normalmente le encomendaban.<\/em><\/p>\n<p><em>La excusa puesta por IGG para argumentar el cese de su contrato \u2013la ausencia de puntos y su falta de progresi\u00f3n- nos parece un golpe bajo a los valores y al esp\u00edritu que este proyecto siempre ha mantenido y defendido desde sus inicios con Miguel Madariaga al frente.<\/em><\/p>\n<p><em>Esperamos que esta llamada de atenci\u00f3n por nuestra parte a\u00fan llegue a tiempo para enderezar este nuevo proyecto cuyo rumbo no comprendemos, y que nunca se produzca la paradoja de que mientras haya corredores vascos con buenos resultados militando en equipos de fuera, sean los corredores de fuera los que ayuden a mantener en activo el proyecto de un equipo vasco.<\/em><\/p>\n<p><em>P.D: No podemos olvidarnos en estos duros momentos de nuestro amigo Cabedo, fallecido en tr\u00e1gicas circunstancias haciendo lo mismo que todos hacemos a diario. Todo nuestro apoyo a su familia y amigos. D.E.P.&#8221;<\/em><\/p>\n<p><em>Firmantes: <\/em><strong>Markel Irizar, Be\u00f1at Intxausti, David L\u00f3pez, Jonathan Castroviejo, Haimar Zubeldia, Iker Cama\u00f1o, Koldo Fern\u00e1ndez de Larrea.<\/strong><\/p>\n<p><em>\u00a0<\/em><\/p>\n","protected":false},"excerpt":{"rendered":"<p>Siete corredores, que en su d\u00eda pertenecieron a la disciplina de Euskaltel Euskadi y que ahora militan en otras formaciones, han publicado una carta\u00a0 queriendo reflexionar sobre la deriva que est\u00e1 tomando la formaci\u00f3n naranja en las contrataciones\u00a0y que ha supuesto, entre otras cosas,\u00a0la no renovaci\u00f3n de dos corredores emblem\u00e1ticos como Amets Txurruka e Iv\u00e1n [&hellip;]<\/p>\n","protected":false},"author":1,"featured_media":0,"comment_status":"closed","ping_status":"open","sticky":false,"template":"","format":"standard","meta":{"editor_plus_copied_stylings":"{}","_monsterinsights_skip_tracking":false,"_monsterinsights_sitenote_active":false,"_monsterinsights_sitenote_note":"","_monsterinsights_sitenote_category":0,"footnotes":""},"categories":[45],"tags":[],"class_list":["post-4457","post","type-post","status-publish","format-standard","hentry","category-comentarios-2012-2013"],"aioseo_notices":[],"_links":{"self":[{"href":"https:\/\/elbeaterio.es\/index.php\/wp-json\/wp\/v2\/posts\/4457","targetHints":{"allow":["GET"]}}],"collection":[{"href":"https:\/\/elbeaterio.es\/index.php\/wp-json\/wp\/v2\/posts"}],"about":[{"href":"https:\/\/elbeaterio.es\/index.php\/wp-json\/wp\/v2\/types\/post"}],"author":[{"embeddable":true,"href":"https:\/\/elbeaterio.es\/index.php\/wp-json\/wp\/v2\/users\/1"}],"replies":[{"embeddable":true,"href":"https:\/\/elbeaterio.es\/index.php\/wp-json\/wp\/v2\/comments?post=4457"}],"version-history":[{"count":1,"href":"https:\/\/elbeaterio.es\/index.php\/wp-json\/wp\/v2\/posts\/4457\/revisions"}],"predecessor-version":[{"id":5547,"href":"https:\/\/elbeaterio.es\/index.php\/wp-json\/wp\/v2\/posts\/4457\/revisions\/5547"}],"wp:attachment":[{"href":"https:\/\/elbeaterio.es\/index.php\/wp-json\/wp\/v2\/media?parent=4457"}],"wp:term":[{"taxonomy":"category","embeddable":true,"href":"https:\/\/elbeaterio.es\/index.php\/wp-json\/wp\/v2\/categories?post=4457"},{"taxonomy":"post_tag","embeddable":true,"href":"https:\/\/elbeaterio.es\/index.php\/wp-json\/wp\/v2\/tags?post=4457"}],"curies":[{"name":"wp","href":"https:\/\/api.w.org\/{rel}","templated":true}]}}