{"id":4458,"date":"2012-09-28T18:47:34","date_gmt":"2012-09-28T18:47:34","guid":{"rendered":"http:\/\/localhost\/joomla\/2012\/09\/28\/el-miedo-guarda-la-vina\/"},"modified":"2023-07-02T16:14:05","modified_gmt":"2023-07-02T14:14:05","slug":"el-miedo-guarda-la-vina","status":"publish","type":"post","link":"https:\/\/elbeaterio.es\/index.php\/2012\/09\/28\/el-miedo-guarda-la-vina\/","title":{"rendered":"El miedo guarda la vi\u00f1a"},"content":{"rendered":"<p>Llega el derby entre nubes y claros. La Real y el Athletic se enfrentan por primera vez en la temporada sin que sus proyectos est\u00e9n claramente definidos. Quiz\u00e1s se miden demasiado pronto. Incluso, hasta \u00faltima hora, los rojiblancos han podido reforzar su plantilla, porque la salida de Javi Mart\u00ednez les concedi\u00f3 un periodo de gracia que no han querido aprovechar para contratar a nadie. Ni por ah\u00ed se ha movido un poco el barco.<\/p>\n<p><!--more--><\/p>\n<p>Los dos conjuntos no van boyantes en la liga. Sus n\u00fameros no sonrojan pero tampoco cautivan, de ah\u00ed que los aficionados parezcan m\u00e1s fr\u00edos ante la cita del s\u00e1bado que en ocasiones precedentes. No se llenar\u00e1 Anoeta. Hace un a\u00f1o se palpaba m\u00e1s la pasi\u00f3n, quiz\u00e1s porque el Athletic llegaba en situaci\u00f3n complicada y se dudaba de la idoneidad de Bielsa.<\/p>\n<p>Fue precisamente en Anoeta en donde el argentino encontr\u00f3 el camino imparable hacia el \u00e9xito. La Real sigui\u00f3 el suyo, fiable en su cancha y muy pobre lejos de ella. De los de Montanier se espera m\u00e1s, porque la gente cree que hay equipo de garant\u00edas para alcanzar mejores cotas. Se ha encontrado con el inconveniente de la lesi\u00f3n de Bravo que otorgar\u00e1 a Zubikarai la oportunidad de confirmarse ante su gente,<\/p>\n<p>El Athletic ans\u00eda los goles de Llorente mientras Ad\u00fariz no falla. Si el referente en ataque funciona, las cosas son m\u00e1s f\u00e1ciles, aunque los rojiblancos son el equipo m\u00e1s goleado del campeonato. Amorebieta saldr\u00e1 por Ekiza para poner orden en el desatino y apagar a la vanguardia local.<\/p>\n<p>Espero un partido de temores. \u00bfPor qu\u00e9?, porque ninguno quiere perder. La derrota dejar\u00e1 bastante tocado al que salga maltrecho del lance, en tanto que quien gane coger\u00e1 aire. Suele suceder. El miedo guarda la vi\u00f1a, salvo en los minutos desesperados, esos en los que tantas veces aparece la marcha heroica.<\/p>\n<p>Bielsa es fiel a su estilo como Montanier al suyo, pero los planes y las estrategias quedan bien en v\u00eddeos y pizarras. De cualquier modo, son siempre los futbolistas quienes hacen buenos o malos los planteamientos. El Athletic parece m\u00e1s maduro en ese escalaf\u00f3n, pero los realistas se aferran en casa a sus valores. Quien imponga su ley se llevar\u00e1 el partido. Los peque\u00f1os detalles jugar\u00e1n tambi\u00e9n su papel. Lo dijo Xabi Castillo en su comparecencia y no le quito la raz\u00f3n.<\/p>\n<p>\u00a0<\/p>\n<p>\u00a0<\/p>\n","protected":false},"excerpt":{"rendered":"<p>Llega el derby entre nubes y claros. La Real y el Athletic se enfrentan por primera vez en la temporada sin que sus proyectos est\u00e9n claramente definidos. Quiz\u00e1s se miden demasiado pronto. Incluso, hasta \u00faltima hora, los rojiblancos han podido reforzar su plantilla, porque la salida de Javi Mart\u00ednez les concedi\u00f3 un periodo de gracia [&hellip;]<\/p>\n","protected":false},"author":1,"featured_media":0,"comment_status":"closed","ping_status":"open","sticky":false,"template":"","format":"standard","meta":{"editor_plus_copied_stylings":"{}","_monsterinsights_skip_tracking":false,"footnotes":""},"categories":[45],"tags":[],"class_list":["post-4458","post","type-post","status-publish","format-standard","hentry","category-comentarios-2012-2013"],"aioseo_notices":[],"aioseo_head":"\n\t\t<!-- All in One SEO 5.0.0.1 - aioseo.com -->\n\t<meta name=\"description\" content=\"Llega el derby entre nubes y claros. La Real y el Athletic se enfrentan por primera vez en la temporada sin que sus proyectos est\u00e9n claramente definidos. Quiz\u00e1s se miden demasiado pronto. Incluso, hasta \u00faltima hora, los rojiblancos han podido reforzar su plantilla, porque la salida de Javi Mart\u00ednez les concedi\u00f3 un periodo de gracia\" \/>\n\t<meta name=\"robots\" content=\"max-image-preview:large\" \/>\n\t<meta name=\"author\" content=\"I\u00f1aki de Mujika\"\/>\n\t<meta name=\"google-site-verification\" content=\"OqF6EAwritiAZRpCdqm7K8ePP_ZHngiUX4qiOwdV5ls\" \/>\n\t<link rel=\"canonical\" href=\"https:\/\/elbeaterio.es\/index.php\/2012\/09\/28\/el-miedo-guarda-la-vina\/\" \/>\n\t<meta name=\"generator\" content=\"All in One SEO (AIOSEO) 5.0.0.1\" \/>\n\t\t<meta property=\"og:locale\" content=\"es_ES\" \/>\n\t\t<meta property=\"og:site_name\" content=\"El Beaterio de I\u00f1aki de Mujika - Blog de I\u00f1aki de Mujika. Sus beaterios en Noticias de Gipuzkoa, las entrevistas, los programas de televisi\u00f3n &quot;Tiempo real&quot;, homenajes, etc.\" \/>\n\t\t<meta property=\"og:type\" content=\"article\" \/>\n\t\t<meta property=\"og:title\" content=\"El miedo guarda la vi\u00f1a - El Beaterio de I\u00f1aki de Mujika\" \/>\n\t\t<meta property=\"og:description\" content=\"Llega el derby entre nubes y claros. La Real y el Athletic se enfrentan por primera vez en la temporada sin que sus proyectos est\u00e9n claramente definidos. Quiz\u00e1s se miden demasiado pronto. Incluso, hasta \u00faltima hora, los rojiblancos han podido reforzar su plantilla, porque la salida de Javi Mart\u00ednez les concedi\u00f3 un periodo de gracia\" \/>\n\t\t<meta property=\"og:url\" content=\"https:\/\/elbeaterio.es\/index.php\/2012\/09\/28\/el-miedo-guarda-la-vina\/\" \/>\n\t\t<meta property=\"article:published_time\" content=\"2012-09-28T18:47:34+00:00\" \/>\n\t\t<meta property=\"article:modified_time\" content=\"2023-07-02T14:14:05+00:00\" \/>\n\t\t<meta name=\"twitter:card\" content=\"summary_large_image\" \/>\n\t\t<meta name=\"twitter:title\" content=\"El miedo guarda la vi\u00f1a - El Beaterio de I\u00f1aki de Mujika\" \/>\n\t\t<meta name=\"twitter:description\" content=\"Llega el derby entre nubes y claros. La Real y el Athletic se enfrentan por primera vez en la temporada sin que sus proyectos est\u00e9n claramente definidos. Quiz\u00e1s se miden demasiado pronto. Incluso, hasta \u00faltima hora, los rojiblancos han podido reforzar su plantilla, porque la salida de Javi Mart\u00ednez les concedi\u00f3 un periodo de gracia\" \/>\n\t\t<script type=\"application\/ld+json\" class=\"aioseo-schema\">\n\t\t\t{\"@context\":\"https:\\\/\\\/schema.org\",\"@graph\":[{\"@type\":\"BlogPosting\",\"@id\":\"https:\\\/\\\/elbeaterio.es\\\/index.php\\\/2012\\\/09\\\/28\\\/el-miedo-guarda-la-vina\\\/#blogposting\",\"name\":\"El miedo guarda la vi\\u00f1a - El Beaterio de I\\u00f1aki de Mujika\",\"headline\":\"El miedo guarda la vi\\u00f1a\",\"author\":{\"@id\":\"https:\\\/\\\/elbeaterio.es\\\/index.php\\\/author\\\/ceh-mujicagmail-com\\\/#author\"},\"publisher\":{\"@id\":\"https:\\\/\\\/elbeaterio.es\\\/#person\"},\"image\":{\"@type\":\"ImageObject\",\"@id\":\"https:\\\/\\\/elbeaterio.es\\\/index.php\\\/2012\\\/09\\\/28\\\/el-miedo-guarda-la-vina\\\/#articleImage\",\"url\":\"https:\\\/\\\/secure.gravatar.com\\\/avatar\\\/52e148bfb67d1f33983028b354e60f197561f893059a19708944b85230c274f9?s=96&d=mm&r=g\",\"width\":96,\"height\":96,\"caption\":\"I\\u00f1aki de Mujika\"},\"datePublished\":\"2012-09-28T18:47:34+02:00\",\"dateModified\":\"2023-07-02T16:14:05+02:00\",\"inLanguage\":\"es-ES\",\"mainEntityOfPage\":{\"@id\":\"https:\\\/\\\/elbeaterio.es\\\/index.php\\\/2012\\\/09\\\/28\\\/el-miedo-guarda-la-vina\\\/#webpage\"},\"isPartOf\":{\"@id\":\"https:\\\/\\\/elbeaterio.es\\\/index.php\\\/2012\\\/09\\\/28\\\/el-miedo-guarda-la-vina\\\/#webpage\"},\"articleSection\":\"Comentarios 2012-2013\"},{\"@type\":\"BreadcrumbList\",\"@id\":\"https:\\\/\\\/elbeaterio.es\\\/index.php\\\/2012\\\/09\\\/28\\\/el-miedo-guarda-la-vina\\\/#breadcrumblist\",\"itemListElement\":[{\"@type\":\"ListItem\",\"@id\":\"https:\\\/\\\/elbeaterio.es#listItem\",\"position\":1,\"name\":\"Hogar\",\"item\":\"https:\\\/\\\/elbeaterio.es\",\"nextItem\":{\"@type\":\"ListItem\",\"@id\":\"https:\\\/\\\/elbeaterio.es\\\/index.php\\\/category\\\/temporadas-anteriores\\\/#listItem\",\"name\":\"Temporadas anteriores\"}},{\"@type\":\"ListItem\",\"@id\":\"https:\\\/\\\/elbeaterio.es\\\/index.php\\\/category\\\/temporadas-anteriores\\\/#listItem\",\"position\":2,\"name\":\"Temporadas anteriores\",\"item\":\"https:\\\/\\\/elbeaterio.es\\\/index.php\\\/category\\\/temporadas-anteriores\\\/\",\"nextItem\":{\"@type\":\"ListItem\",\"@id\":\"https:\\\/\\\/elbeaterio.es\\\/index.php\\\/category\\\/temporadas-anteriores\\\/comentario-del-dia\\\/#listItem\",\"name\":\"El comentario del d\\u00eda\"},\"previousItem\":{\"@type\":\"ListItem\",\"@id\":\"https:\\\/\\\/elbeaterio.es#listItem\",\"name\":\"Hogar\"}},{\"@type\":\"ListItem\",\"@id\":\"https:\\\/\\\/elbeaterio.es\\\/index.php\\\/category\\\/temporadas-anteriores\\\/comentario-del-dia\\\/#listItem\",\"position\":3,\"name\":\"El comentario del d\\u00eda\",\"item\":\"https:\\\/\\\/elbeaterio.es\\\/index.php\\\/category\\\/temporadas-anteriores\\\/comentario-del-dia\\\/\",\"nextItem\":{\"@type\":\"ListItem\",\"@id\":\"https:\\\/\\\/elbeaterio.es\\\/index.php\\\/category\\\/temporadas-anteriores\\\/comentario-del-dia\\\/comentarios-2012-2013\\\/#listItem\",\"name\":\"Comentarios 2012-2013\"},\"previousItem\":{\"@type\":\"ListItem\",\"@id\":\"https:\\\/\\\/elbeaterio.es\\\/index.php\\\/category\\\/temporadas-anteriores\\\/#listItem\",\"name\":\"Temporadas anteriores\"}},{\"@type\":\"ListItem\",\"@id\":\"https:\\\/\\\/elbeaterio.es\\\/index.php\\\/category\\\/temporadas-anteriores\\\/comentario-del-dia\\\/comentarios-2012-2013\\\/#listItem\",\"position\":4,\"name\":\"Comentarios 2012-2013\",\"item\":\"https:\\\/\\\/elbeaterio.es\\\/index.php\\\/category\\\/temporadas-anteriores\\\/comentario-del-dia\\\/comentarios-2012-2013\\\/\",\"nextItem\":{\"@type\":\"ListItem\",\"@id\":\"https:\\\/\\\/elbeaterio.es\\\/index.php\\\/2012\\\/09\\\/28\\\/el-miedo-guarda-la-vina\\\/#listItem\",\"name\":\"El miedo guarda la vi\\u00f1a\"},\"previousItem\":{\"@type\":\"ListItem\",\"@id\":\"https:\\\/\\\/elbeaterio.es\\\/index.php\\\/category\\\/temporadas-anteriores\\\/comentario-del-dia\\\/#listItem\",\"name\":\"El comentario del d\\u00eda\"}},{\"@type\":\"ListItem\",\"@id\":\"https:\\\/\\\/elbeaterio.es\\\/index.php\\\/2012\\\/09\\\/28\\\/el-miedo-guarda-la-vina\\\/#listItem\",\"position\":5,\"name\":\"El miedo guarda la vi\\u00f1a\",\"previousItem\":{\"@type\":\"ListItem\",\"@id\":\"https:\\\/\\\/elbeaterio.es\\\/index.php\\\/category\\\/temporadas-anteriores\\\/comentario-del-dia\\\/comentarios-2012-2013\\\/#listItem\",\"name\":\"Comentarios 2012-2013\"}}]},{\"@type\":\"Person\",\"@id\":\"https:\\\/\\\/elbeaterio.es\\\/#person\",\"name\":\"I\\u00f1aki de Mujika\",\"image\":{\"@type\":\"ImageObject\",\"@id\":\"https:\\\/\\\/elbeaterio.es\\\/index.php\\\/2012\\\/09\\\/28\\\/el-miedo-guarda-la-vina\\\/#personImage\",\"url\":\"https:\\\/\\\/secure.gravatar.com\\\/avatar\\\/52e148bfb67d1f33983028b354e60f197561f893059a19708944b85230c274f9?s=96&d=mm&r=g\",\"width\":96,\"height\":96,\"caption\":\"I\\u00f1aki de Mujika\"}},{\"@type\":\"Person\",\"@id\":\"https:\\\/\\\/elbeaterio.es\\\/index.php\\\/author\\\/ceh-mujicagmail-com\\\/#author\",\"url\":\"https:\\\/\\\/elbeaterio.es\\\/index.php\\\/author\\\/ceh-mujicagmail-com\\\/\",\"name\":\"I\\u00f1aki de Mujika\",\"image\":{\"@type\":\"ImageObject\",\"@id\":\"https:\\\/\\\/elbeaterio.es\\\/index.php\\\/2012\\\/09\\\/28\\\/el-miedo-guarda-la-vina\\\/#authorImage\",\"url\":\"https:\\\/\\\/secure.gravatar.com\\\/avatar\\\/52e148bfb67d1f33983028b354e60f197561f893059a19708944b85230c274f9?s=96&d=mm&r=g\",\"width\":96,\"height\":96,\"caption\":\"I\\u00f1aki de Mujika\"}},{\"@type\":\"WebPage\",\"@id\":\"https:\\\/\\\/elbeaterio.es\\\/index.php\\\/2012\\\/09\\\/28\\\/el-miedo-guarda-la-vina\\\/#webpage\",\"url\":\"https:\\\/\\\/elbeaterio.es\\\/index.php\\\/2012\\\/09\\\/28\\\/el-miedo-guarda-la-vina\\\/\",\"name\":\"El miedo guarda la vi\\u00f1a - El Beaterio de I\\u00f1aki de Mujika\",\"description\":\"Llega el derby entre nubes y claros. La Real y el Athletic se enfrentan por primera vez en la temporada sin que sus proyectos est\\u00e9n claramente definidos. Quiz\\u00e1s se miden demasiado pronto. Incluso, hasta \\u00faltima hora, los rojiblancos han podido reforzar su plantilla, porque la salida de Javi Mart\\u00ednez les concedi\\u00f3 un periodo de gracia\",\"inLanguage\":\"es-ES\",\"isPartOf\":{\"@id\":\"https:\\\/\\\/elbeaterio.es\\\/#website\"},\"breadcrumb\":{\"@id\":\"https:\\\/\\\/elbeaterio.es\\\/index.php\\\/2012\\\/09\\\/28\\\/el-miedo-guarda-la-vina\\\/#breadcrumblist\"},\"author\":{\"@id\":\"https:\\\/\\\/elbeaterio.es\\\/index.php\\\/author\\\/ceh-mujicagmail-com\\\/#author\"},\"creator\":{\"@id\":\"https:\\\/\\\/elbeaterio.es\\\/index.php\\\/author\\\/ceh-mujicagmail-com\\\/#author\"},\"datePublished\":\"2012-09-28T18:47:34+02:00\",\"dateModified\":\"2023-07-02T16:14:05+02:00\"},{\"@type\":\"WebSite\",\"@id\":\"https:\\\/\\\/elbeaterio.es\\\/#website\",\"url\":\"https:\\\/\\\/elbeaterio.es\\\/\",\"name\":\"El Beaterio de I\\u00f1aki de Mujika\",\"alternateName\":\"elbeaterio.es\",\"description\":\"Blog de I\\u00f1aki de Mujika. Sus beaterios en Noticias de Gipuzkoa, las entrevistas, los programas de televisi\\u00f3n \\\"Tiempo real\\\", homenajes, etc.\",\"inLanguage\":\"es-ES\",\"publisher\":{\"@id\":\"https:\\\/\\\/elbeaterio.es\\\/#person\"}}]}\n\t\t<\/script>\n\t\t<!-- All in One SEO -->\n\n","aioseo_head_json":{"title":"El miedo guarda la vi\u00f1a - El Beaterio de I\u00f1aki de Mujika","description":"Llega el derby entre nubes y claros. La Real y el Athletic se enfrentan por primera vez en la temporada sin que sus proyectos est\u00e9n claramente definidos. Quiz\u00e1s se miden demasiado pronto. Incluso, hasta \u00faltima hora, los rojiblancos han podido reforzar su plantilla, porque la salida de Javi Mart\u00ednez les concedi\u00f3 un periodo de gracia","canonical_url":"https:\/\/elbeaterio.es\/index.php\/2012\/09\/28\/el-miedo-guarda-la-vina\/","robots":"max-image-preview:large","keywords":"","webmasterTools":{"google-site-verification":"OqF6EAwritiAZRpCdqm7K8ePP_ZHngiUX4qiOwdV5ls","miscellaneous":""},"schema":{"@context":"https:\/\/schema.org","@graph":[{"@type":"BlogPosting","@id":"https:\/\/elbeaterio.es\/index.php\/2012\/09\/28\/el-miedo-guarda-la-vina\/#blogposting","name":"El miedo guarda la vi\u00f1a - El Beaterio de I\u00f1aki de Mujika","headline":"El miedo guarda la vi\u00f1a","author":{"@id":"https:\/\/elbeaterio.es\/index.php\/author\/ceh-mujicagmail-com\/#author"},"publisher":{"@id":"https:\/\/elbeaterio.es\/#person"},"image":{"@type":"ImageObject","@id":"https:\/\/elbeaterio.es\/index.php\/2012\/09\/28\/el-miedo-guarda-la-vina\/#articleImage","url":"https:\/\/secure.gravatar.com\/avatar\/52e148bfb67d1f33983028b354e60f197561f893059a19708944b85230c274f9?s=96&d=mm&r=g","width":96,"height":96,"caption":"I\u00f1aki de Mujika"},"datePublished":"2012-09-28T18:47:34+02:00","dateModified":"2023-07-02T16:14:05+02:00","inLanguage":"es-ES","mainEntityOfPage":{"@id":"https:\/\/elbeaterio.es\/index.php\/2012\/09\/28\/el-miedo-guarda-la-vina\/#webpage"},"isPartOf":{"@id":"https:\/\/elbeaterio.es\/index.php\/2012\/09\/28\/el-miedo-guarda-la-vina\/#webpage"},"articleSection":"Comentarios 2012-2013"},{"@type":"BreadcrumbList","@id":"https:\/\/elbeaterio.es\/index.php\/2012\/09\/28\/el-miedo-guarda-la-vina\/#breadcrumblist","itemListElement":[{"@type":"ListItem","@id":"https:\/\/elbeaterio.es#listItem","position":1,"name":"Hogar","item":"https:\/\/elbeaterio.es","nextItem":{"@type":"ListItem","@id":"https:\/\/elbeaterio.es\/index.php\/category\/temporadas-anteriores\/#listItem","name":"Temporadas anteriores"}},{"@type":"ListItem","@id":"https:\/\/elbeaterio.es\/index.php\/category\/temporadas-anteriores\/#listItem","position":2,"name":"Temporadas anteriores","item":"https:\/\/elbeaterio.es\/index.php\/category\/temporadas-anteriores\/","nextItem":{"@type":"ListItem","@id":"https:\/\/elbeaterio.es\/index.php\/category\/temporadas-anteriores\/comentario-del-dia\/#listItem","name":"El comentario del d\u00eda"},"previousItem":{"@type":"ListItem","@id":"https:\/\/elbeaterio.es#listItem","name":"Hogar"}},{"@type":"ListItem","@id":"https:\/\/elbeaterio.es\/index.php\/category\/temporadas-anteriores\/comentario-del-dia\/#listItem","position":3,"name":"El comentario del d\u00eda","item":"https:\/\/elbeaterio.es\/index.php\/category\/temporadas-anteriores\/comentario-del-dia\/","nextItem":{"@type":"ListItem","@id":"https:\/\/elbeaterio.es\/index.php\/category\/temporadas-anteriores\/comentario-del-dia\/comentarios-2012-2013\/#listItem","name":"Comentarios 2012-2013"},"previousItem":{"@type":"ListItem","@id":"https:\/\/elbeaterio.es\/index.php\/category\/temporadas-anteriores\/#listItem","name":"Temporadas anteriores"}},{"@type":"ListItem","@id":"https:\/\/elbeaterio.es\/index.php\/category\/temporadas-anteriores\/comentario-del-dia\/comentarios-2012-2013\/#listItem","position":4,"name":"Comentarios 2012-2013","item":"https:\/\/elbeaterio.es\/index.php\/category\/temporadas-anteriores\/comentario-del-dia\/comentarios-2012-2013\/","nextItem":{"@type":"ListItem","@id":"https:\/\/elbeaterio.es\/index.php\/2012\/09\/28\/el-miedo-guarda-la-vina\/#listItem","name":"El miedo guarda la vi\u00f1a"},"previousItem":{"@type":"ListItem","@id":"https:\/\/elbeaterio.es\/index.php\/category\/temporadas-anteriores\/comentario-del-dia\/#listItem","name":"El comentario del d\u00eda"}},{"@type":"ListItem","@id":"https:\/\/elbeaterio.es\/index.php\/2012\/09\/28\/el-miedo-guarda-la-vina\/#listItem","position":5,"name":"El miedo guarda la vi\u00f1a","previousItem":{"@type":"ListItem","@id":"https:\/\/elbeaterio.es\/index.php\/category\/temporadas-anteriores\/comentario-del-dia\/comentarios-2012-2013\/#listItem","name":"Comentarios 2012-2013"}}]},{"@type":"Person","@id":"https:\/\/elbeaterio.es\/#person","name":"I\u00f1aki de Mujika","image":{"@type":"ImageObject","@id":"https:\/\/elbeaterio.es\/index.php\/2012\/09\/28\/el-miedo-guarda-la-vina\/#personImage","url":"https:\/\/secure.gravatar.com\/avatar\/52e148bfb67d1f33983028b354e60f197561f893059a19708944b85230c274f9?s=96&d=mm&r=g","width":96,"height":96,"caption":"I\u00f1aki de Mujika"}},{"@type":"Person","@id":"https:\/\/elbeaterio.es\/index.php\/author\/ceh-mujicagmail-com\/#author","url":"https:\/\/elbeaterio.es\/index.php\/author\/ceh-mujicagmail-com\/","name":"I\u00f1aki de Mujika","image":{"@type":"ImageObject","@id":"https:\/\/elbeaterio.es\/index.php\/2012\/09\/28\/el-miedo-guarda-la-vina\/#authorImage","url":"https:\/\/secure.gravatar.com\/avatar\/52e148bfb67d1f33983028b354e60f197561f893059a19708944b85230c274f9?s=96&d=mm&r=g","width":96,"height":96,"caption":"I\u00f1aki de Mujika"}},{"@type":"WebPage","@id":"https:\/\/elbeaterio.es\/index.php\/2012\/09\/28\/el-miedo-guarda-la-vina\/#webpage","url":"https:\/\/elbeaterio.es\/index.php\/2012\/09\/28\/el-miedo-guarda-la-vina\/","name":"El miedo guarda la vi\u00f1a - El Beaterio de I\u00f1aki de Mujika","description":"Llega el derby entre nubes y claros. La Real y el Athletic se enfrentan por primera vez en la temporada sin que sus proyectos est\u00e9n claramente definidos. Quiz\u00e1s se miden demasiado pronto. Incluso, hasta \u00faltima hora, los rojiblancos han podido reforzar su plantilla, porque la salida de Javi Mart\u00ednez les concedi\u00f3 un periodo de gracia","inLanguage":"es-ES","isPartOf":{"@id":"https:\/\/elbeaterio.es\/#website"},"breadcrumb":{"@id":"https:\/\/elbeaterio.es\/index.php\/2012\/09\/28\/el-miedo-guarda-la-vina\/#breadcrumblist"},"author":{"@id":"https:\/\/elbeaterio.es\/index.php\/author\/ceh-mujicagmail-com\/#author"},"creator":{"@id":"https:\/\/elbeaterio.es\/index.php\/author\/ceh-mujicagmail-com\/#author"},"datePublished":"2012-09-28T18:47:34+02:00","dateModified":"2023-07-02T16:14:05+02:00"},{"@type":"WebSite","@id":"https:\/\/elbeaterio.es\/#website","url":"https:\/\/elbeaterio.es\/","name":"El Beaterio de I\u00f1aki de Mujika","alternateName":"elbeaterio.es","description":"Blog de I\u00f1aki de Mujika. Sus beaterios en Noticias de Gipuzkoa, las entrevistas, los programas de televisi\u00f3n \"Tiempo real\", homenajes, etc.","inLanguage":"es-ES","publisher":{"@id":"https:\/\/elbeaterio.es\/#person"}}]},"og:locale":"es_ES","og:site_name":"El Beaterio de I\u00f1aki de Mujika - Blog de I\u00f1aki de Mujika. Sus beaterios en Noticias de Gipuzkoa, las entrevistas, los programas de televisi\u00f3n &quot;Tiempo real&quot;, homenajes, etc.","og:type":"article","og:title":"El miedo guarda la vi\u00f1a - El Beaterio de I\u00f1aki de Mujika","og:description":"Llega el derby entre nubes y claros. La Real y el Athletic se enfrentan por primera vez en la temporada sin que sus proyectos est\u00e9n claramente definidos. Quiz\u00e1s se miden demasiado pronto. Incluso, hasta \u00faltima hora, los rojiblancos han podido reforzar su plantilla, porque la salida de Javi Mart\u00ednez les concedi\u00f3 un periodo de gracia","og:url":"https:\/\/elbeaterio.es\/index.php\/2012\/09\/28\/el-miedo-guarda-la-vina\/","article:published_time":"2012-09-28T18:47:34+00:00","article:modified_time":"2023-07-02T14:14:05+00:00","twitter:card":"summary_large_image","twitter:title":"El miedo guarda la vi\u00f1a - El Beaterio de I\u00f1aki de Mujika","twitter:description":"Llega el derby entre nubes y claros. La Real y el Athletic se enfrentan por primera vez en la temporada sin que sus proyectos est\u00e9n claramente definidos. Quiz\u00e1s se miden demasiado pronto. Incluso, hasta \u00faltima hora, los rojiblancos han podido reforzar su plantilla, porque la salida de Javi Mart\u00ednez les concedi\u00f3 un periodo de gracia"},"aioseo_meta_data":{"post_id":"4458","title":null,"description":null,"keywords":null,"keyphrases":null,"primary_term":null,"canonical_url":null,"og_title":null,"og_description":null,"og_object_type":"default","og_image_type":"default","og_image_url":null,"og_image_width":null,"og_image_height":null,"og_image_custom_url":null,"og_image_custom_fields":null,"og_video":null,"og_custom_url":null,"og_article_section":null,"og_article_tags":null,"twitter_use_og":false,"twitter_card":"default","twitter_image_type":"default","twitter_image_url":null,"twitter_image_custom_url":null,"twitter_image_custom_fields":null,"twitter_title":null,"twitter_description":null,"schema":{"blockGraphs":[],"customGraphs":[],"default":{"data":{"Article":[],"Course":[],"Dataset":[],"FAQPage":[],"Movie":[],"Person":[],"Product":[],"ProductReview":[],"Car":[],"Recipe":[],"Service":[],"SoftwareApplication":[],"WebPage":[]},"graphName":"","isEnabled":true},"graphs":[]},"schema_type":"default","schema_type_options":null,"pillar_content":false,"robots_default":true,"robots_noindex":false,"robots_noarchive":false,"robots_nosnippet":false,"robots_nofollow":false,"robots_noimageindex":false,"robots_noodp":false,"robots_notranslate":false,"robots_max_snippet":null,"robots_max_videopreview":null,"robots_max_imagepreview":"large","priority":null,"frequency":null,"local_seo":null,"breadcrumb_settings":null,"limit_modified_date":false,"ai":null,"created":"2024-11-16 16:52:18","updated":"2025-06-04 03:37:07","seo_analyzer_scan_date":null,"focus_keyword":null,"additional_keywords":null,"truseo_locale":null},"aioseo_breadcrumb":"<div class=\"aioseo-breadcrumbs\"><span class=\"aioseo-breadcrumb\">\n\t\t\t<a href=\"https:\/\/elbeaterio.es\" title=\"Hogar\">Hogar<\/a>\n\t\t<\/span><span class=\"aioseo-breadcrumb-separator\">&raquo;<\/span><span class=\"aioseo-breadcrumb\">\n\t\t\t<a href=\"https:\/\/elbeaterio.es\/index.php\/category\/temporadas-anteriores\/\" title=\"Temporadas anteriores\">Temporadas anteriores<\/a>\n\t\t<\/span><span class=\"aioseo-breadcrumb-separator\">&raquo;<\/span><span class=\"aioseo-breadcrumb\">\n\t\t\t<a href=\"https:\/\/elbeaterio.es\/index.php\/category\/temporadas-anteriores\/comentario-del-dia\/\" title=\"El comentario del d\u00eda\">El comentario del d\u00eda<\/a>\n\t\t<\/span><span class=\"aioseo-breadcrumb-separator\">&raquo;<\/span><span class=\"aioseo-breadcrumb\">\n\t\t\t<a href=\"https:\/\/elbeaterio.es\/index.php\/category\/temporadas-anteriores\/comentario-del-dia\/comentarios-2012-2013\/\" title=\"Comentarios 2012-2013\">Comentarios 2012-2013<\/a>\n\t\t<\/span><span class=\"aioseo-breadcrumb-separator\">&raquo;<\/span><span class=\"aioseo-breadcrumb\">\n\t\t\tEl miedo guarda la vi\u00f1a\n\t\t<\/span><\/div>","aioseo_breadcrumb_json":[{"label":"Hogar","link":"https:\/\/elbeaterio.es"},{"label":"Temporadas anteriores","link":"https:\/\/elbeaterio.es\/index.php\/category\/temporadas-anteriores\/"},{"label":"El comentario del d\u00eda","link":"https:\/\/elbeaterio.es\/index.php\/category\/temporadas-anteriores\/comentario-del-dia\/"},{"label":"Comentarios 2012-2013","link":"https:\/\/elbeaterio.es\/index.php\/category\/temporadas-anteriores\/comentario-del-dia\/comentarios-2012-2013\/"},{"label":"El miedo guarda la vi\u00f1a","link":"https:\/\/elbeaterio.es\/index.php\/2012\/09\/28\/el-miedo-guarda-la-vina\/"}],"_links":{"self":[{"href":"https:\/\/elbeaterio.es\/index.php\/wp-json\/wp\/v2\/posts\/4458","targetHints":{"allow":["GET"]}}],"collection":[{"href":"https:\/\/elbeaterio.es\/index.php\/wp-json\/wp\/v2\/posts"}],"about":[{"href":"https:\/\/elbeaterio.es\/index.php\/wp-json\/wp\/v2\/types\/post"}],"author":[{"embeddable":true,"href":"https:\/\/elbeaterio.es\/index.php\/wp-json\/wp\/v2\/users\/1"}],"replies":[{"embeddable":true,"href":"https:\/\/elbeaterio.es\/index.php\/wp-json\/wp\/v2\/comments?post=4458"}],"version-history":[{"count":1,"href":"https:\/\/elbeaterio.es\/index.php\/wp-json\/wp\/v2\/posts\/4458\/revisions"}],"predecessor-version":[{"id":5545,"href":"https:\/\/elbeaterio.es\/index.php\/wp-json\/wp\/v2\/posts\/4458\/revisions\/5545"}],"wp:attachment":[{"href":"https:\/\/elbeaterio.es\/index.php\/wp-json\/wp\/v2\/media?parent=4458"}],"wp:term":[{"taxonomy":"category","embeddable":true,"href":"https:\/\/elbeaterio.es\/index.php\/wp-json\/wp\/v2\/categories?post=4458"},{"taxonomy":"post_tag","embeddable":true,"href":"https:\/\/elbeaterio.es\/index.php\/wp-json\/wp\/v2\/tags?post=4458"}],"curies":[{"name":"wp","href":"https:\/\/api.w.org\/{rel}","templated":true}]}}