{"id":4460,"date":"2012-10-11T10:01:30","date_gmt":"2012-10-11T10:01:30","guid":{"rendered":"http:\/\/localhost\/joomla\/2012\/10\/11\/colgar-la-bici-sin-bajarse-de-ella\/"},"modified":"2023-07-02T16:14:05","modified_gmt":"2023-07-02T14:14:05","slug":"colgar-la-bici-sin-bajarse-de-ella","status":"publish","type":"post","link":"https:\/\/elbeaterio.es\/index.php\/2012\/10\/11\/colgar-la-bici-sin-bajarse-de-ella\/","title":{"rendered":"Colgar la bici sin bajarse de ella"},"content":{"rendered":"<p>Patxi Vila cumple este jueves 37 a\u00f1os. Comenz\u00f3 a dar pedales a los 6, all\u00ed en su natal Bera de Bidasoa donde gente entusiasta le anim\u00f3 a seguir por el camino que en el tiempo le permiti\u00f3 ser ciclista profesional y competir muchos a\u00f1os con los mejores. Su trayectoria no cuenta con muchas victorias. M\u00e1s bien, s\u00f3lo una. El historial recoge un triunfo en una etapa de la Paris-Niza, pero las trayectorias se miden por experiencias.<\/p>\n<p><!--more--><\/p>\n<p>Corredor gregario, siempre entendi\u00f3 que su papel consist\u00eda en ayudar a los dem\u00e1s, en dejarse el h\u00edgado para que los favoritos remataran aquellas jornadas \u00e9picas en las que figur\u00f3 tantas veces en las escapadas. Corri\u00f3 en el Banesto a las \u00f3rdenes de Echavarri y Unzue. Algeri y Bontempi, directores que acertaron a ver en \u00e9l caracter\u00edsticas suficientes de buen profesional, confiaron en su trabajo.<\/p>\n<p>Reconoce que en el tiempo ha aprendido de lo bueno y de los momentos complicados, sobre todo en el 2008 cuando un positivo por testosterona en el Tour de Romand\u00eda le llev\u00f3 a los silencios y a la reflexi\u00f3n. Cumplida la sanci\u00f3n, volvi\u00f3 porque no quer\u00eda despedirse en otro lugar que no fuera la bicicleta.<\/p>\n<p>Se siente deportivamente italiano, porque ha sido en el pa\u00eds trasalpino en donde ha competido a muy alto nivel. Su mejor clasificaci\u00f3n en el Giro le llev\u00f3 a la novena posici\u00f3n final. Muchos de los nombres que cita en su carta de despedida se corresponden con la experiencia acumulada en aquellas formaciones que le aceptaron, antes y despu\u00e9s de la sanci\u00f3n: Lampre, Flaminia o Utensilnord.<\/p>\n<p>Un d\u00eda despu\u00e9s de una etapa de esas que llamamos dantesca afirm\u00f3 en l\u00ednea de meta: \u201cEn d\u00edas como \u00e9ste, tengo mucho m\u00e1s presente que todo en la vida depende del color del cristal con el que se mire\u201d.<\/p>\n<p>Unos ahora que se despide sabr\u00e1n valorar lo que ha aportado al ciclismo. Ser\u00e1n generosos o cr\u00edticos. Depender\u00e1 todo de ese cristal que puede ser luminoso u opaco. En ese periodo de reflexi\u00f3n llega la decisi\u00f3n de despdirse, aunque en su caso es algo as\u00ed como colgar la bici sin bajarse de ella.<\/p>\n<p>\u00a0<\/p>\n<p>La vida de Patxi seguir\u00e1 ahora ligada al ciclismo, pero en la investigaci\u00f3n t\u00e9cnica. Una conocida marca americana que est\u00e1 presente en el pelot\u00f3n profesional le ha hecho una oferta para que se incorpore al departamento de I+D. Le valoran por experiencia.<\/p>\n","protected":false},"excerpt":{"rendered":"<p>Patxi Vila cumple este jueves 37 a\u00f1os. Comenz\u00f3 a dar pedales a los 6, all\u00ed en su natal Bera de Bidasoa donde gente entusiasta le anim\u00f3 a seguir por el camino que en el tiempo le permiti\u00f3 ser ciclista profesional y competir muchos a\u00f1os con los mejores. Su trayectoria no cuenta con muchas victorias. M\u00e1s [&hellip;]<\/p>\n","protected":false},"author":1,"featured_media":0,"comment_status":"closed","ping_status":"open","sticky":false,"template":"","format":"standard","meta":{"editor_plus_copied_stylings":"{}","_monsterinsights_skip_tracking":false,"_monsterinsights_sitenote_active":false,"_monsterinsights_sitenote_note":"","_monsterinsights_sitenote_category":0,"footnotes":""},"categories":[45],"tags":[],"class_list":["post-4460","post","type-post","status-publish","format-standard","hentry","category-comentarios-2012-2013"],"aioseo_notices":[],"_links":{"self":[{"href":"https:\/\/elbeaterio.es\/index.php\/wp-json\/wp\/v2\/posts\/4460","targetHints":{"allow":["GET"]}}],"collection":[{"href":"https:\/\/elbeaterio.es\/index.php\/wp-json\/wp\/v2\/posts"}],"about":[{"href":"https:\/\/elbeaterio.es\/index.php\/wp-json\/wp\/v2\/types\/post"}],"author":[{"embeddable":true,"href":"https:\/\/elbeaterio.es\/index.php\/wp-json\/wp\/v2\/users\/1"}],"replies":[{"embeddable":true,"href":"https:\/\/elbeaterio.es\/index.php\/wp-json\/wp\/v2\/comments?post=4460"}],"version-history":[{"count":1,"href":"https:\/\/elbeaterio.es\/index.php\/wp-json\/wp\/v2\/posts\/4460\/revisions"}],"predecessor-version":[{"id":5541,"href":"https:\/\/elbeaterio.es\/index.php\/wp-json\/wp\/v2\/posts\/4460\/revisions\/5541"}],"wp:attachment":[{"href":"https:\/\/elbeaterio.es\/index.php\/wp-json\/wp\/v2\/media?parent=4460"}],"wp:term":[{"taxonomy":"category","embeddable":true,"href":"https:\/\/elbeaterio.es\/index.php\/wp-json\/wp\/v2\/categories?post=4460"},{"taxonomy":"post_tag","embeddable":true,"href":"https:\/\/elbeaterio.es\/index.php\/wp-json\/wp\/v2\/tags?post=4460"}],"curies":[{"name":"wp","href":"https:\/\/api.w.org\/{rel}","templated":true}]}}