{"id":4471,"date":"2012-12-06T18:06:17","date_gmt":"2012-12-06T18:06:17","guid":{"rendered":"http:\/\/localhost\/joomla\/2012\/12\/06\/la-hora-de-valverde\/"},"modified":"2023-07-02T16:14:05","modified_gmt":"2023-07-02T14:14:05","slug":"la-hora-de-valverde","status":"publish","type":"post","link":"https:\/\/elbeaterio.es\/index.php\/2012\/12\/06\/la-hora-de-valverde\/","title":{"rendered":"La hora de Valverde"},"content":{"rendered":"<p>Voy a contarte una historia que, si la alargamos en el tiempo, se convertir\u00eda en una novela por entregas. Conoces de sobra que la Real Sociedad gan\u00f3 en Mestalla al Valencia por 2-5. Resultado que conllev\u00f3 la protesta de buena parte del p\u00fablico y la posterior reuni\u00f3n del consejo que decidi\u00f3 cesar a Mauricio Pellegrino. Eso sucedi\u00f3 en torno a la media noche del domingo.<\/p>\n<p><!--more--><\/p>\n<p>\u00a0<\/p>\n<p>El presidente Manuel Llorente compareci\u00f3 con cara de pocos amigos dejando entrever un claro rictus de tristeza. No hab\u00edan pasado veinticuatro horas cuando el \u201crun run\u201d situaba en el banquillo ch\u00e9 a Ernesto Valverde. Para entonces ya se hab\u00edan reunido en Zaragoza. Y no trascurrieron cuarenta ocho horas antes de ser presentado. A esa hora, el semblante del primer mandatario era sonriente y daba la sensaci\u00f3n de que nada hubiera pasado. Ciertamente reconoci\u00f3 que hab\u00edan fracasado y que ese momento no era de fiesta.<\/p>\n<p>Entre ambos hechos, la rueda de prensa de despedida del entrenador cesado que consideraba injusta la decisi\u00f3n. Igualmente, la comparecencia del capit\u00e1n Roberto Soldado asumiendo la culpabilidad de la plantilla y la responsabilidad de la situaci\u00f3n.<\/p>\n<p>Uno de los pesos pesados del vestuario, David Albelda, que ha visto desfilar por el vestuario valencianista a decenas de individuos, no dud\u00f3 en afirmar que \u201cquien marcharse que se vaya\u201d, casi coincidiendo con la voluntad de Gago que ha solicitado salir del club tras la salida del t\u00e9cnico que fue el valedor de su fichaje.<\/p>\n<p>\u00bfEs o no una novela por entregas?. Ese es el panorama que se encuentra Txingurri Valverde a su llegada. Firma por seis meses y niega que tenga ning\u00fan acuerdo de futuro con el Athletic pese a los muchos rumores que circulan desde hace tiempo.<\/p>\n<p>El nuevo entrenador cree en sus fuerzas y en la buena fortuna. El equipo est\u00e1 en Champions, en Copa y con mucha liga por delante. Por tanto, todos los frentes abiertos. Acude con un bagaje de \u00e9xitos en el Espanyol con quien jug\u00f3 una final de UEFA y los triunfos en la liga y copa de Grecia como responsable del Olympiakos. Tiene una espina clavada por su paso en Villarreal, pero conoce de sobra los entresijos de la competici\u00f3n y los retos que le esperan.<\/p>\n<p>Valverde sabe que le llega la oportunidad a orillas del Turia tras un plan fallido. Le ofrecen seis meses de contrato y acepta. En ese tiempo deber\u00e1 demostrar que est\u00e1 capacitado para mayores empresas y sobre todo templar los egos de muchos jugadores. Triunfar en Valencia est\u00e1 al alcance de muy pocos.<\/p>\n","protected":false},"excerpt":{"rendered":"<p>Voy a contarte una historia que, si la alargamos en el tiempo, se convertir\u00eda en una novela por entregas. Conoces de sobra que la Real Sociedad gan\u00f3 en Mestalla al Valencia por 2-5. Resultado que conllev\u00f3 la protesta de buena parte del p\u00fablico y la posterior reuni\u00f3n del consejo que decidi\u00f3 cesar a Mauricio Pellegrino. [&hellip;]<\/p>\n","protected":false},"author":1,"featured_media":0,"comment_status":"closed","ping_status":"open","sticky":false,"template":"","format":"standard","meta":{"editor_plus_copied_stylings":"{}","_monsterinsights_skip_tracking":false,"footnotes":""},"categories":[45],"tags":[],"class_list":["post-4471","post","type-post","status-publish","format-standard","hentry","category-comentarios-2012-2013"],"aioseo_notices":[],"aioseo_head":"\n\t\t<!-- All in One SEO 5.0.0.1 - aioseo.com -->\n\t<meta name=\"description\" content=\"Voy a contarte una historia que, si la alargamos en el tiempo, se convertir\u00eda en una novela por entregas. Conoces de sobra que la Real Sociedad gan\u00f3 en Mestalla al Valencia por 2-5. Resultado que conllev\u00f3 la protesta de buena parte del p\u00fablico y la posterior reuni\u00f3n del consejo que decidi\u00f3 cesar a Mauricio Pellegrino.\" \/>\n\t<meta name=\"robots\" content=\"max-image-preview:large\" \/>\n\t<meta name=\"author\" content=\"I\u00f1aki de Mujika\"\/>\n\t<meta name=\"google-site-verification\" content=\"OqF6EAwritiAZRpCdqm7K8ePP_ZHngiUX4qiOwdV5ls\" \/>\n\t<link rel=\"canonical\" href=\"https:\/\/elbeaterio.es\/index.php\/2012\/12\/06\/la-hora-de-valverde\/\" \/>\n\t<meta name=\"generator\" content=\"All in One SEO (AIOSEO) 5.0.0.1\" \/>\n\t\t<meta property=\"og:locale\" content=\"es_ES\" \/>\n\t\t<meta property=\"og:site_name\" content=\"El Beaterio de I\u00f1aki de Mujika - Blog de I\u00f1aki de Mujika. Sus beaterios en Noticias de Gipuzkoa, las entrevistas, los programas de televisi\u00f3n &quot;Tiempo real&quot;, homenajes, etc.\" \/>\n\t\t<meta property=\"og:type\" content=\"article\" \/>\n\t\t<meta property=\"og:title\" content=\"La hora de Valverde - El Beaterio de I\u00f1aki de Mujika\" \/>\n\t\t<meta property=\"og:description\" content=\"Voy a contarte una historia que, si la alargamos en el tiempo, se convertir\u00eda en una novela por entregas. Conoces de sobra que la Real Sociedad gan\u00f3 en Mestalla al Valencia por 2-5. Resultado que conllev\u00f3 la protesta de buena parte del p\u00fablico y la posterior reuni\u00f3n del consejo que decidi\u00f3 cesar a Mauricio Pellegrino.\" \/>\n\t\t<meta property=\"og:url\" content=\"https:\/\/elbeaterio.es\/index.php\/2012\/12\/06\/la-hora-de-valverde\/\" \/>\n\t\t<meta property=\"article:published_time\" content=\"2012-12-06T18:06:17+00:00\" \/>\n\t\t<meta property=\"article:modified_time\" content=\"2023-07-02T14:14:05+00:00\" \/>\n\t\t<meta name=\"twitter:card\" content=\"summary_large_image\" \/>\n\t\t<meta name=\"twitter:title\" content=\"La hora de Valverde - El Beaterio de I\u00f1aki de Mujika\" \/>\n\t\t<meta name=\"twitter:description\" content=\"Voy a contarte una historia que, si la alargamos en el tiempo, se convertir\u00eda en una novela por entregas. Conoces de sobra que la Real Sociedad gan\u00f3 en Mestalla al Valencia por 2-5. Resultado que conllev\u00f3 la protesta de buena parte del p\u00fablico y la posterior reuni\u00f3n del consejo que decidi\u00f3 cesar a Mauricio Pellegrino.\" \/>\n\t\t<script type=\"application\/ld+json\" class=\"aioseo-schema\">\n\t\t\t{\"@context\":\"https:\\\/\\\/schema.org\",\"@graph\":[{\"@type\":\"BlogPosting\",\"@id\":\"https:\\\/\\\/elbeaterio.es\\\/index.php\\\/2012\\\/12\\\/06\\\/la-hora-de-valverde\\\/#blogposting\",\"name\":\"La hora de Valverde - El Beaterio de I\\u00f1aki de Mujika\",\"headline\":\"La hora de Valverde\",\"author\":{\"@id\":\"https:\\\/\\\/elbeaterio.es\\\/index.php\\\/author\\\/ceh-mujicagmail-com\\\/#author\"},\"publisher\":{\"@id\":\"https:\\\/\\\/elbeaterio.es\\\/#person\"},\"image\":{\"@type\":\"ImageObject\",\"@id\":\"https:\\\/\\\/elbeaterio.es\\\/index.php\\\/2012\\\/12\\\/06\\\/la-hora-de-valverde\\\/#articleImage\",\"url\":\"https:\\\/\\\/secure.gravatar.com\\\/avatar\\\/52e148bfb67d1f33983028b354e60f197561f893059a19708944b85230c274f9?s=96&d=mm&r=g\",\"width\":96,\"height\":96,\"caption\":\"I\\u00f1aki de Mujika\"},\"datePublished\":\"2012-12-06T18:06:17+02:00\",\"dateModified\":\"2023-07-02T16:14:05+02:00\",\"inLanguage\":\"es-ES\",\"mainEntityOfPage\":{\"@id\":\"https:\\\/\\\/elbeaterio.es\\\/index.php\\\/2012\\\/12\\\/06\\\/la-hora-de-valverde\\\/#webpage\"},\"isPartOf\":{\"@id\":\"https:\\\/\\\/elbeaterio.es\\\/index.php\\\/2012\\\/12\\\/06\\\/la-hora-de-valverde\\\/#webpage\"},\"articleSection\":\"Comentarios 2012-2013\"},{\"@type\":\"BreadcrumbList\",\"@id\":\"https:\\\/\\\/elbeaterio.es\\\/index.php\\\/2012\\\/12\\\/06\\\/la-hora-de-valverde\\\/#breadcrumblist\",\"itemListElement\":[{\"@type\":\"ListItem\",\"@id\":\"https:\\\/\\\/elbeaterio.es#listItem\",\"position\":1,\"name\":\"Hogar\",\"item\":\"https:\\\/\\\/elbeaterio.es\",\"nextItem\":{\"@type\":\"ListItem\",\"@id\":\"https:\\\/\\\/elbeaterio.es\\\/index.php\\\/category\\\/temporadas-anteriores\\\/#listItem\",\"name\":\"Temporadas anteriores\"}},{\"@type\":\"ListItem\",\"@id\":\"https:\\\/\\\/elbeaterio.es\\\/index.php\\\/category\\\/temporadas-anteriores\\\/#listItem\",\"position\":2,\"name\":\"Temporadas anteriores\",\"item\":\"https:\\\/\\\/elbeaterio.es\\\/index.php\\\/category\\\/temporadas-anteriores\\\/\",\"nextItem\":{\"@type\":\"ListItem\",\"@id\":\"https:\\\/\\\/elbeaterio.es\\\/index.php\\\/category\\\/temporadas-anteriores\\\/comentario-del-dia\\\/#listItem\",\"name\":\"El comentario del d\\u00eda\"},\"previousItem\":{\"@type\":\"ListItem\",\"@id\":\"https:\\\/\\\/elbeaterio.es#listItem\",\"name\":\"Hogar\"}},{\"@type\":\"ListItem\",\"@id\":\"https:\\\/\\\/elbeaterio.es\\\/index.php\\\/category\\\/temporadas-anteriores\\\/comentario-del-dia\\\/#listItem\",\"position\":3,\"name\":\"El comentario del d\\u00eda\",\"item\":\"https:\\\/\\\/elbeaterio.es\\\/index.php\\\/category\\\/temporadas-anteriores\\\/comentario-del-dia\\\/\",\"nextItem\":{\"@type\":\"ListItem\",\"@id\":\"https:\\\/\\\/elbeaterio.es\\\/index.php\\\/category\\\/temporadas-anteriores\\\/comentario-del-dia\\\/comentarios-2012-2013\\\/#listItem\",\"name\":\"Comentarios 2012-2013\"},\"previousItem\":{\"@type\":\"ListItem\",\"@id\":\"https:\\\/\\\/elbeaterio.es\\\/index.php\\\/category\\\/temporadas-anteriores\\\/#listItem\",\"name\":\"Temporadas anteriores\"}},{\"@type\":\"ListItem\",\"@id\":\"https:\\\/\\\/elbeaterio.es\\\/index.php\\\/category\\\/temporadas-anteriores\\\/comentario-del-dia\\\/comentarios-2012-2013\\\/#listItem\",\"position\":4,\"name\":\"Comentarios 2012-2013\",\"item\":\"https:\\\/\\\/elbeaterio.es\\\/index.php\\\/category\\\/temporadas-anteriores\\\/comentario-del-dia\\\/comentarios-2012-2013\\\/\",\"nextItem\":{\"@type\":\"ListItem\",\"@id\":\"https:\\\/\\\/elbeaterio.es\\\/index.php\\\/2012\\\/12\\\/06\\\/la-hora-de-valverde\\\/#listItem\",\"name\":\"La hora de Valverde\"},\"previousItem\":{\"@type\":\"ListItem\",\"@id\":\"https:\\\/\\\/elbeaterio.es\\\/index.php\\\/category\\\/temporadas-anteriores\\\/comentario-del-dia\\\/#listItem\",\"name\":\"El comentario del d\\u00eda\"}},{\"@type\":\"ListItem\",\"@id\":\"https:\\\/\\\/elbeaterio.es\\\/index.php\\\/2012\\\/12\\\/06\\\/la-hora-de-valverde\\\/#listItem\",\"position\":5,\"name\":\"La hora de Valverde\",\"previousItem\":{\"@type\":\"ListItem\",\"@id\":\"https:\\\/\\\/elbeaterio.es\\\/index.php\\\/category\\\/temporadas-anteriores\\\/comentario-del-dia\\\/comentarios-2012-2013\\\/#listItem\",\"name\":\"Comentarios 2012-2013\"}}]},{\"@type\":\"Person\",\"@id\":\"https:\\\/\\\/elbeaterio.es\\\/#person\",\"name\":\"I\\u00f1aki de Mujika\",\"image\":{\"@type\":\"ImageObject\",\"@id\":\"https:\\\/\\\/elbeaterio.es\\\/index.php\\\/2012\\\/12\\\/06\\\/la-hora-de-valverde\\\/#personImage\",\"url\":\"https:\\\/\\\/secure.gravatar.com\\\/avatar\\\/52e148bfb67d1f33983028b354e60f197561f893059a19708944b85230c274f9?s=96&d=mm&r=g\",\"width\":96,\"height\":96,\"caption\":\"I\\u00f1aki de Mujika\"}},{\"@type\":\"Person\",\"@id\":\"https:\\\/\\\/elbeaterio.es\\\/index.php\\\/author\\\/ceh-mujicagmail-com\\\/#author\",\"url\":\"https:\\\/\\\/elbeaterio.es\\\/index.php\\\/author\\\/ceh-mujicagmail-com\\\/\",\"name\":\"I\\u00f1aki de Mujika\",\"image\":{\"@type\":\"ImageObject\",\"@id\":\"https:\\\/\\\/elbeaterio.es\\\/index.php\\\/2012\\\/12\\\/06\\\/la-hora-de-valverde\\\/#authorImage\",\"url\":\"https:\\\/\\\/secure.gravatar.com\\\/avatar\\\/52e148bfb67d1f33983028b354e60f197561f893059a19708944b85230c274f9?s=96&d=mm&r=g\",\"width\":96,\"height\":96,\"caption\":\"I\\u00f1aki de Mujika\"}},{\"@type\":\"WebPage\",\"@id\":\"https:\\\/\\\/elbeaterio.es\\\/index.php\\\/2012\\\/12\\\/06\\\/la-hora-de-valverde\\\/#webpage\",\"url\":\"https:\\\/\\\/elbeaterio.es\\\/index.php\\\/2012\\\/12\\\/06\\\/la-hora-de-valverde\\\/\",\"name\":\"La hora de Valverde - El Beaterio de I\\u00f1aki de Mujika\",\"description\":\"Voy a contarte una historia que, si la alargamos en el tiempo, se convertir\\u00eda en una novela por entregas. Conoces de sobra que la Real Sociedad gan\\u00f3 en Mestalla al Valencia por 2-5. Resultado que conllev\\u00f3 la protesta de buena parte del p\\u00fablico y la posterior reuni\\u00f3n del consejo que decidi\\u00f3 cesar a Mauricio Pellegrino.\",\"inLanguage\":\"es-ES\",\"isPartOf\":{\"@id\":\"https:\\\/\\\/elbeaterio.es\\\/#website\"},\"breadcrumb\":{\"@id\":\"https:\\\/\\\/elbeaterio.es\\\/index.php\\\/2012\\\/12\\\/06\\\/la-hora-de-valverde\\\/#breadcrumblist\"},\"author\":{\"@id\":\"https:\\\/\\\/elbeaterio.es\\\/index.php\\\/author\\\/ceh-mujicagmail-com\\\/#author\"},\"creator\":{\"@id\":\"https:\\\/\\\/elbeaterio.es\\\/index.php\\\/author\\\/ceh-mujicagmail-com\\\/#author\"},\"datePublished\":\"2012-12-06T18:06:17+02:00\",\"dateModified\":\"2023-07-02T16:14:05+02:00\"},{\"@type\":\"WebSite\",\"@id\":\"https:\\\/\\\/elbeaterio.es\\\/#website\",\"url\":\"https:\\\/\\\/elbeaterio.es\\\/\",\"name\":\"El Beaterio de I\\u00f1aki de Mujika\",\"alternateName\":\"elbeaterio.es\",\"description\":\"Blog de I\\u00f1aki de Mujika. Sus beaterios en Noticias de Gipuzkoa, las entrevistas, los programas de televisi\\u00f3n \\\"Tiempo real\\\", homenajes, etc.\",\"inLanguage\":\"es-ES\",\"publisher\":{\"@id\":\"https:\\\/\\\/elbeaterio.es\\\/#person\"}}]}\n\t\t<\/script>\n\t\t<!-- All in One SEO -->\n\n","aioseo_head_json":{"title":"La hora de Valverde - El Beaterio de I\u00f1aki de Mujika","description":"Voy a contarte una historia que, si la alargamos en el tiempo, se convertir\u00eda en una novela por entregas. Conoces de sobra que la Real Sociedad gan\u00f3 en Mestalla al Valencia por 2-5. Resultado que conllev\u00f3 la protesta de buena parte del p\u00fablico y la posterior reuni\u00f3n del consejo que decidi\u00f3 cesar a Mauricio Pellegrino.","canonical_url":"https:\/\/elbeaterio.es\/index.php\/2012\/12\/06\/la-hora-de-valverde\/","robots":"max-image-preview:large","keywords":"","webmasterTools":{"google-site-verification":"OqF6EAwritiAZRpCdqm7K8ePP_ZHngiUX4qiOwdV5ls","miscellaneous":""},"schema":{"@context":"https:\/\/schema.org","@graph":[{"@type":"BlogPosting","@id":"https:\/\/elbeaterio.es\/index.php\/2012\/12\/06\/la-hora-de-valverde\/#blogposting","name":"La hora de Valverde - El Beaterio de I\u00f1aki de Mujika","headline":"La hora de Valverde","author":{"@id":"https:\/\/elbeaterio.es\/index.php\/author\/ceh-mujicagmail-com\/#author"},"publisher":{"@id":"https:\/\/elbeaterio.es\/#person"},"image":{"@type":"ImageObject","@id":"https:\/\/elbeaterio.es\/index.php\/2012\/12\/06\/la-hora-de-valverde\/#articleImage","url":"https:\/\/secure.gravatar.com\/avatar\/52e148bfb67d1f33983028b354e60f197561f893059a19708944b85230c274f9?s=96&d=mm&r=g","width":96,"height":96,"caption":"I\u00f1aki de Mujika"},"datePublished":"2012-12-06T18:06:17+02:00","dateModified":"2023-07-02T16:14:05+02:00","inLanguage":"es-ES","mainEntityOfPage":{"@id":"https:\/\/elbeaterio.es\/index.php\/2012\/12\/06\/la-hora-de-valverde\/#webpage"},"isPartOf":{"@id":"https:\/\/elbeaterio.es\/index.php\/2012\/12\/06\/la-hora-de-valverde\/#webpage"},"articleSection":"Comentarios 2012-2013"},{"@type":"BreadcrumbList","@id":"https:\/\/elbeaterio.es\/index.php\/2012\/12\/06\/la-hora-de-valverde\/#breadcrumblist","itemListElement":[{"@type":"ListItem","@id":"https:\/\/elbeaterio.es#listItem","position":1,"name":"Hogar","item":"https:\/\/elbeaterio.es","nextItem":{"@type":"ListItem","@id":"https:\/\/elbeaterio.es\/index.php\/category\/temporadas-anteriores\/#listItem","name":"Temporadas anteriores"}},{"@type":"ListItem","@id":"https:\/\/elbeaterio.es\/index.php\/category\/temporadas-anteriores\/#listItem","position":2,"name":"Temporadas anteriores","item":"https:\/\/elbeaterio.es\/index.php\/category\/temporadas-anteriores\/","nextItem":{"@type":"ListItem","@id":"https:\/\/elbeaterio.es\/index.php\/category\/temporadas-anteriores\/comentario-del-dia\/#listItem","name":"El comentario del d\u00eda"},"previousItem":{"@type":"ListItem","@id":"https:\/\/elbeaterio.es#listItem","name":"Hogar"}},{"@type":"ListItem","@id":"https:\/\/elbeaterio.es\/index.php\/category\/temporadas-anteriores\/comentario-del-dia\/#listItem","position":3,"name":"El comentario del d\u00eda","item":"https:\/\/elbeaterio.es\/index.php\/category\/temporadas-anteriores\/comentario-del-dia\/","nextItem":{"@type":"ListItem","@id":"https:\/\/elbeaterio.es\/index.php\/category\/temporadas-anteriores\/comentario-del-dia\/comentarios-2012-2013\/#listItem","name":"Comentarios 2012-2013"},"previousItem":{"@type":"ListItem","@id":"https:\/\/elbeaterio.es\/index.php\/category\/temporadas-anteriores\/#listItem","name":"Temporadas anteriores"}},{"@type":"ListItem","@id":"https:\/\/elbeaterio.es\/index.php\/category\/temporadas-anteriores\/comentario-del-dia\/comentarios-2012-2013\/#listItem","position":4,"name":"Comentarios 2012-2013","item":"https:\/\/elbeaterio.es\/index.php\/category\/temporadas-anteriores\/comentario-del-dia\/comentarios-2012-2013\/","nextItem":{"@type":"ListItem","@id":"https:\/\/elbeaterio.es\/index.php\/2012\/12\/06\/la-hora-de-valverde\/#listItem","name":"La hora de Valverde"},"previousItem":{"@type":"ListItem","@id":"https:\/\/elbeaterio.es\/index.php\/category\/temporadas-anteriores\/comentario-del-dia\/#listItem","name":"El comentario del d\u00eda"}},{"@type":"ListItem","@id":"https:\/\/elbeaterio.es\/index.php\/2012\/12\/06\/la-hora-de-valverde\/#listItem","position":5,"name":"La hora de Valverde","previousItem":{"@type":"ListItem","@id":"https:\/\/elbeaterio.es\/index.php\/category\/temporadas-anteriores\/comentario-del-dia\/comentarios-2012-2013\/#listItem","name":"Comentarios 2012-2013"}}]},{"@type":"Person","@id":"https:\/\/elbeaterio.es\/#person","name":"I\u00f1aki de Mujika","image":{"@type":"ImageObject","@id":"https:\/\/elbeaterio.es\/index.php\/2012\/12\/06\/la-hora-de-valverde\/#personImage","url":"https:\/\/secure.gravatar.com\/avatar\/52e148bfb67d1f33983028b354e60f197561f893059a19708944b85230c274f9?s=96&d=mm&r=g","width":96,"height":96,"caption":"I\u00f1aki de Mujika"}},{"@type":"Person","@id":"https:\/\/elbeaterio.es\/index.php\/author\/ceh-mujicagmail-com\/#author","url":"https:\/\/elbeaterio.es\/index.php\/author\/ceh-mujicagmail-com\/","name":"I\u00f1aki de Mujika","image":{"@type":"ImageObject","@id":"https:\/\/elbeaterio.es\/index.php\/2012\/12\/06\/la-hora-de-valverde\/#authorImage","url":"https:\/\/secure.gravatar.com\/avatar\/52e148bfb67d1f33983028b354e60f197561f893059a19708944b85230c274f9?s=96&d=mm&r=g","width":96,"height":96,"caption":"I\u00f1aki de Mujika"}},{"@type":"WebPage","@id":"https:\/\/elbeaterio.es\/index.php\/2012\/12\/06\/la-hora-de-valverde\/#webpage","url":"https:\/\/elbeaterio.es\/index.php\/2012\/12\/06\/la-hora-de-valverde\/","name":"La hora de Valverde - El Beaterio de I\u00f1aki de Mujika","description":"Voy a contarte una historia que, si la alargamos en el tiempo, se convertir\u00eda en una novela por entregas. Conoces de sobra que la Real Sociedad gan\u00f3 en Mestalla al Valencia por 2-5. Resultado que conllev\u00f3 la protesta de buena parte del p\u00fablico y la posterior reuni\u00f3n del consejo que decidi\u00f3 cesar a Mauricio Pellegrino.","inLanguage":"es-ES","isPartOf":{"@id":"https:\/\/elbeaterio.es\/#website"},"breadcrumb":{"@id":"https:\/\/elbeaterio.es\/index.php\/2012\/12\/06\/la-hora-de-valverde\/#breadcrumblist"},"author":{"@id":"https:\/\/elbeaterio.es\/index.php\/author\/ceh-mujicagmail-com\/#author"},"creator":{"@id":"https:\/\/elbeaterio.es\/index.php\/author\/ceh-mujicagmail-com\/#author"},"datePublished":"2012-12-06T18:06:17+02:00","dateModified":"2023-07-02T16:14:05+02:00"},{"@type":"WebSite","@id":"https:\/\/elbeaterio.es\/#website","url":"https:\/\/elbeaterio.es\/","name":"El Beaterio de I\u00f1aki de Mujika","alternateName":"elbeaterio.es","description":"Blog de I\u00f1aki de Mujika. Sus beaterios en Noticias de Gipuzkoa, las entrevistas, los programas de televisi\u00f3n \"Tiempo real\", homenajes, etc.","inLanguage":"es-ES","publisher":{"@id":"https:\/\/elbeaterio.es\/#person"}}]},"og:locale":"es_ES","og:site_name":"El Beaterio de I\u00f1aki de Mujika - Blog de I\u00f1aki de Mujika. Sus beaterios en Noticias de Gipuzkoa, las entrevistas, los programas de televisi\u00f3n &quot;Tiempo real&quot;, homenajes, etc.","og:type":"article","og:title":"La hora de Valverde - El Beaterio de I\u00f1aki de Mujika","og:description":"Voy a contarte una historia que, si la alargamos en el tiempo, se convertir\u00eda en una novela por entregas. Conoces de sobra que la Real Sociedad gan\u00f3 en Mestalla al Valencia por 2-5. Resultado que conllev\u00f3 la protesta de buena parte del p\u00fablico y la posterior reuni\u00f3n del consejo que decidi\u00f3 cesar a Mauricio Pellegrino.","og:url":"https:\/\/elbeaterio.es\/index.php\/2012\/12\/06\/la-hora-de-valverde\/","article:published_time":"2012-12-06T18:06:17+00:00","article:modified_time":"2023-07-02T14:14:05+00:00","twitter:card":"summary_large_image","twitter:title":"La hora de Valverde - El Beaterio de I\u00f1aki de Mujika","twitter:description":"Voy a contarte una historia que, si la alargamos en el tiempo, se convertir\u00eda en una novela por entregas. Conoces de sobra que la Real Sociedad gan\u00f3 en Mestalla al Valencia por 2-5. Resultado que conllev\u00f3 la protesta de buena parte del p\u00fablico y la posterior reuni\u00f3n del consejo que decidi\u00f3 cesar a Mauricio Pellegrino."},"aioseo_meta_data":{"post_id":"4471","title":null,"description":null,"keywords":null,"keyphrases":null,"primary_term":null,"canonical_url":null,"og_title":null,"og_description":null,"og_object_type":"default","og_image_type":"default","og_image_url":null,"og_image_width":null,"og_image_height":null,"og_image_custom_url":null,"og_image_custom_fields":null,"og_video":null,"og_custom_url":null,"og_article_section":null,"og_article_tags":null,"twitter_use_og":false,"twitter_card":"default","twitter_image_type":"default","twitter_image_url":null,"twitter_image_custom_url":null,"twitter_image_custom_fields":null,"twitter_title":null,"twitter_description":null,"schema":{"blockGraphs":[],"customGraphs":[],"default":{"data":{"Article":[],"Course":[],"Dataset":[],"FAQPage":[],"Movie":[],"Person":[],"Product":[],"ProductReview":[],"Car":[],"Recipe":[],"Service":[],"SoftwareApplication":[],"WebPage":[]},"graphName":"","isEnabled":true},"graphs":[]},"schema_type":"default","schema_type_options":null,"pillar_content":false,"robots_default":true,"robots_noindex":false,"robots_noarchive":false,"robots_nosnippet":false,"robots_nofollow":false,"robots_noimageindex":false,"robots_noodp":false,"robots_notranslate":false,"robots_max_snippet":null,"robots_max_videopreview":null,"robots_max_imagepreview":"large","priority":null,"frequency":null,"local_seo":null,"breadcrumb_settings":null,"limit_modified_date":false,"ai":null,"created":"2024-11-16 16:59:20","updated":"2025-06-04 03:48:33","seo_analyzer_scan_date":null,"focus_keyword":null,"additional_keywords":null,"truseo_locale":null},"aioseo_breadcrumb":"<div class=\"aioseo-breadcrumbs\"><span class=\"aioseo-breadcrumb\">\n\t\t\t<a href=\"https:\/\/elbeaterio.es\" title=\"Hogar\">Hogar<\/a>\n\t\t<\/span><span class=\"aioseo-breadcrumb-separator\">&raquo;<\/span><span class=\"aioseo-breadcrumb\">\n\t\t\t<a href=\"https:\/\/elbeaterio.es\/index.php\/category\/temporadas-anteriores\/\" title=\"Temporadas anteriores\">Temporadas anteriores<\/a>\n\t\t<\/span><span class=\"aioseo-breadcrumb-separator\">&raquo;<\/span><span class=\"aioseo-breadcrumb\">\n\t\t\t<a href=\"https:\/\/elbeaterio.es\/index.php\/category\/temporadas-anteriores\/comentario-del-dia\/\" title=\"El comentario del d\u00eda\">El comentario del d\u00eda<\/a>\n\t\t<\/span><span class=\"aioseo-breadcrumb-separator\">&raquo;<\/span><span class=\"aioseo-breadcrumb\">\n\t\t\t<a href=\"https:\/\/elbeaterio.es\/index.php\/category\/temporadas-anteriores\/comentario-del-dia\/comentarios-2012-2013\/\" title=\"Comentarios 2012-2013\">Comentarios 2012-2013<\/a>\n\t\t<\/span><span class=\"aioseo-breadcrumb-separator\">&raquo;<\/span><span class=\"aioseo-breadcrumb\">\n\t\t\tLa hora de Valverde\n\t\t<\/span><\/div>","aioseo_breadcrumb_json":[{"label":"Hogar","link":"https:\/\/elbeaterio.es"},{"label":"Temporadas anteriores","link":"https:\/\/elbeaterio.es\/index.php\/category\/temporadas-anteriores\/"},{"label":"El comentario del d\u00eda","link":"https:\/\/elbeaterio.es\/index.php\/category\/temporadas-anteriores\/comentario-del-dia\/"},{"label":"Comentarios 2012-2013","link":"https:\/\/elbeaterio.es\/index.php\/category\/temporadas-anteriores\/comentario-del-dia\/comentarios-2012-2013\/"},{"label":"La hora de Valverde","link":"https:\/\/elbeaterio.es\/index.php\/2012\/12\/06\/la-hora-de-valverde\/"}],"_links":{"self":[{"href":"https:\/\/elbeaterio.es\/index.php\/wp-json\/wp\/v2\/posts\/4471","targetHints":{"allow":["GET"]}}],"collection":[{"href":"https:\/\/elbeaterio.es\/index.php\/wp-json\/wp\/v2\/posts"}],"about":[{"href":"https:\/\/elbeaterio.es\/index.php\/wp-json\/wp\/v2\/types\/post"}],"author":[{"embeddable":true,"href":"https:\/\/elbeaterio.es\/index.php\/wp-json\/wp\/v2\/users\/1"}],"replies":[{"embeddable":true,"href":"https:\/\/elbeaterio.es\/index.php\/wp-json\/wp\/v2\/comments?post=4471"}],"version-history":[{"count":1,"href":"https:\/\/elbeaterio.es\/index.php\/wp-json\/wp\/v2\/posts\/4471\/revisions"}],"predecessor-version":[{"id":5514,"href":"https:\/\/elbeaterio.es\/index.php\/wp-json\/wp\/v2\/posts\/4471\/revisions\/5514"}],"wp:attachment":[{"href":"https:\/\/elbeaterio.es\/index.php\/wp-json\/wp\/v2\/media?parent=4471"}],"wp:term":[{"taxonomy":"category","embeddable":true,"href":"https:\/\/elbeaterio.es\/index.php\/wp-json\/wp\/v2\/categories?post=4471"},{"taxonomy":"post_tag","embeddable":true,"href":"https:\/\/elbeaterio.es\/index.php\/wp-json\/wp\/v2\/tags?post=4471"}],"curies":[{"name":"wp","href":"https:\/\/api.w.org\/{rel}","templated":true}]}}