{"id":5,"date":"2012-02-18T09:57:19","date_gmt":"2012-02-18T09:57:19","guid":{"rendered":"http:\/\/localhost\/joomla\/2012\/02\/18\/un-viernes-con-alubias-de-tolosa\/"},"modified":"2023-06-22T20:03:30","modified_gmt":"2023-06-22T18:03:30","slug":"un-viernes-con-alubias-de-tolosa","status":"publish","type":"post","link":"https:\/\/elbeaterio.es\/index.php\/2012\/02\/18\/un-viernes-con-alubias-de-tolosa\/","title":{"rendered":"Un viernes con alubias de Tolosa"},"content":{"rendered":"<p>Llevo muchos a\u00f1os yendo a Tolosa el llamado Viernes Flaco, jornada que coincide con el segundo d\u00eda de los afamados carnavales de esta poblaci\u00f3n que no oculta su vinculaci\u00f3n con la fiesta de los disfraces y las carrozas. Es la jornada m\u00e1s tranquila, algo as\u00ed como el descanso del guerrero tras la larga noche. Se engalanan ventanas, plazas y balcones con todo aquello que ayuda a entender que all\u00ed est\u00e1n de fiesta y lo celebran.<\/p>\n<p><!--more--><\/p>\n<p>En medio de la calle principal est\u00e1 el Front\u00f3n Beot\u00edbar. Pegado a \u00e9l, en el primer piso del edificio, el restaurante que regenta con enorme eficacia Roberto Ruiz. Es un espacio amplio, con un comedor suficiente para recibir a muchos comensales. En el mirador caben tambi\u00e9n unas cuantas mesas, adem\u00e1s del reservado en el que se guardan los mejores vinos de la carta.<\/p>\n<p>Con vistas a la calle hacemos un programa de radio al que acuden invitados, deportistas que les apetece pasar un rato en buena compa\u00f1\u00eda. Este a\u00f1o hemos sido menos, porque al remero Ib\u00f3n Urbieta le subi\u00f3 la fiebre y se puso enfermo y a Oinatz Bengoetxea, el pelotari campe\u00f3n, le pusieron entrenamiento en Pamplona y tampoco pudo llegar.<\/p>\n<p>Pero la mesa dio de s\u00ed con Mikel Astarloza, el ciclista de Euskaltel, junto a los jugadores del \u00c9ibar Jon Altuna y Mikel Arruabarrena. No falt\u00f3 tampoco el jugador de rugby del Ampo Ordizia, Imanol Iruarri, esperanzado antes de uno de los grandes encuentros de la temporada. A la hora del caf\u00e9 se incorpor\u00f3 Andoni Imaz, el ex de la Real al que le encontr\u00e9 muy mejorado.<\/p>\n<p>Roberto Ruiz volvi\u00f3 a satisfacer las apetencias de la mesa con un men\u00fa largo, abierto con unos choricitos picantes, previos a la verdura de temporada (alcachofas con barroja). Despu\u00e9s, un huevo escalfado con trufa de \u00c1lava, as\u00ed como las tradicionales alubias de Tolosa, con berza, guindillas de Ibarra, tocino y morcilla de Beasain. Luego, un lomo de lubina y m\u00e1s tarde un taco de solomillo de vaca, hecho a la parrilla. El postre combin\u00f3 un hojaldre relleno de crema con helado. Caf\u00e9, sin copas, porque los deportistas a esta hora no prueban alcohol.<\/p>\n<p>A lo largo del tiempo de radio, por la calle San Francisco, emplazamiento del restaurante, pasan algunas fanfarres, con chicos pertenecientes a las pe\u00f1as tolosarras del Athletic y de la Real. Hacen sonar sus instrumentos en una fiesta que, lejos de separar, les une.<\/p>\n<p><em><span style=\"text-decoration: underline;\">Datos de la ubicaci\u00f3n <\/span><\/em><\/p>\n<p><strong>Restaurante Front\u00f3n<\/strong>. Paseo San Francisco 4-1\u00ba<\/p>\n<p>20400 TOLOSA<\/p>\n<p>Tfno. 943 652941<\/p>\n<p><a href=\"http:\/\/www.restaurantefronton.com\/\">http:\/\/www.restaurantefronton.com<\/a><\/p>\n<p>\u00a0<\/p>\n","protected":false},"excerpt":{"rendered":"<p>Llevo muchos a\u00f1os yendo a Tolosa el llamado Viernes Flaco, jornada que coincide con el segundo d\u00eda de los afamados carnavales de esta poblaci\u00f3n que no oculta su vinculaci\u00f3n con la fiesta de los disfraces y las carrozas. Es la jornada m\u00e1s tranquila, algo as\u00ed como el descanso del guerrero tras la larga noche. Se [&hellip;]<\/p>\n","protected":false},"author":1,"featured_media":0,"comment_status":"closed","ping_status":"open","sticky":false,"template":"","format":"standard","meta":{"editor_plus_copied_stylings":"{}","_monsterinsights_skip_tracking":false,"footnotes":""},"categories":[11],"tags":[],"class_list":["post-5","post","type-post","status-publish","format-standard","hentry","category-gastronomia"],"aioseo_notices":[],"aioseo_head":"\n\t\t<!-- All in One SEO 5.0.0.1 - aioseo.com -->\n\t<meta name=\"description\" content=\"Llevo muchos a\u00f1os yendo a Tolosa el llamado Viernes Flaco, jornada que coincide con el segundo d\u00eda de los afamados carnavales de esta poblaci\u00f3n que no oculta su vinculaci\u00f3n con la fiesta de los disfraces y las carrozas. Es la jornada m\u00e1s tranquila, algo as\u00ed como el descanso del guerrero tras la larga noche. Se\" \/>\n\t<meta name=\"robots\" content=\"max-image-preview:large\" \/>\n\t<meta name=\"author\" content=\"I\u00f1aki de Mujika\"\/>\n\t<meta name=\"google-site-verification\" content=\"OqF6EAwritiAZRpCdqm7K8ePP_ZHngiUX4qiOwdV5ls\" \/>\n\t<link rel=\"canonical\" href=\"https:\/\/elbeaterio.es\/index.php\/2012\/02\/18\/un-viernes-con-alubias-de-tolosa\/\" \/>\n\t<meta name=\"generator\" content=\"All in One SEO (AIOSEO) 5.0.0.1\" \/>\n\t\t<meta property=\"og:locale\" content=\"es_ES\" \/>\n\t\t<meta property=\"og:site_name\" content=\"El Beaterio de I\u00f1aki de Mujika - Blog de I\u00f1aki de Mujika. Sus beaterios en Noticias de Gipuzkoa, las entrevistas, los programas de televisi\u00f3n &quot;Tiempo real&quot;, homenajes, etc.\" \/>\n\t\t<meta property=\"og:type\" content=\"article\" \/>\n\t\t<meta property=\"og:title\" content=\"Un viernes con alubias de Tolosa - El Beaterio de I\u00f1aki de Mujika\" \/>\n\t\t<meta property=\"og:description\" content=\"Llevo muchos a\u00f1os yendo a Tolosa el llamado Viernes Flaco, jornada que coincide con el segundo d\u00eda de los afamados carnavales de esta poblaci\u00f3n que no oculta su vinculaci\u00f3n con la fiesta de los disfraces y las carrozas. Es la jornada m\u00e1s tranquila, algo as\u00ed como el descanso del guerrero tras la larga noche. Se\" \/>\n\t\t<meta property=\"og:url\" content=\"https:\/\/elbeaterio.es\/index.php\/2012\/02\/18\/un-viernes-con-alubias-de-tolosa\/\" \/>\n\t\t<meta property=\"article:published_time\" content=\"2012-02-18T09:57:19+00:00\" \/>\n\t\t<meta property=\"article:modified_time\" content=\"2023-06-22T18:03:30+00:00\" \/>\n\t\t<meta name=\"twitter:card\" content=\"summary_large_image\" \/>\n\t\t<meta name=\"twitter:title\" content=\"Un viernes con alubias de Tolosa - El Beaterio de I\u00f1aki de Mujika\" \/>\n\t\t<meta name=\"twitter:description\" content=\"Llevo muchos a\u00f1os yendo a Tolosa el llamado Viernes Flaco, jornada que coincide con el segundo d\u00eda de los afamados carnavales de esta poblaci\u00f3n que no oculta su vinculaci\u00f3n con la fiesta de los disfraces y las carrozas. Es la jornada m\u00e1s tranquila, algo as\u00ed como el descanso del guerrero tras la larga noche. Se\" \/>\n\t\t<script type=\"application\/ld+json\" class=\"aioseo-schema\">\n\t\t\t{\"@context\":\"https:\\\/\\\/schema.org\",\"@graph\":[{\"@type\":\"BlogPosting\",\"@id\":\"https:\\\/\\\/elbeaterio.es\\\/index.php\\\/2012\\\/02\\\/18\\\/un-viernes-con-alubias-de-tolosa\\\/#blogposting\",\"name\":\"Un viernes con alubias de Tolosa - El Beaterio de I\\u00f1aki de Mujika\",\"headline\":\"Un viernes con alubias de Tolosa\",\"author\":{\"@id\":\"https:\\\/\\\/elbeaterio.es\\\/index.php\\\/author\\\/ceh-mujicagmail-com\\\/#author\"},\"publisher\":{\"@id\":\"https:\\\/\\\/elbeaterio.es\\\/#person\"},\"image\":{\"@type\":\"ImageObject\",\"@id\":\"https:\\\/\\\/elbeaterio.es\\\/index.php\\\/2012\\\/02\\\/18\\\/un-viernes-con-alubias-de-tolosa\\\/#articleImage\",\"url\":\"https:\\\/\\\/secure.gravatar.com\\\/avatar\\\/52e148bfb67d1f33983028b354e60f197561f893059a19708944b85230c274f9?s=96&d=mm&r=g\",\"width\":96,\"height\":96,\"caption\":\"I\\u00f1aki de Mujika\"},\"datePublished\":\"2012-02-18T09:57:19+02:00\",\"dateModified\":\"2023-06-22T20:03:30+02:00\",\"inLanguage\":\"es-ES\",\"mainEntityOfPage\":{\"@id\":\"https:\\\/\\\/elbeaterio.es\\\/index.php\\\/2012\\\/02\\\/18\\\/un-viernes-con-alubias-de-tolosa\\\/#webpage\"},\"isPartOf\":{\"@id\":\"https:\\\/\\\/elbeaterio.es\\\/index.php\\\/2012\\\/02\\\/18\\\/un-viernes-con-alubias-de-tolosa\\\/#webpage\"},\"articleSection\":\"A mesa puesta (2007-2014)\"},{\"@type\":\"BreadcrumbList\",\"@id\":\"https:\\\/\\\/elbeaterio.es\\\/index.php\\\/2012\\\/02\\\/18\\\/un-viernes-con-alubias-de-tolosa\\\/#breadcrumblist\",\"itemListElement\":[{\"@type\":\"ListItem\",\"@id\":\"https:\\\/\\\/elbeaterio.es#listItem\",\"position\":1,\"name\":\"Hogar\",\"item\":\"https:\\\/\\\/elbeaterio.es\",\"nextItem\":{\"@type\":\"ListItem\",\"@id\":\"https:\\\/\\\/elbeaterio.es\\\/index.php\\\/category\\\/temporadas-anteriores\\\/#listItem\",\"name\":\"Temporadas anteriores\"}},{\"@type\":\"ListItem\",\"@id\":\"https:\\\/\\\/elbeaterio.es\\\/index.php\\\/category\\\/temporadas-anteriores\\\/#listItem\",\"position\":2,\"name\":\"Temporadas anteriores\",\"item\":\"https:\\\/\\\/elbeaterio.es\\\/index.php\\\/category\\\/temporadas-anteriores\\\/\",\"nextItem\":{\"@type\":\"ListItem\",\"@id\":\"https:\\\/\\\/elbeaterio.es\\\/index.php\\\/category\\\/temporadas-anteriores\\\/gastronomia\\\/#listItem\",\"name\":\"A mesa puesta (2007-2014)\"},\"previousItem\":{\"@type\":\"ListItem\",\"@id\":\"https:\\\/\\\/elbeaterio.es#listItem\",\"name\":\"Hogar\"}},{\"@type\":\"ListItem\",\"@id\":\"https:\\\/\\\/elbeaterio.es\\\/index.php\\\/category\\\/temporadas-anteriores\\\/gastronomia\\\/#listItem\",\"position\":3,\"name\":\"A mesa puesta (2007-2014)\",\"item\":\"https:\\\/\\\/elbeaterio.es\\\/index.php\\\/category\\\/temporadas-anteriores\\\/gastronomia\\\/\",\"nextItem\":{\"@type\":\"ListItem\",\"@id\":\"https:\\\/\\\/elbeaterio.es\\\/index.php\\\/2012\\\/02\\\/18\\\/un-viernes-con-alubias-de-tolosa\\\/#listItem\",\"name\":\"Un viernes con alubias de Tolosa\"},\"previousItem\":{\"@type\":\"ListItem\",\"@id\":\"https:\\\/\\\/elbeaterio.es\\\/index.php\\\/category\\\/temporadas-anteriores\\\/#listItem\",\"name\":\"Temporadas anteriores\"}},{\"@type\":\"ListItem\",\"@id\":\"https:\\\/\\\/elbeaterio.es\\\/index.php\\\/2012\\\/02\\\/18\\\/un-viernes-con-alubias-de-tolosa\\\/#listItem\",\"position\":4,\"name\":\"Un viernes con alubias de Tolosa\",\"previousItem\":{\"@type\":\"ListItem\",\"@id\":\"https:\\\/\\\/elbeaterio.es\\\/index.php\\\/category\\\/temporadas-anteriores\\\/gastronomia\\\/#listItem\",\"name\":\"A mesa puesta (2007-2014)\"}}]},{\"@type\":\"Person\",\"@id\":\"https:\\\/\\\/elbeaterio.es\\\/#person\",\"name\":\"I\\u00f1aki de Mujika\",\"image\":{\"@type\":\"ImageObject\",\"@id\":\"https:\\\/\\\/elbeaterio.es\\\/index.php\\\/2012\\\/02\\\/18\\\/un-viernes-con-alubias-de-tolosa\\\/#personImage\",\"url\":\"https:\\\/\\\/secure.gravatar.com\\\/avatar\\\/52e148bfb67d1f33983028b354e60f197561f893059a19708944b85230c274f9?s=96&d=mm&r=g\",\"width\":96,\"height\":96,\"caption\":\"I\\u00f1aki de Mujika\"}},{\"@type\":\"Person\",\"@id\":\"https:\\\/\\\/elbeaterio.es\\\/index.php\\\/author\\\/ceh-mujicagmail-com\\\/#author\",\"url\":\"https:\\\/\\\/elbeaterio.es\\\/index.php\\\/author\\\/ceh-mujicagmail-com\\\/\",\"name\":\"I\\u00f1aki de Mujika\",\"image\":{\"@type\":\"ImageObject\",\"@id\":\"https:\\\/\\\/elbeaterio.es\\\/index.php\\\/2012\\\/02\\\/18\\\/un-viernes-con-alubias-de-tolosa\\\/#authorImage\",\"url\":\"https:\\\/\\\/secure.gravatar.com\\\/avatar\\\/52e148bfb67d1f33983028b354e60f197561f893059a19708944b85230c274f9?s=96&d=mm&r=g\",\"width\":96,\"height\":96,\"caption\":\"I\\u00f1aki de Mujika\"}},{\"@type\":\"WebPage\",\"@id\":\"https:\\\/\\\/elbeaterio.es\\\/index.php\\\/2012\\\/02\\\/18\\\/un-viernes-con-alubias-de-tolosa\\\/#webpage\",\"url\":\"https:\\\/\\\/elbeaterio.es\\\/index.php\\\/2012\\\/02\\\/18\\\/un-viernes-con-alubias-de-tolosa\\\/\",\"name\":\"Un viernes con alubias de Tolosa - El Beaterio de I\\u00f1aki de Mujika\",\"description\":\"Llevo muchos a\\u00f1os yendo a Tolosa el llamado Viernes Flaco, jornada que coincide con el segundo d\\u00eda de los afamados carnavales de esta poblaci\\u00f3n que no oculta su vinculaci\\u00f3n con la fiesta de los disfraces y las carrozas. Es la jornada m\\u00e1s tranquila, algo as\\u00ed como el descanso del guerrero tras la larga noche. Se\",\"inLanguage\":\"es-ES\",\"isPartOf\":{\"@id\":\"https:\\\/\\\/elbeaterio.es\\\/#website\"},\"breadcrumb\":{\"@id\":\"https:\\\/\\\/elbeaterio.es\\\/index.php\\\/2012\\\/02\\\/18\\\/un-viernes-con-alubias-de-tolosa\\\/#breadcrumblist\"},\"author\":{\"@id\":\"https:\\\/\\\/elbeaterio.es\\\/index.php\\\/author\\\/ceh-mujicagmail-com\\\/#author\"},\"creator\":{\"@id\":\"https:\\\/\\\/elbeaterio.es\\\/index.php\\\/author\\\/ceh-mujicagmail-com\\\/#author\"},\"datePublished\":\"2012-02-18T09:57:19+02:00\",\"dateModified\":\"2023-06-22T20:03:30+02:00\"},{\"@type\":\"WebSite\",\"@id\":\"https:\\\/\\\/elbeaterio.es\\\/#website\",\"url\":\"https:\\\/\\\/elbeaterio.es\\\/\",\"name\":\"El Beaterio de I\\u00f1aki de Mujika\",\"alternateName\":\"elbeaterio.es\",\"description\":\"Blog de I\\u00f1aki de Mujika. Sus beaterios en Noticias de Gipuzkoa, las entrevistas, los programas de televisi\\u00f3n \\\"Tiempo real\\\", homenajes, etc.\",\"inLanguage\":\"es-ES\",\"publisher\":{\"@id\":\"https:\\\/\\\/elbeaterio.es\\\/#person\"}}]}\n\t\t<\/script>\n\t\t<!-- All in One SEO -->\n\n","aioseo_head_json":{"title":"Un viernes con alubias de Tolosa - El Beaterio de I\u00f1aki de Mujika","description":"Llevo muchos a\u00f1os yendo a Tolosa el llamado Viernes Flaco, jornada que coincide con el segundo d\u00eda de los afamados carnavales de esta poblaci\u00f3n que no oculta su vinculaci\u00f3n con la fiesta de los disfraces y las carrozas. Es la jornada m\u00e1s tranquila, algo as\u00ed como el descanso del guerrero tras la larga noche. Se","canonical_url":"https:\/\/elbeaterio.es\/index.php\/2012\/02\/18\/un-viernes-con-alubias-de-tolosa\/","robots":"max-image-preview:large","keywords":"","webmasterTools":{"google-site-verification":"OqF6EAwritiAZRpCdqm7K8ePP_ZHngiUX4qiOwdV5ls","miscellaneous":""},"schema":{"@context":"https:\/\/schema.org","@graph":[{"@type":"BlogPosting","@id":"https:\/\/elbeaterio.es\/index.php\/2012\/02\/18\/un-viernes-con-alubias-de-tolosa\/#blogposting","name":"Un viernes con alubias de Tolosa - El Beaterio de I\u00f1aki de Mujika","headline":"Un viernes con alubias de Tolosa","author":{"@id":"https:\/\/elbeaterio.es\/index.php\/author\/ceh-mujicagmail-com\/#author"},"publisher":{"@id":"https:\/\/elbeaterio.es\/#person"},"image":{"@type":"ImageObject","@id":"https:\/\/elbeaterio.es\/index.php\/2012\/02\/18\/un-viernes-con-alubias-de-tolosa\/#articleImage","url":"https:\/\/secure.gravatar.com\/avatar\/52e148bfb67d1f33983028b354e60f197561f893059a19708944b85230c274f9?s=96&d=mm&r=g","width":96,"height":96,"caption":"I\u00f1aki de Mujika"},"datePublished":"2012-02-18T09:57:19+02:00","dateModified":"2023-06-22T20:03:30+02:00","inLanguage":"es-ES","mainEntityOfPage":{"@id":"https:\/\/elbeaterio.es\/index.php\/2012\/02\/18\/un-viernes-con-alubias-de-tolosa\/#webpage"},"isPartOf":{"@id":"https:\/\/elbeaterio.es\/index.php\/2012\/02\/18\/un-viernes-con-alubias-de-tolosa\/#webpage"},"articleSection":"A mesa puesta (2007-2014)"},{"@type":"BreadcrumbList","@id":"https:\/\/elbeaterio.es\/index.php\/2012\/02\/18\/un-viernes-con-alubias-de-tolosa\/#breadcrumblist","itemListElement":[{"@type":"ListItem","@id":"https:\/\/elbeaterio.es#listItem","position":1,"name":"Hogar","item":"https:\/\/elbeaterio.es","nextItem":{"@type":"ListItem","@id":"https:\/\/elbeaterio.es\/index.php\/category\/temporadas-anteriores\/#listItem","name":"Temporadas anteriores"}},{"@type":"ListItem","@id":"https:\/\/elbeaterio.es\/index.php\/category\/temporadas-anteriores\/#listItem","position":2,"name":"Temporadas anteriores","item":"https:\/\/elbeaterio.es\/index.php\/category\/temporadas-anteriores\/","nextItem":{"@type":"ListItem","@id":"https:\/\/elbeaterio.es\/index.php\/category\/temporadas-anteriores\/gastronomia\/#listItem","name":"A mesa puesta (2007-2014)"},"previousItem":{"@type":"ListItem","@id":"https:\/\/elbeaterio.es#listItem","name":"Hogar"}},{"@type":"ListItem","@id":"https:\/\/elbeaterio.es\/index.php\/category\/temporadas-anteriores\/gastronomia\/#listItem","position":3,"name":"A mesa puesta (2007-2014)","item":"https:\/\/elbeaterio.es\/index.php\/category\/temporadas-anteriores\/gastronomia\/","nextItem":{"@type":"ListItem","@id":"https:\/\/elbeaterio.es\/index.php\/2012\/02\/18\/un-viernes-con-alubias-de-tolosa\/#listItem","name":"Un viernes con alubias de Tolosa"},"previousItem":{"@type":"ListItem","@id":"https:\/\/elbeaterio.es\/index.php\/category\/temporadas-anteriores\/#listItem","name":"Temporadas anteriores"}},{"@type":"ListItem","@id":"https:\/\/elbeaterio.es\/index.php\/2012\/02\/18\/un-viernes-con-alubias-de-tolosa\/#listItem","position":4,"name":"Un viernes con alubias de Tolosa","previousItem":{"@type":"ListItem","@id":"https:\/\/elbeaterio.es\/index.php\/category\/temporadas-anteriores\/gastronomia\/#listItem","name":"A mesa puesta (2007-2014)"}}]},{"@type":"Person","@id":"https:\/\/elbeaterio.es\/#person","name":"I\u00f1aki de Mujika","image":{"@type":"ImageObject","@id":"https:\/\/elbeaterio.es\/index.php\/2012\/02\/18\/un-viernes-con-alubias-de-tolosa\/#personImage","url":"https:\/\/secure.gravatar.com\/avatar\/52e148bfb67d1f33983028b354e60f197561f893059a19708944b85230c274f9?s=96&d=mm&r=g","width":96,"height":96,"caption":"I\u00f1aki de Mujika"}},{"@type":"Person","@id":"https:\/\/elbeaterio.es\/index.php\/author\/ceh-mujicagmail-com\/#author","url":"https:\/\/elbeaterio.es\/index.php\/author\/ceh-mujicagmail-com\/","name":"I\u00f1aki de Mujika","image":{"@type":"ImageObject","@id":"https:\/\/elbeaterio.es\/index.php\/2012\/02\/18\/un-viernes-con-alubias-de-tolosa\/#authorImage","url":"https:\/\/secure.gravatar.com\/avatar\/52e148bfb67d1f33983028b354e60f197561f893059a19708944b85230c274f9?s=96&d=mm&r=g","width":96,"height":96,"caption":"I\u00f1aki de Mujika"}},{"@type":"WebPage","@id":"https:\/\/elbeaterio.es\/index.php\/2012\/02\/18\/un-viernes-con-alubias-de-tolosa\/#webpage","url":"https:\/\/elbeaterio.es\/index.php\/2012\/02\/18\/un-viernes-con-alubias-de-tolosa\/","name":"Un viernes con alubias de Tolosa - El Beaterio de I\u00f1aki de Mujika","description":"Llevo muchos a\u00f1os yendo a Tolosa el llamado Viernes Flaco, jornada que coincide con el segundo d\u00eda de los afamados carnavales de esta poblaci\u00f3n que no oculta su vinculaci\u00f3n con la fiesta de los disfraces y las carrozas. Es la jornada m\u00e1s tranquila, algo as\u00ed como el descanso del guerrero tras la larga noche. Se","inLanguage":"es-ES","isPartOf":{"@id":"https:\/\/elbeaterio.es\/#website"},"breadcrumb":{"@id":"https:\/\/elbeaterio.es\/index.php\/2012\/02\/18\/un-viernes-con-alubias-de-tolosa\/#breadcrumblist"},"author":{"@id":"https:\/\/elbeaterio.es\/index.php\/author\/ceh-mujicagmail-com\/#author"},"creator":{"@id":"https:\/\/elbeaterio.es\/index.php\/author\/ceh-mujicagmail-com\/#author"},"datePublished":"2012-02-18T09:57:19+02:00","dateModified":"2023-06-22T20:03:30+02:00"},{"@type":"WebSite","@id":"https:\/\/elbeaterio.es\/#website","url":"https:\/\/elbeaterio.es\/","name":"El Beaterio de I\u00f1aki de Mujika","alternateName":"elbeaterio.es","description":"Blog de I\u00f1aki de Mujika. Sus beaterios en Noticias de Gipuzkoa, las entrevistas, los programas de televisi\u00f3n \"Tiempo real\", homenajes, etc.","inLanguage":"es-ES","publisher":{"@id":"https:\/\/elbeaterio.es\/#person"}}]},"og:locale":"es_ES","og:site_name":"El Beaterio de I\u00f1aki de Mujika - Blog de I\u00f1aki de Mujika. Sus beaterios en Noticias de Gipuzkoa, las entrevistas, los programas de televisi\u00f3n &quot;Tiempo real&quot;, homenajes, etc.","og:type":"article","og:title":"Un viernes con alubias de Tolosa - El Beaterio de I\u00f1aki de Mujika","og:description":"Llevo muchos a\u00f1os yendo a Tolosa el llamado Viernes Flaco, jornada que coincide con el segundo d\u00eda de los afamados carnavales de esta poblaci\u00f3n que no oculta su vinculaci\u00f3n con la fiesta de los disfraces y las carrozas. Es la jornada m\u00e1s tranquila, algo as\u00ed como el descanso del guerrero tras la larga noche. Se","og:url":"https:\/\/elbeaterio.es\/index.php\/2012\/02\/18\/un-viernes-con-alubias-de-tolosa\/","article:published_time":"2012-02-18T09:57:19+00:00","article:modified_time":"2023-06-22T18:03:30+00:00","twitter:card":"summary_large_image","twitter:title":"Un viernes con alubias de Tolosa - El Beaterio de I\u00f1aki de Mujika","twitter:description":"Llevo muchos a\u00f1os yendo a Tolosa el llamado Viernes Flaco, jornada que coincide con el segundo d\u00eda de los afamados carnavales de esta poblaci\u00f3n que no oculta su vinculaci\u00f3n con la fiesta de los disfraces y las carrozas. Es la jornada m\u00e1s tranquila, algo as\u00ed como el descanso del guerrero tras la larga noche. Se"},"aioseo_meta_data":{"post_id":"5","title":null,"description":null,"keywords":null,"keyphrases":null,"primary_term":null,"canonical_url":null,"og_title":null,"og_description":null,"og_object_type":"default","og_image_type":"default","og_image_url":null,"og_image_width":null,"og_image_height":null,"og_image_custom_url":null,"og_image_custom_fields":null,"og_video":null,"og_custom_url":null,"og_article_section":null,"og_article_tags":null,"twitter_use_og":false,"twitter_card":"default","twitter_image_type":"default","twitter_image_url":null,"twitter_image_custom_url":null,"twitter_image_custom_fields":null,"twitter_title":null,"twitter_description":null,"schema":{"blockGraphs":[],"customGraphs":[],"default":{"data":{"Article":[],"Course":[],"Dataset":[],"FAQPage":[],"Movie":[],"Person":[],"Product":[],"ProductReview":[],"Car":[],"Recipe":[],"Service":[],"SoftwareApplication":[],"WebPage":[]},"graphName":"","isEnabled":true},"graphs":[]},"schema_type":"default","schema_type_options":null,"pillar_content":false,"robots_default":true,"robots_noindex":false,"robots_noarchive":false,"robots_nosnippet":false,"robots_nofollow":false,"robots_noimageindex":false,"robots_noodp":false,"robots_notranslate":false,"robots_max_snippet":null,"robots_max_videopreview":null,"robots_max_imagepreview":"large","priority":null,"frequency":null,"local_seo":null,"breadcrumb_settings":null,"limit_modified_date":false,"ai":null,"created":"2024-11-16 16:38:22","updated":"2025-06-04 03:01:12","seo_analyzer_scan_date":null,"focus_keyword":null,"additional_keywords":null,"truseo_locale":null},"aioseo_breadcrumb":"<div class=\"aioseo-breadcrumbs\"><span class=\"aioseo-breadcrumb\">\n\t\t\t<a href=\"https:\/\/elbeaterio.es\" title=\"Hogar\">Hogar<\/a>\n\t\t<\/span><span class=\"aioseo-breadcrumb-separator\">&raquo;<\/span><span class=\"aioseo-breadcrumb\">\n\t\t\t<a href=\"https:\/\/elbeaterio.es\/index.php\/category\/temporadas-anteriores\/\" title=\"Temporadas anteriores\">Temporadas anteriores<\/a>\n\t\t<\/span><span class=\"aioseo-breadcrumb-separator\">&raquo;<\/span><span class=\"aioseo-breadcrumb\">\n\t\t\t<a href=\"https:\/\/elbeaterio.es\/index.php\/category\/temporadas-anteriores\/gastronomia\/\" title=\"A mesa puesta (2007-2014)\">A mesa puesta (2007-2014)<\/a>\n\t\t<\/span><span class=\"aioseo-breadcrumb-separator\">&raquo;<\/span><span class=\"aioseo-breadcrumb\">\n\t\t\tUn viernes con alubias de Tolosa\n\t\t<\/span><\/div>","aioseo_breadcrumb_json":[{"label":"Hogar","link":"https:\/\/elbeaterio.es"},{"label":"Temporadas anteriores","link":"https:\/\/elbeaterio.es\/index.php\/category\/temporadas-anteriores\/"},{"label":"A mesa puesta (2007-2014)","link":"https:\/\/elbeaterio.es\/index.php\/category\/temporadas-anteriores\/gastronomia\/"},{"label":"Un viernes con alubias de Tolosa","link":"https:\/\/elbeaterio.es\/index.php\/2012\/02\/18\/un-viernes-con-alubias-de-tolosa\/"}],"_links":{"self":[{"href":"https:\/\/elbeaterio.es\/index.php\/wp-json\/wp\/v2\/posts\/5","targetHints":{"allow":["GET"]}}],"collection":[{"href":"https:\/\/elbeaterio.es\/index.php\/wp-json\/wp\/v2\/posts"}],"about":[{"href":"https:\/\/elbeaterio.es\/index.php\/wp-json\/wp\/v2\/types\/post"}],"author":[{"embeddable":true,"href":"https:\/\/elbeaterio.es\/index.php\/wp-json\/wp\/v2\/users\/1"}],"replies":[{"embeddable":true,"href":"https:\/\/elbeaterio.es\/index.php\/wp-json\/wp\/v2\/comments?post=5"}],"version-history":[{"count":1,"href":"https:\/\/elbeaterio.es\/index.php\/wp-json\/wp\/v2\/posts\/5\/revisions"}],"predecessor-version":[{"id":2115,"href":"https:\/\/elbeaterio.es\/index.php\/wp-json\/wp\/v2\/posts\/5\/revisions\/2115"}],"wp:attachment":[{"href":"https:\/\/elbeaterio.es\/index.php\/wp-json\/wp\/v2\/media?parent=5"}],"wp:term":[{"taxonomy":"category","embeddable":true,"href":"https:\/\/elbeaterio.es\/index.php\/wp-json\/wp\/v2\/categories?post=5"},{"taxonomy":"post_tag","embeddable":true,"href":"https:\/\/elbeaterio.es\/index.php\/wp-json\/wp\/v2\/tags?post=5"}],"curies":[{"name":"wp","href":"https:\/\/api.w.org\/{rel}","templated":true}]}}