{"id":7343,"date":"2018-09-16T04:00:00","date_gmt":"2018-09-16T02:00:00","guid":{"rendered":"https:\/\/elbeaterio.es\/?p=7343"},"modified":"2025-05-24T21:37:37","modified_gmt":"2025-05-24T19:37:37","slug":"de-un-grande-a-otro-grande","status":"publish","type":"post","link":"https:\/\/elbeaterio.es\/index.php\/2018\/09\/16\/de-un-grande-a-otro-grande\/","title":{"rendered":"\u00a1De un grande, a otro grande!"},"content":{"rendered":"\n<p class=\"has-gridlove-meta-color has-text-color has-link-color eplus-wrapper wp-elements-0e0242e13681e3c71be7a4c872023b20\">Real Sociedad 1 &#8211; FC Barcelona 2 (Jornada 4 | s\u00e1b, 15\/09\/18 | 16:15H)<\/p>\n\n\n\n<p class=\" eplus-wrapper\">Hace unos meses, al final de la pasada temporada, se juntaron un grupo de deportistas de distintas modalidades. J\u00f3venes, en activo y profesionales. Unos diez. Se trataba de comer y hablar de todo menos de f\u00fatbol y lesiones. Entre los comensales se encontraba Imanol Agirretxe. Pas\u00f3 un rato entretenido, sintiendo el cari\u00f1o de quienes compart\u00edan men\u00fa con \u00e9l y descubriendo el mundo de cada uno de ellos. El pasado martes acept\u00e9 la invitaci\u00f3n de la Real Sociedad a los medios para conocer in situ el estado del estadio. Sent\u00eda curiosidad por ver de cerca todo lo que nos han ido comentando en los \u00faltimos meses. \u00a1D\u00f3nde est\u00e1bamos y d\u00f3nde estamos! El campo sin pistas de atletismo, por el que apost\u00e9 desde el primer minuto, es hoy una catarsis. La purificaci\u00f3n de quien ha convivido tantos a\u00f1os con lo que ni quer\u00eda ni le hac\u00eda falta.<\/p>\n\n\n\n<p class=\" eplus-wrapper\">En las amplias explicaciones que nos ofrecieron, hubo un momento para el delantero de Usurbil y para los proleg\u00f3menos en los que el presidente le impon\u00eda la insignia de oro y brillantes, solo destinada a los m\u00e1s grandes, m\u00e1s all\u00e1 del juego y de los resultados. S\u00e9 que los d\u00edas previos al acto, los deportistas se agobian por los mensajes, las llamadas, las entrevistas, los compromisos formales, etc. Tengo por costumbre dejarles en paz hasta que todo vuelve a su cauce natural.<\/p>\n\n\n\n<p class=\" eplus-wrapper\">No pensaba comunicar con \u00e9l, pero el mi\u00e9rcoles me env\u00edo un whatsapp. Quer\u00eda felicitar a un remero de Hondarribia que estaba en aquella mesa. Los deportistas se entienden f\u00e1cilmente entre ellos. Se f\u00edan y hacen frente com\u00fan desde la confianza. Hay vida m\u00e1s all\u00e1 del bal\u00f3n. Imanol es oriotarra y no lo oculta. Viste de amarillo cuando su trainera compite y acude cuando puede a apoyar a los suyos. No ganaron y seguro que se llev\u00f3 un disgusto, pero se acord\u00f3 de aquel chaval que consegu\u00eda por primera vez en su vida la preciada bandera en la bah\u00eda. Le pas\u00e9 el tel\u00e9fono y hasta aqu\u00ed puedo contar.<\/p>\n\n\n\n<p class=\" eplus-wrapper\">Aprovech\u00e9 el cruce de mensajes para escribirle &#8220;Espero que Messi te d\u00e9 un abrazo. De grande, a grande&#8221;. Tuve respuesta, pero pertenece al obligado respeto de la relaci\u00f3n. Como sucede en estos casos, suelo estar muy atento a los comportamientos, a los detalles, a las respuestas que dan unos y otros, porque no est\u00e1n acostumbrados ni a la parafernalia, ni al post\u00edn de estos actos. Imanol est\u00e1 justo en la otra parte. Lejos del foco, aunque ayer le apuntaban todos. Sabe de sobra que la gente le quiere y ese es el mejor regalo que se lleva de una grada entregada. Como hice el d\u00eda de la rueda de prensa, me puse de pie para aplaudir.<\/p>\n\n\n\n<p class=\" eplus-wrapper\">Sali\u00f3, miro alrededor, se encontr\u00f3 con Jes\u00fas Satrustegi, el esteta del gol y el l\u00edder de la estad\u00edstica rematadora en clave txuri-urdin. Recibi\u00f3 el recuerdo de manos de Aperribay y Messi se adelant\u00f3 desde la fila de su equipo con un presente y un abrazo. Era lo que me apetec\u00eda ver. Una foto que d\u00e9 la vuelta al mundo para que sepan todos que los protagonistas de la instant\u00e1nea son muy grandes, cada uno a su manera y en su estilo. Luego, el gol desde cerca, para no fallar y evitar un tir\u00f3n, y el p\u00fablico entregado en una despedida colosal. Por cierto, gracias al \u00e1rbitro por permitir que eso sucediera. El tanto a puerta vac\u00eda fue una especie de anticipo de lo que luego iba a suceder. Los tres goles del partido en la misma porter\u00eda. Me gust\u00f3 mucho m\u00e1s el de Elustondo. \u00a1Qu\u00e9 bien, Aritz!<\/p>\n\n\n\n<p class=\" eplus-wrapper\">Para ganar a un equipo como el catal\u00e1n, debes jugar casi perfecto. Lo hicimos en el primer tiempo, en donde incluso la ventaja del tanto inicial pudo ampliarse, pero los porteros, cuando juegan para bien, deciden. Ter Stegen salv\u00f3 un bal\u00f3n de oro, y luego, tras el descanso, tambi\u00e9n. La Real trataba de defender el bot\u00edn de la conquista, pero le falt\u00f3 contundencia en tres minutos dolorosos en los que el contrario se aprovech\u00f3 de los errores. Por un momento record\u00e9 a Sarita Montiel interpretando El polichinela, en la estrofa que dec\u00eda &#8220;como los mu\u00f1ecos en el pim, pam, pum&#8221;.<\/p>\n\n\n\n<p class=\" eplus-wrapper\">En un santiam\u00e9n se nos fue el esfuerzo al garete y los puntos al limbo. La entrada de Merino, Bautista y Sangalli lo revolucion\u00f3 todo de nuevo, pero nos falt\u00f3 el acierto en las jugadas de gol que se crearon. Me gust\u00f3 el equipo. Mucho. Sin embargo, s\u00e9 que vivimos de los puntos y nos faltan, pero a un grupo que acumula tantos lesionados de importancia en sus filas, poco hay que reprocharle cuando, como ayer, lo da todo. Ni un solo pero que ponerle al colectivo. En lo individual, es al entrenador a quien corresponde esa tarea.<\/p>\n\n\n\n<p class=\" eplus-wrapper\">El recuerdo de Aitor Zabaleta, el agur de Imanol, el p\u00fablico entregado y enfervorizado, los jugadores y su entorno, merec\u00edan un premio mejor que la derrota. Anoeta fue un clamor y es tal la diferencia en los decibelios que da pena pensar en todo lo que nos hemos dejado en el camino. Todo impresion\u00f3. Tanta gente joven en las gradas, tantos aficionados entregados, tanta camiseta con Agirretxe escrito en la espalda, tanto 9, tanta ilusi\u00f3n desde el pitido inicial, constituyen un valor digno de orgullo.<\/p>\n\n\n\n<p class=\" eplus-wrapper\">La fiesta pudo salir redonda, pero nos faltaron un puntito de fortuna, el acierto en los momentos decisivos y la contundencia cuando m\u00e1s se necesita. Justo lo que encontr\u00f3 el contrario. Valverde decidi\u00f3 un equipo y lo cambi\u00f3. Se dio cuenta de que llevaban mal camino. Se avecinaba tormenta. Busquets es insustituible y Coutinho un cheque al portador. En eso, obviamente, nos ganan. M\u00e1s capital, mejores jugadores. Pese a ello, me sigo quedando con los grandes. Los nuestros.<\/p>\n","protected":false},"excerpt":{"rendered":"<p>Real Sociedad 1 &#8211; FC Barcelona 2 (Jornada 4 | s\u00e1b, 15\/09\/18 | 16:15H) Hace unos meses, al final de la pasada temporada, se juntaron un grupo de deportistas de distintas modalidades. J\u00f3venes, en activo y profesionales. Unos diez. Se trataba de comer y hablar de todo menos de f\u00fatbol y lesiones. Entre los comensales [&hellip;]<\/p>\n","protected":false},"author":1,"featured_media":7216,"comment_status":"closed","ping_status":"open","sticky":false,"template":"","format":"standard","meta":{"editor_plus_copied_stylings":"{}","_monsterinsights_skip_tracking":false,"_monsterinsights_sitenote_active":false,"_monsterinsights_sitenote_note":"","_monsterinsights_sitenote_category":0,"footnotes":""},"categories":[55],"tags":[],"class_list":["post-7343","post","type-post","status-publish","format-standard","has-post-thumbnail","hentry","category-beaterios-2018-2019"],"aioseo_notices":[],"_links":{"self":[{"href":"https:\/\/elbeaterio.es\/index.php\/wp-json\/wp\/v2\/posts\/7343","targetHints":{"allow":["GET"]}}],"collection":[{"href":"https:\/\/elbeaterio.es\/index.php\/wp-json\/wp\/v2\/posts"}],"about":[{"href":"https:\/\/elbeaterio.es\/index.php\/wp-json\/wp\/v2\/types\/post"}],"author":[{"embeddable":true,"href":"https:\/\/elbeaterio.es\/index.php\/wp-json\/wp\/v2\/users\/1"}],"replies":[{"embeddable":true,"href":"https:\/\/elbeaterio.es\/index.php\/wp-json\/wp\/v2\/comments?post=7343"}],"version-history":[{"count":1,"href":"https:\/\/elbeaterio.es\/index.php\/wp-json\/wp\/v2\/posts\/7343\/revisions"}],"predecessor-version":[{"id":7344,"href":"https:\/\/elbeaterio.es\/index.php\/wp-json\/wp\/v2\/posts\/7343\/revisions\/7344"}],"wp:featuredmedia":[{"embeddable":true,"href":"https:\/\/elbeaterio.es\/index.php\/wp-json\/wp\/v2\/media\/7216"}],"wp:attachment":[{"href":"https:\/\/elbeaterio.es\/index.php\/wp-json\/wp\/v2\/media?parent=7343"}],"wp:term":[{"taxonomy":"category","embeddable":true,"href":"https:\/\/elbeaterio.es\/index.php\/wp-json\/wp\/v2\/categories?post=7343"},{"taxonomy":"post_tag","embeddable":true,"href":"https:\/\/elbeaterio.es\/index.php\/wp-json\/wp\/v2\/tags?post=7343"}],"curies":[{"name":"wp","href":"https:\/\/api.w.org\/{rel}","templated":true}]}}