{"id":7406,"date":"2017-10-15T04:00:00","date_gmt":"2017-10-15T02:00:00","guid":{"rendered":"https:\/\/elbeaterio.es\/?p=7406"},"modified":"2025-05-25T12:13:04","modified_gmt":"2025-05-25T10:13:04","slug":"a-vueltas-con-los-estilos","status":"publish","type":"post","link":"https:\/\/elbeaterio.es\/index.php\/2017\/10\/15\/a-vueltas-con-los-estilos\/","title":{"rendered":"A vueltas con los estilos"},"content":{"rendered":"\n<p class=\"has-gridlove-meta-color has-text-color has-link-color eplus-wrapper wp-elements-f1584ec5cf738cbe2662327f7542b150\">Deportivo Alav\u00e9s 0 &#8211; Real Sociedad 2 (Jornada 8 | s\u00e1b, 14\/10\/17 | 18:30H)<\/p>\n\n\n\n<p class=\" eplus-wrapper\">Mientras la memoria no falle, ser\u00e1 imposible olvidar aquel partido de Mendizorroza. No me refiero al de pedir perd\u00f3n por meterles un gol, ni al de abandonarnos a nuestra suerte poco tiempo despu\u00e9s, entre falso y cort\u00e9s. \u00a1No! Es obvio que en la mente de todos nosotros figura como un marteau pilon aquel 3-2 con el que nos quedamos una temporada m\u00e1s en Segunda Divisi\u00f3n.<\/p>\n\n\n\n<p class=\" eplus-wrapper\">El pr\u00f3ximo junio har\u00e1 diez a\u00f1os del momento. M\u00e1s de cuatro mil entusiastas y esperanzados seguidores acudieron a la cita. El equipo les necesitaba. D\u00edaz de Cerio y Delibasic marcaron los tantos de la ventaja con la que se lleg\u00f3 al minuto noventa. Uno de los Teixeira Vitienes miraba al reloj, est\u00e1bamos en la prolongaci\u00f3n. Y as\u00ed, sin enterarnos, cayeron dos seguidos. Jairo \u00c1lvarez y Toni Moral nos clavaron un rej\u00f3n de tal magnitud que fue imposible calcular la trascendencia de aquella derrota. Lo mismo que de la victoria local, porque la remontada concluy\u00f3 con algarab\u00eda general de la grada, invasi\u00f3n de campo incluida y pitido final del partido en el t\u00fanel de vestuarios.<\/p>\n\n\n\n<p class=\" eplus-wrapper\">En el tiempo transcurrido desde entonces, me han preguntado una y mil veces qu\u00e9 hubiera pasado si el equipo llega a ascender en aquel momento. Posiblemente, nada parecido a lo que hemos vivido en la \u00faltima d\u00e9cada. Entonces hab\u00eda un consejo y unos consejeros que hab\u00edan elegido el camino que consideraban oportuno para la entidad. Un ascenso, el retorno a Primera, hubiera supuesto la consolidaci\u00f3n de la idea. Cuesti\u00f3n de estilo.<\/p>\n\n\n\n<p class=\" eplus-wrapper\">No fue as\u00ed. Seis meses m\u00e1s tarde, en una junta de accionistas tambi\u00e9n inolvidable, el capital decidi\u00f3 el cambio de tim\u00f3n. La nave pas\u00f3 a otras manos y hasta aqu\u00ed hemos llegado. Por eso, nos quedar\u00e1 siempre la duda de qu\u00e9 hubiera sucedido si aquella aciaga tarde concluye con el ascenso de Lillo y los suyos a Primera. La historia se escribe con los trazos de quien decide. No cab\u00edan aquel d\u00eda ni ama\u00f1os, ni componendas, ni primas a terceros&#8230;nada, porque el Alav\u00e9s se jugaba el descenso a Segunda B. Ese a\u00f1o se salvaron.<\/p>\n\n\n\n<p class=\" eplus-wrapper\">Luego, perdieron la categor\u00eda, la recuperaron, cambiaron de propietarios, le dieron la vuelta y defienden plaza en Primera. No les tiembla la mano a la hora de adoptar decisiones. Estamos en mitad de octubre y han cesado a los dos primeros entrenadores de la entidad. El equipo de Tercera prescinde del o\u00f1atiarra Aitor Orueta y la primera plantilla habla italiano tras la salida forzosa del argentino Zubeld\u00eda. Pim, pam, pum. Por lo visto ayer, hay trabajo.<\/p>\n\n\n\n<p class=\" eplus-wrapper\">Antes del duelo, bailaban por la azotea de mi cuerpo todas estas ideas, tortuosos recuerdos, desencuentros, desafecciones, disgustos y la sensaci\u00f3n de que nunca cualquier tiempo pasado fue mejor. Al menos, en Mendizorroza. Como los recuerdos no dan puntos, tocaba de nuevo armarse de valor, agotar las entradas a disposici\u00f3n, viajar con las ilusiones enteras y desear que el equipo recuperase el buen tono inicial del campeonato. Felizmente, los goles de Oyarzabal y Elustondo se celebraron en la esquina visitante con fervor y entusiasmo. \u00a1Por fin!<\/p>\n\n\n\n<p class=\" eplus-wrapper\">Se trataba tambi\u00e9n de saber si estos quince d\u00edas que llaman de par\u00f3n nos hab\u00edan servido para ajustar (ese verbo divino que se instala y revolotea en las ruedas de prensa) lo desajustado y el equipo dejaba de encajar goles con la misma facilidad que Marc M\u00e1rquez gana la pole. Como el calendario ahora se oprime como un cors\u00e9, necesitamos salir con vida de un mont\u00f3n de partidos en los que todo har\u00e1 falta. Afrontarlos y sacarlos adelante vendr\u00e1 bien para aparcar los malos pensamientos y sembrar de dudas el camino.<\/p>\n\n\n\n<p class=\" eplus-wrapper\">El partido ante los alavesistas en nada se pareci\u00f3 al del Betis, entre otras cosas porque las propuestas de Gianni de Biasi y Quique Seti\u00e9n se parecen como un le\u00f3n a un elefante. Los locales defendieron y defendieron, casi siempre con todos detr\u00e1s del bal\u00f3n. No era f\u00e1cil derribar los muros. Mucho menos a ritmo de procesi\u00f3n. El primer tiempo fue catat\u00f3nico y el segundo m\u00e1s o menos parecido. Sucede que cuando llegan los goles todo se alborota. En cuatro minutos cambi\u00f3 el decorado. Oyarzabal y Elustondo, dos chavales que enamoran, pusieron al servicio del colectivo la t\u00e9cnica y el coraz\u00f3n. Distintos estilos, pero igual de eficaces al mismo tiempo.<\/p>\n\n\n\n<p class=\" eplus-wrapper\">El partido cambi\u00f3 en un santiam\u00e9n. El cuadro vitoriano se encontr\u00f3 con una losa sobre su ilusi\u00f3n y sin fuerzas para seguir peleando. Atr\u00e1s quedaba un enorme derroche f\u00edsico en la contenci\u00f3n, pero nulo en creatividad y remate. No es normal que un equipo, jugando en casa, no chute a puerta entre los tres palos ni una sola vez. Eso dec\u00edan las contundentes estad\u00edsticas al final del partido. No fue una cita espectacular, ni el mejor match de los de Eusebio, pero dejar la puerta a cero, sumar tres puntos y cambiar la din\u00e1mica (ese sustantivo que tambi\u00e9n se instala y revolotea en las ruedas de prensa) devuelve la calma por encima del modo o estilo con el que todo se consigue.<\/p>\n","protected":false},"excerpt":{"rendered":"<p>Deportivo Alav\u00e9s 0 &#8211; Real Sociedad 2 (Jornada 8 | s\u00e1b, 14\/10\/17 | 18:30H) Mientras la memoria no falle, ser\u00e1 imposible olvidar aquel partido de Mendizorroza. No me refiero al de pedir perd\u00f3n por meterles un gol, ni al de abandonarnos a nuestra suerte poco tiempo despu\u00e9s, entre falso y cort\u00e9s. \u00a1No! Es obvio que [&hellip;]<\/p>\n","protected":false},"author":1,"featured_media":7354,"comment_status":"closed","ping_status":"open","sticky":false,"template":"","format":"standard","meta":{"editor_plus_copied_stylings":"{}","_monsterinsights_skip_tracking":false,"_monsterinsights_sitenote_active":false,"_monsterinsights_sitenote_note":"","_monsterinsights_sitenote_category":0,"footnotes":""},"categories":[56],"tags":[],"class_list":["post-7406","post","type-post","status-publish","format-standard","has-post-thumbnail","hentry","category-beaterios-2017-2018"],"aioseo_notices":[],"_links":{"self":[{"href":"https:\/\/elbeaterio.es\/index.php\/wp-json\/wp\/v2\/posts\/7406","targetHints":{"allow":["GET"]}}],"collection":[{"href":"https:\/\/elbeaterio.es\/index.php\/wp-json\/wp\/v2\/posts"}],"about":[{"href":"https:\/\/elbeaterio.es\/index.php\/wp-json\/wp\/v2\/types\/post"}],"author":[{"embeddable":true,"href":"https:\/\/elbeaterio.es\/index.php\/wp-json\/wp\/v2\/users\/1"}],"replies":[{"embeddable":true,"href":"https:\/\/elbeaterio.es\/index.php\/wp-json\/wp\/v2\/comments?post=7406"}],"version-history":[{"count":1,"href":"https:\/\/elbeaterio.es\/index.php\/wp-json\/wp\/v2\/posts\/7406\/revisions"}],"predecessor-version":[{"id":7407,"href":"https:\/\/elbeaterio.es\/index.php\/wp-json\/wp\/v2\/posts\/7406\/revisions\/7407"}],"wp:featuredmedia":[{"embeddable":true,"href":"https:\/\/elbeaterio.es\/index.php\/wp-json\/wp\/v2\/media\/7354"}],"wp:attachment":[{"href":"https:\/\/elbeaterio.es\/index.php\/wp-json\/wp\/v2\/media?parent=7406"}],"wp:term":[{"taxonomy":"category","embeddable":true,"href":"https:\/\/elbeaterio.es\/index.php\/wp-json\/wp\/v2\/categories?post=7406"},{"taxonomy":"post_tag","embeddable":true,"href":"https:\/\/elbeaterio.es\/index.php\/wp-json\/wp\/v2\/tags?post=7406"}],"curies":[{"name":"wp","href":"https:\/\/api.w.org\/{rel}","templated":true}]}}