{"id":7425,"date":"2017-10-27T04:00:00","date_gmt":"2017-10-27T02:00:00","guid":{"rendered":"https:\/\/elbeaterio.es\/?p=7425"},"modified":"2025-05-25T13:26:57","modified_gmt":"2025-05-25T11:26:57","slug":"caracol-miricol-saca-los-cuernos","status":"publish","type":"post","link":"https:\/\/elbeaterio.es\/index.php\/2017\/10\/27\/caracol-miricol-saca-los-cuernos\/","title":{"rendered":"Caracol miricol saca los cuernos"},"content":{"rendered":"\n<p class=\"has-gridlove-meta-color has-text-color has-link-color eplus-wrapper wp-elements-2e62f0925738a517e621c4ae0ee3873c\">Lleida 0 &#8211; Real Sociedad 1 (Ronda intermedia Copa &#8211; Ida | jue, 26\/10\/17 | 19:30H)<\/p>\n\n\n\n<p class=\" eplus-wrapper\">Y vete al sol, o ponte al sol. No recuerdo muy bien cu\u00e1l de las dos opciones se eleg\u00eda para cantar cuando \u00edbamos todav\u00eda con pantal\u00f3n corto y zapatos gorila. Jug\u00e1bamos de cr\u00edos con los caracoles. Los marrones habituales y otros m\u00e1s peque\u00f1os y amarillos. Trat\u00e1bamos de que salieran del cascar\u00f3n, estirasen cuerpos y elevaran los cuernos despacio. Era una forma de entretenerse. Incluso, foment\u00e1bamos carreras entre ellos con nulo \u00e9xito porque se mov\u00edan cuando les daba la gana y hacia donde se les antojaba.<\/p>\n\n\n\n<p class=\" eplus-wrapper\">En casa a nadie le daba por hacer caracoles. De hecho, creo no haberlos visto nunca en cazuela. Alguna vez o\u00ed que ten\u00edan mucho trabajo y que hab\u00eda que limpiarlos uno por uno y muy bien. Que en eso consiste parte de la gracia y del \u00e9xito final. Cuando acudo a los mercados de navidad veo las redecillas llenas de ellos y compruebo que la gente se los lleva, como las escarolas y los cardos que suelen estar cerca.<\/p>\n\n\n\n<p class=\" eplus-wrapper\">Normalmente, en las cartas de los restaurantes no figuran. Ignoro si por el trabajo o por el precio. No los elegir\u00eda jam\u00e1s porque siempre viene a la memoria aquel recuerdo infantil y, no s\u00e9, pero me da cosa probarlos. En Lleida siempre hubo jugadores vascos. Era un destino no lejano y una propuesta deportiva interesante. En alg\u00fan viaje de esos, de pasar por all\u00ed, quedamos a comer y me llevaron a un sitio, creo que La Huerta, porque all\u00ed hac\u00edan unos cargols formidables.<\/p>\n\n\n\n<p class=\" eplus-wrapper\">Se pusieron las botas, mientras eleg\u00ed una tosta, nada desde\u00f1able, de escalibada con anchoas. Les dej\u00e9 claro desde el principio que de ninguna manera iba a probarlos. Luego, una carne y una crema catalana. Supongo, tambi\u00e9n que caf\u00e9. Este es un recuerdo ilerdense.<\/p>\n\n\n\n<p class=\" eplus-wrapper\">Otro, m\u00e1s futbolero, se refiere a un partido de liga en Primera Divisi\u00f3n cuando en el equipo azul\u00f3n se sentaban en el banquillo Man\u00e9, el del bigote. Como hice el viaje en el d\u00eda, ida y vuelta, le ped\u00ed a un amigo que me acompa\u00f1ase. Se sent\u00f3 en la cabina y le encargu\u00e9 que llevara la cuenta de c\u00f3rners. Uno, y casi en el descuento. Lo lanz\u00f3 Uria despu\u00e9s de un partido malo a reventar en el que nos ganaron con un gol de Milinkovic muy cerca del final. Por cierto, aquel encuentro lo jug\u00f3 Loren.<\/p>\n\n\n\n<p class=\" eplus-wrapper\">Un tercer recuerdo nos lleva a Lleida solo a pernoctar. Mayo de 2006. La Real juega en Montjuic el \u00faltimo partido de liga contra el Espanyol que entonces entrenaba Lotina. Ellos necesitaban ganar para salvarse y nosotros con los deberes hechos. Una falta que prolonga Brechet hacia atr\u00e1s. Le cae a Corominas quien marca el tanto de la victoria periquita en el minuto 91. Y no voy a escribir m\u00e1s del partido. Como los hoteles de Barcelona estaban petados por culpa de la carrera de Montmel\u00f3, debimos dormir en Lleida. Llegamos bastante tarde. El bufet de la ma\u00f1ana era formidable, sobre todo por los enormes cestos de cerezas. As\u00ed como a los caracoles no los quiero ni ver, las cerezas me apasionan. \u00a1Qu\u00e9 buenas estaban! Han pasado tantos a\u00f1os y no se me olvida. Los ilerdenses disponen de una fruta formidable.<\/p>\n\n\n\n<p class=\" eplus-wrapper\">La \u00faltima vuelta por Lleida fue art\u00edstica. Un verano recorriendo los lugares m\u00e1s significativos del rom\u00e1nico catal\u00e1n (experiencia recomendable). Paramos a cenar, sin m\u00e1s, pero a la salida nos pill\u00f3 un torment\u00f3n del cien y el recorrido entre el comedor y el coche nos sirvi\u00f3 para coger una chupa inolvidable. As\u00ed que, ya veis, de esa ciudad guardo recuerdos variopintos a los que debo agregar los que se relacionan con el partido de anoche.<\/p>\n\n\n\n<p class=\" eplus-wrapper\">Esperaba lo de casi siempre. Es decir, el equipo de casa tirando del carro y el visitante nadando y guardando la ropa. Hab\u00eda visto, en los d\u00edas precedentes, al Numancia, al Formentera, a la Ponferradina sacar tajada de sus virtudes ante equipos de superior categor\u00eda. Y como tengo, con perd\u00f3n, el culo pelado de vivir este tipo de partidos, at\u00e9 los machos y ajust\u00e9 la taleguilla. Era necesario hacerlo ante la cantidad de ausencias en el elenco de actores: Agirretxe, Carlos Mart\u00ednez, Guridi, Elustondo, Odriozola, Kevin, Zubeldia, Willian Jos\u00e9 y Zururutza (zorionak, new father) cuya incomparecencia, en otro tiempo, podr\u00eda desencadenar una hecatombe. Eusebio opt\u00f3 por atacar. Eligi\u00f3 gente con la mira puesta en la porter\u00eda contraria y con menos m\u00fasculo para la contenci\u00f3n y el balance defensivo. En el primer tiempo le sali\u00f3 bien, porque la Real dispuso del control de bal\u00f3n (70% de posesi\u00f3n) y en la segunda, con el marcador decantado de su lado, el equipo se dedic\u00f3 a gestionar los entusiastas ataques ilerdenses. Los minutos fueron pasando y todo lleg\u00f3 al final. Sirvi\u00f3 el golazo de Canales, un caracolazo en toda regla. Solo por ver un tanto as\u00ed merece la pena pagar una entrada, lo mismo que por ver debutar a un chaval como Ander Guevara, al que el entrenador le concedi\u00f3 la oportunidad y la eficaz presencia de To\u00f1o Ram\u00edrez en el portal. Ni un solo error.<\/p>\n\n\n\n<p class=\" eplus-wrapper\">Misi\u00f3n cumplida en la cancha de un equipo de Segunda B. Victoria y curiosidad, porque desde el 1-3 de Burgos (2004), los realistas no ganaban un encuentro de an\u00e1logas circunstancias. Es que el devenir en el torneo copero ha contado con tantos desencuentros que datos como \u00e9ste, por paup\u00e9rrimos, llaman la atenci\u00f3n.<\/p>\n","protected":false},"excerpt":{"rendered":"<p>Lleida 0 &#8211; Real Sociedad 1 (Ronda intermedia Copa &#8211; Ida | jue, 26\/10\/17 | 19:30H) Y vete al sol, o ponte al sol. No recuerdo muy bien cu\u00e1l de las dos opciones se eleg\u00eda para cantar cuando \u00edbamos todav\u00eda con pantal\u00f3n corto y zapatos gorila. Jug\u00e1bamos de cr\u00edos con los caracoles. Los marrones habituales [&hellip;]<\/p>\n","protected":false},"author":1,"featured_media":7356,"comment_status":"closed","ping_status":"open","sticky":false,"template":"","format":"standard","meta":{"editor_plus_copied_stylings":"{}","_monsterinsights_skip_tracking":false,"_monsterinsights_sitenote_active":false,"_monsterinsights_sitenote_note":"","_monsterinsights_sitenote_category":0,"footnotes":""},"categories":[56],"tags":[],"class_list":["post-7425","post","type-post","status-publish","format-standard","has-post-thumbnail","hentry","category-beaterios-2017-2018"],"aioseo_notices":[],"_links":{"self":[{"href":"https:\/\/elbeaterio.es\/index.php\/wp-json\/wp\/v2\/posts\/7425","targetHints":{"allow":["GET"]}}],"collection":[{"href":"https:\/\/elbeaterio.es\/index.php\/wp-json\/wp\/v2\/posts"}],"about":[{"href":"https:\/\/elbeaterio.es\/index.php\/wp-json\/wp\/v2\/types\/post"}],"author":[{"embeddable":true,"href":"https:\/\/elbeaterio.es\/index.php\/wp-json\/wp\/v2\/users\/1"}],"replies":[{"embeddable":true,"href":"https:\/\/elbeaterio.es\/index.php\/wp-json\/wp\/v2\/comments?post=7425"}],"version-history":[{"count":1,"href":"https:\/\/elbeaterio.es\/index.php\/wp-json\/wp\/v2\/posts\/7425\/revisions"}],"predecessor-version":[{"id":7426,"href":"https:\/\/elbeaterio.es\/index.php\/wp-json\/wp\/v2\/posts\/7425\/revisions\/7426"}],"wp:featuredmedia":[{"embeddable":true,"href":"https:\/\/elbeaterio.es\/index.php\/wp-json\/wp\/v2\/media\/7356"}],"wp:attachment":[{"href":"https:\/\/elbeaterio.es\/index.php\/wp-json\/wp\/v2\/media?parent=7425"}],"wp:term":[{"taxonomy":"category","embeddable":true,"href":"https:\/\/elbeaterio.es\/index.php\/wp-json\/wp\/v2\/categories?post=7425"},{"taxonomy":"post_tag","embeddable":true,"href":"https:\/\/elbeaterio.es\/index.php\/wp-json\/wp\/v2\/tags?post=7425"}],"curies":[{"name":"wp","href":"https:\/\/api.w.org\/{rel}","templated":true}]}}