{"id":7430,"date":"2017-10-30T03:00:00","date_gmt":"2017-10-30T01:00:00","guid":{"rendered":"https:\/\/elbeaterio.es\/?p=7430"},"modified":"2025-05-25T13:40:04","modified_gmt":"2025-05-25T11:40:04","slug":"un-sarpullido","status":"publish","type":"post","link":"https:\/\/elbeaterio.es\/index.php\/2017\/10\/30\/un-sarpullido\/","title":{"rendered":"Un sarpullido"},"content":{"rendered":"\n<p class=\"has-gridlove-meta-color has-text-color has-link-color eplus-wrapper wp-elements-689efb7a3f0c8381f7bbb96b7d8be3d9\">Getafe CF 2 &#8211; Real Sociedad 1 (Jornada 10 | dom, 29\/10\/17 | 12:00H)<\/p>\n\n\n\n<p class=\" eplus-wrapper\">Nunca he negado que Markel Bergara es un futbolista al que aprecio y valoro, primero como persona y luego como deportista. Llevo muchos a\u00f1os en esta historia como para distinguir la paja del grano y elegir para la larga traves\u00eda individuos que merecen la pena. No voy a discutir sus capacidades como jugador, porque de eso se encargan otros, pero os aseguro que verle con otra camiseta me produce un sarpullido.<\/p>\n\n\n\n<p class=\" eplus-wrapper\">Le conozco desde hace muchos a\u00f1os, sobre todo desde que sali\u00f3 cedido a Canarias para defender la camiseta del Vecindario. Era una experiencia nueva para \u00e9l. Viv\u00eda solo. Habl\u00e1bamos por las noches, porque la diferencia horaria nos ven\u00eda mejor para las entrevistas del programa que entonces hac\u00eda. Nos re\u00edamos mucho cuando coment\u00e1bamos c\u00f3mo era la vida de un soltero, perdido por el mundo, nada experto en las artes culinarias. Era un chaval emergente, internacional en todas las categor\u00edas j\u00f3venes de la selecci\u00f3n espa\u00f1ola. Lo ten\u00eda todo para asentarse en el primer equipo. Sobre todo, ilusi\u00f3n.<\/p>\n\n\n\n<p class=\" eplus-wrapper\">Nadie le regal\u00f3 nunca nada. Es m\u00e1s. Hubo entrenadores de infausto recuerdo que no le respetaron. Tampoco las lesiones le ayudaron mucho en alg\u00fan momento del camino. Jam\u00e1s una palabra m\u00e1s alta que la otra. Jam\u00e1s una reivindicaci\u00f3n y siempre una sonrisa. Es imposible, aunque le duela el alma y lleve dentro cinco desfiles procesionales, no verle con la cara alegre. Todos le quieren.<\/p>\n\n\n\n<p class=\" eplus-wrapper\">He aprendido de \u00e9l muchas cosas. El club, el nombre de la entidad, por encima de todo. Le toc\u00f3 vivir la traves\u00eda de Segunda Divisi\u00f3n, comi\u00e9ndose los marrones como el resto de sus compa\u00f1eros. Es uno de los que sujet\u00f3 la nave en mitad de la zozobra. Con demasiada frecuencia se pierde la memoria y el reconocimiento de los esfuerzos y los enormes sacrificios. Todo se diluye con la misma facilidad que el agua entre los dedos.<\/p>\n\n\n\n<p class=\" eplus-wrapper\">No puedo con la crudeza de las decisiones fr\u00edas que no valoran la pesada carga de la mochila de los compromisos. \u00a1B\u00fascate la vida! Esa es la frase redonda, con su punto de crueldad, que acompa\u00f1a y pone fin a muchas trayectorias. Markel la encontr\u00f3 en Getafe, el equipo que le acepta como es. Bordal\u00e1s le concede la confianza y le otorga galones en el centro del campo. Titular indiscutible y referente en el juego de los madrile\u00f1os. Disfruta y me alegro, porque merece ser feliz. Ayer se ech\u00f3 el equipo a la espalda, gobern\u00f3 como los coroneles y la mejor parada de Rulli se produjo por un remate del jugador que seguro ayer pens\u00f3 mucho en los del otro lado.<\/p>\n\n\n\n<p class=\" eplus-wrapper\">Obviamente, si en mis manos hubiera estado la decisi\u00f3n, Markel segu\u00eda con el 5 a la espalda en el equipo de toda su vida, al que ama sin postureos. Andamos con el centro del campo, como La Tacones, la que rompe corazones. Era previsible que nos sucediera, porque con tres competiciones al hombro, se paga factura. Y menos mal que Xabi Prieto aguanta como un machote, porque, si no fuera as\u00ed, a estas horas rond\u00e1bamos el cataclismo.<\/p>\n\n\n\n<p class=\" eplus-wrapper\">Por eso, creo humildemente, y sin \u00e1nimo de molestar, que Markel deber\u00eda haberse quedado en la orilla de este lado. Lo que no quiere decir que no valore la oportunidad concedida a Igor Zubeldia. El azkoitiarra nos ha permitido descubrir a un futbolista de raza, de los que me gustan, de los nuestros de siempre, al que le est\u00e1 tocando demasiadas veces con las m\u00e1s feas del baile semanal.<\/p>\n\n\n\n<p class=\" eplus-wrapper\">En Getafe no fuimos consistentes en la sala de m\u00e1quinas donde se asume el mando. Se pone todo de cara con un gol espl\u00e9ndido en la conexi\u00f3n Januzaj-Oyarzabal, dispones de ocasiones para matar el partido al contraataque, pero tiras el bot\u00edn en trece minutos, cuando el contrario plantea un encuentro de guerra de guerrillas para las que no hay respuesta ni por asomo. El Getafe gan\u00f3 por reda\u00f1os.<\/p>\n\n\n\n<p class=\" eplus-wrapper\">Si pierdes la tensi\u00f3n dejas de ser t\u00fa, y en el Coliseum la perdimos (y de qu\u00e9 manera) en los momentos decisivos. Encajamos dos nuevos goles y seguimos a la espera de la fortaleza y agresividad anunciadas. S\u00e9 que es muy f\u00e1cil ser ventajista cuando se pierde, pero esto es algo que se repite muchas veces, que se ve venir, porque nos siguen faltando jugadores con alma cuando se les necesita. Por eso, lo del sarpullido, el que aflora cada vez que adolecemos de esos futbolistas con alma y p\u00e1lpito en los minutos de m\u00e1xima exigencia. No s\u00e9 qu\u00e9 pinta Markel en Getafe. En el horizonte, dos partidos que el equipo necesita ganar. El europeo y el derbi contra el Eibar se convierten en nuevas oportunidades de recuperar futbolistas y con ellos el punto necesario de consistencia que ayer nos falt\u00f3. Si eso no sucede, los granos nos picar\u00e1n a\u00fan m\u00e1s.<\/p>\n","protected":false},"excerpt":{"rendered":"<p>Getafe CF 2 &#8211; Real Sociedad 1 (Jornada 10 | dom, 29\/10\/17 | 12:00H) Nunca he negado que Markel Bergara es un futbolista al que aprecio y valoro, primero como persona y luego como deportista. Llevo muchos a\u00f1os en esta historia como para distinguir la paja del grano y elegir para la larga traves\u00eda individuos [&hellip;]<\/p>\n","protected":false},"author":1,"featured_media":7357,"comment_status":"closed","ping_status":"open","sticky":false,"template":"","format":"standard","meta":{"editor_plus_copied_stylings":"{}","_monsterinsights_skip_tracking":false,"_monsterinsights_sitenote_active":false,"_monsterinsights_sitenote_note":"","_monsterinsights_sitenote_category":0,"footnotes":""},"categories":[56],"tags":[],"class_list":["post-7430","post","type-post","status-publish","format-standard","has-post-thumbnail","hentry","category-beaterios-2017-2018"],"aioseo_notices":[],"_links":{"self":[{"href":"https:\/\/elbeaterio.es\/index.php\/wp-json\/wp\/v2\/posts\/7430","targetHints":{"allow":["GET"]}}],"collection":[{"href":"https:\/\/elbeaterio.es\/index.php\/wp-json\/wp\/v2\/posts"}],"about":[{"href":"https:\/\/elbeaterio.es\/index.php\/wp-json\/wp\/v2\/types\/post"}],"author":[{"embeddable":true,"href":"https:\/\/elbeaterio.es\/index.php\/wp-json\/wp\/v2\/users\/1"}],"replies":[{"embeddable":true,"href":"https:\/\/elbeaterio.es\/index.php\/wp-json\/wp\/v2\/comments?post=7430"}],"version-history":[{"count":1,"href":"https:\/\/elbeaterio.es\/index.php\/wp-json\/wp\/v2\/posts\/7430\/revisions"}],"predecessor-version":[{"id":7431,"href":"https:\/\/elbeaterio.es\/index.php\/wp-json\/wp\/v2\/posts\/7430\/revisions\/7431"}],"wp:featuredmedia":[{"embeddable":true,"href":"https:\/\/elbeaterio.es\/index.php\/wp-json\/wp\/v2\/media\/7357"}],"wp:attachment":[{"href":"https:\/\/elbeaterio.es\/index.php\/wp-json\/wp\/v2\/media?parent=7430"}],"wp:term":[{"taxonomy":"category","embeddable":true,"href":"https:\/\/elbeaterio.es\/index.php\/wp-json\/wp\/v2\/categories?post=7430"},{"taxonomy":"post_tag","embeddable":true,"href":"https:\/\/elbeaterio.es\/index.php\/wp-json\/wp\/v2\/tags?post=7430"}],"curies":[{"name":"wp","href":"https:\/\/api.w.org\/{rel}","templated":true}]}}