{"id":7542,"date":"2017-01-17T03:00:00","date_gmt":"2017-01-17T01:00:00","guid":{"rendered":"https:\/\/elbeaterio.es\/index.php\/2017\/01\/17\/la-banda-es-mia\/"},"modified":"2025-05-27T19:28:08","modified_gmt":"2025-05-27T17:28:08","slug":"la-banda-es-mia","status":"publish","type":"post","link":"https:\/\/elbeaterio.es\/index.php\/2017\/01\/17\/la-banda-es-mia\/","title":{"rendered":"La banda es m\u00eda"},"content":{"rendered":"\n<p class=\"has-gridlove-meta-color has-text-color has-link-color eplus-wrapper wp-elements-cc5845f6e7666ffe7b131299acc737db\">M\u00e1laga CF 0 &#8211; Real Sociedad 2 (Jornada 18 | lun, 16\/01\/17 | 20:45H)<\/p>\n\n\n\n<p class=\" eplus-wrapper\">El lateral derecho de la Real Sociedad cuenta con m\u00e1s aspirantes que una oposici\u00f3n de Magisterio. Quien consigue la plaza, lejos de instalarse, tropieza en una piedra. Se caen, se levantan, se lesionan, se recuperan, son titulares, dejan de serlo. Con este sistema necesitan estar como cohetes y volar hacia la meta contraria sin descuidar la propia.<\/p>\n\n\n\n<p class=\" eplus-wrapper\">Cuando en la banda izquierda se concentraron De la Bella, Yuri y H\u00e9ctor, el club entendi\u00f3 que sobraba uno y prescindi\u00f3 del m\u00e1s veterano. Sin embargo, eso no sucedi\u00f3 en la contraria, ya que, adem\u00e1s de Carlos Mart\u00ednez y Zaldua, hab\u00eda ganado plaza el beasaindarra Aritz Elustondo. Tres, aunque en el caso de este \u00faltimo se argumentara su capacidad de ubicarse en el centro de la defensa como anoche. Contado as\u00ed, podr\u00eda valer.<\/p>\n\n\n\n<p class=\" eplus-wrapper\">Ayer en M\u00e1laga faltaron los dos primeros, el tercero se ubic\u00f3 como marca por dentro y \u00c1lvaro Odriozola fue convocado entre los 19 de Eusebio para viajar a M\u00e1laga y ser titular. Cumpli\u00f3 como un jabato, se dej\u00f3 el alma y no cometi\u00f3 errores que le se\u00f1alaran. Buen debut saldado con victoria. No lo olvidar\u00e1 nunca. Esa decisi\u00f3n de convocarle afect\u00f3 al filial. Ello conllev\u00f3 que Iosu Ibarbia jugara con el Sanse en la victoria de Albacete. Seguro que el de Ibarra mira de reojo por si le salpica.<\/p>\n\n\n\n<p class=\" eplus-wrapper\">Al entrenador le gustar\u00eda que alguien dijera \u201cla banda es m\u00eda\u201d y se acabara este batiburrillo de partidos y lesiones cuya trascendencia se me escapa, pero la enfermer\u00eda cuenta con demasiados inquilinos como para no preocuparse. Por eso preserv\u00f3 a Illarra (ausente el domingo ante el Celta por sanci\u00f3n) y sent\u00f3 a Zurutuza a la hora de juego, porque unos y otros andan entre guatas. Se decidi\u00f3 por Juanmi antes que por Canales, entre otras cosas porque el malague\u00f1o jugaba en terreno conquistado.<\/p>\n\n\n\n<p class=\" eplus-wrapper\">Como, adem\u00e1s, quienes ponen los horarios y eligen d\u00eda y noche para disputar partidos no simpatizan con las tesis blanquiazules, aqu\u00ed nos vemos a las once de la noche de un lunes, escribiendo un beaterio, para que hoy, a los efectos, sea como un viernes, antev\u00edspera del encuentro de Copa ante el Bar\u00e7a. Y cuando aquel partido concluya volver\u00e1 a ser viernes para medirnos dos d\u00edas despu\u00e9s al Celta y as\u00ed sucesivamente hasta que todos reventemos. Nos obligan a decidir si vamos al f\u00fatbol o nos juntamos a cenar como manda la tradici\u00f3n.<\/p>\n\n\n\n<p class=\" eplus-wrapper\">Se producen aut\u00e9nticos desafueros. El domingo, mientras se disputaba el Sevilla-Real Madrid que amontonaba morbo a raudales, a la misma hora, dos pobres equipos de Segunda med\u00edan sus fuerzas. Girona y C\u00f3rdoba, en la disputa de tres puntos cruciales para sus objetivos, desplegaban sus armas sobre el c\u00e9sped de Montilivi ante la mirada atenta de los sufridores que decidieron acudir al estadio para dar un poco de calor a los suyos. \u00a1Traca!<\/p>\n\n\n\n<p class=\" eplus-wrapper\">Cuando no encuentro respuestas razonables a esto que considero una barbaridad, busco en la historia pasada momentos en los que disfrutaba m\u00e1s. Tiro del viejo \u00e1lbum de cromos y trato de encontrar al M\u00e1laga de entonces. Contaban los andaluces con un futbolista que apasionaba, Viberti, un tanque formidable para el puesto de ancla. Era el tiempo de Am\u00e9rico, un portero con bigote, de Wanderlei, un killer que se hinchaba a meter goles.<\/p>\n\n\n\n<p class=\" eplus-wrapper\">Otros nombres de entonces: Pons, Conejo o Sebasti\u00e1n Fleitas, que a\u00f1os m\u00e1s tarde fichar\u00eda por el Real Madrid y que estuvo casado con una hija de los actores Mabel Karr y Fernando Rey. Entonces, apenas hab\u00eda partidos televisados. Nos conform\u00e1bamos con la radio, los peri\u00f3dicos y los cromos. Era suficiente para hacerse una composici\u00f3n de lugar, probablemente m\u00e1s fidedigna que la actual.<\/p>\n\n\n\n<p class=\" eplus-wrapper\">Aquel M\u00e1laga contaba con m\u00e1s p\u00e1lpito que el que vimos ayer, poco personal y sin sello de identidad. Nunca pareci\u00f3 que pudiera sorprender por juego a la Real. Todo lo contrario. Solo en una acci\u00f3n de bal\u00f3n parado o en un error realista sus opciones de \u00e9xito pod\u00edan aparecer.<\/p>\n\n\n\n<p class=\" eplus-wrapper\">Faltaba marcar gol. Se llegaba s\u00ed, pero sin acierto ante la meta de Kameni. La fortuna sonri\u00f3 en la falta que I\u00f1igo subi\u00f3 al marcador. A partir de ah\u00ed, las cosas se gestionaron mejor y con el tanto de Juanmi se firm\u00f3 la sentencia de un partido que no fue bueno pero que certifica el camino y la quinta posici\u00f3n en el campeonato. Ahora llegan dos gallos que cacarean, pero si alguien se atreve a decir que esta banda es m\u00eda, seguro que el equipo y sus seguidores disfrutan como se desea.<\/p>\n","protected":false},"excerpt":{"rendered":"<p>M\u00e1laga CF 0 &#8211; Real Sociedad 2 (Jornada 18 | lun, 16\/01\/17 | 20:45H) El lateral derecho de la Real Sociedad cuenta con m\u00e1s aspirantes que una oposici\u00f3n de Magisterio. Quien consigue la plaza, lejos de instalarse, tropieza en una piedra. Se caen, se levantan, se lesionan, se recuperan, son titulares, dejan de serlo. Con [&hellip;]<\/p>\n","protected":false},"author":1,"featured_media":7512,"comment_status":"closed","ping_status":"open","sticky":false,"template":"","format":"standard","meta":{"editor_plus_copied_stylings":"{}","_monsterinsights_skip_tracking":false,"_monsterinsights_sitenote_active":false,"_monsterinsights_sitenote_note":"","_monsterinsights_sitenote_category":0,"footnotes":""},"categories":[57],"tags":[],"class_list":["post-7542","post","type-post","status-publish","format-standard","has-post-thumbnail","hentry","category-beaterios-2016-2017"],"aioseo_notices":[],"_links":{"self":[{"href":"https:\/\/elbeaterio.es\/index.php\/wp-json\/wp\/v2\/posts\/7542","targetHints":{"allow":["GET"]}}],"collection":[{"href":"https:\/\/elbeaterio.es\/index.php\/wp-json\/wp\/v2\/posts"}],"about":[{"href":"https:\/\/elbeaterio.es\/index.php\/wp-json\/wp\/v2\/types\/post"}],"author":[{"embeddable":true,"href":"https:\/\/elbeaterio.es\/index.php\/wp-json\/wp\/v2\/users\/1"}],"replies":[{"embeddable":true,"href":"https:\/\/elbeaterio.es\/index.php\/wp-json\/wp\/v2\/comments?post=7542"}],"version-history":[{"count":2,"href":"https:\/\/elbeaterio.es\/index.php\/wp-json\/wp\/v2\/posts\/7542\/revisions"}],"predecessor-version":[{"id":7631,"href":"https:\/\/elbeaterio.es\/index.php\/wp-json\/wp\/v2\/posts\/7542\/revisions\/7631"}],"wp:featuredmedia":[{"embeddable":true,"href":"https:\/\/elbeaterio.es\/index.php\/wp-json\/wp\/v2\/media\/7512"}],"wp:attachment":[{"href":"https:\/\/elbeaterio.es\/index.php\/wp-json\/wp\/v2\/media?parent=7542"}],"wp:term":[{"taxonomy":"category","embeddable":true,"href":"https:\/\/elbeaterio.es\/index.php\/wp-json\/wp\/v2\/categories?post=7542"},{"taxonomy":"post_tag","embeddable":true,"href":"https:\/\/elbeaterio.es\/index.php\/wp-json\/wp\/v2\/tags?post=7542"}],"curies":[{"name":"wp","href":"https:\/\/api.w.org\/{rel}","templated":true}]}}