{"id":7550,"date":"2017-03-19T03:00:00","date_gmt":"2017-03-19T01:00:00","guid":{"rendered":"https:\/\/elbeaterio.es\/index.php\/2017\/03\/19\/vivo-sin-vivir-en-mi\/"},"modified":"2025-05-27T19:28:07","modified_gmt":"2025-05-27T17:28:07","slug":"vivo-sin-vivir-en-mi","status":"publish","type":"post","link":"https:\/\/elbeaterio.es\/index.php\/2017\/03\/19\/vivo-sin-vivir-en-mi\/","title":{"rendered":"Vivo sin vivir en mi"},"content":{"rendered":"\n<p class=\"has-gridlove-meta-color has-text-color has-link-color eplus-wrapper wp-elements-fda894a82d712b026e11b00c998228df\">Alav\u00e9s 1 &#8211; Real Sociedad 0 (Jornada 21 | s\u00e1b, 18\/03\/17 | 18:30H)<\/p>\n\n\n\n<p class=\" eplus-wrapper\">Cuando comienzan a suceder cosas y llegan todas en cascada, necesitas parar, coger aire, y tratar de gestionar las emociones, propias y ajenas. No s\u00e9 sinceramente por d\u00f3nde empezar. La semana ha sido un portento de sobresaltos. D\u00eda tras d\u00eda han sucedido cosas. Mirando al teclado, debo ordenar las ideas y compartirlas contigo.<\/p>\n\n\n\n<p class=\" eplus-wrapper\">El lunes se hizo oficial el runr\u00fan que situaba a Roberto Olabe fuera de la Real seis meses despu\u00e9s de entrar con trompeter\u00eda de orquesta sinf\u00f3nica. Aquel fichaje se anunci\u00f3 como oportunidad de progreso, modernismo, crecimiento, mejora? lo que quer\u00e1is. Todo se viene abajo en un santiam\u00e9n sin que nadie haya sido capaz de decir la verdad o cuando menos edulcorar el desencuentro absoluto que ha determinado el final del proyecto. Han optado por la ley del silencio, quiz\u00e1s porque las causas reales no se pueden hacer p\u00fablicas (podr\u00eda montarse un pollo clamoroso) y porque nadie quiere da\u00f1ar al club, primer perjudicado en la historia.<\/p>\n\n\n\n<p class=\" eplus-wrapper\">Un d\u00eda despu\u00e9s celebr\u00e9 mi cumplea\u00f1os con las personas que quise compartir un momento especial. Ese d\u00eda entrevist\u00e9 a Lucas Eguibar, feliz, satisfecho por el doble \u00e9xito de la medalla de plata mundialista. Pocas horas despu\u00e9s hablaba desolado por la tragedia del entrenador con el que compart\u00eda preparaci\u00f3n, competici\u00f3n y sue\u00f1os. Israel Planas fallec\u00eda el viernes. Lucas no encontraba el modo de entenderlo: \u201cSeguir\u00e9 peleando y har\u00e9 que nuestros \u00e9xitos suenen en el cielo. Hasta siempre&nbsp;<em>Isra<\/em>\u201d. Record\u00e9 entonces los versos de Santa Teresa: \u201cVivo sin vivir en m\u00ed y tan alta vida espero que muero porque no muero\u201d.<\/p>\n\n\n\n<p class=\" eplus-wrapper\">En el camino, el atropello de la ciclista Ane Santesteban con la que hab\u00eda quedado este viernes. Hab\u00edamos retrasado la entrevista porque no quer\u00eda cortar los entrenamientos largos con los que preparaba el inmediato calendario. Un virus le impidi\u00f3 participar en la Strade Bianche. Aguant\u00f3 el calor de la Setmana Valenciana y volvi\u00f3 a casa para recuperarse y coger fuerzas. Un desalmado se la llev\u00f3 por delante, la dej\u00f3 tendida en el suelo y la ambulancia le condujo al hospital. La siguiente noticia es la imagen de la corredora magullada en una cama y dispuesta a volver a empezar desde el dolor y la incomprensi\u00f3n.<\/p>\n\n\n\n<p class=\" eplus-wrapper\">Esther Arrojer\u00eda es una jugadora de balonmano con enorme presente y futuro. Defiende la camiseta del Bera Bera y recibi\u00f3 la llamada del seleccionador estatal absoluto. Entrenaba en Ruman\u00eda con las compa\u00f1eras del equipo. Todo en orden hasta que mediada la tarde del viernes recibo un mensaje, tan lac\u00f3nico como cruel: \u201cEsther, cruzado\u201d. No puede ser, pens\u00e9 en ella y volv\u00ed a los versos.<\/p>\n\n\n\n<p class=\" eplus-wrapper\">En medio de estos sucesos, la Real acumulaba bajas importantes. A la conocida ausencia de Illarramendi en Mendizorroza se un\u00edan en el camino las de Zurutuza e I\u00f1igo Mart\u00ednez, lesionados e inquilinos de las camillas de Zubieta junto a los Agirretxe, Willian Jos\u00e9, Carlos Mart\u00ednez? un elenco de&nbsp;<em>prima donnas<\/em>&nbsp;que obligan al equipo a competir desde la dificultad y los remiendos.<\/p>\n\n\n\n<p class=\" eplus-wrapper\">Sinceramente, no era nada optimista en esta cita. Con la catarata de noticias desagradables que he tratado de relataros, no estaba para nada de subid\u00f3n. Esperaba, eso s\u00ed, la decisi\u00f3n del entrenador al respecto de tantas ausencias. Ya pudo sorprender la convocatoria, pero mucho m\u00e1s la alineaci\u00f3n. Confiar en Guridi, Odriozola, Bautista? es un ejercicio de valent\u00eda. Siguen cumpliendo como jabatos en un periodo del campeonato en el que el equipo no brilla por diversas razones.<\/p>\n\n\n\n<p class=\" eplus-wrapper\">Las derrotas del Villarreal y Athletic ofrec\u00edan aire antes de iniciar el encuentro y adem\u00e1s una oportunidad de poner tierra de por medio si el equipo era capaz de obtener un resultado positivo. No lo hizo porque apenas cre\u00f3 peligro. Se qued\u00f3 con diez y pierde dos hombres para el encuentro pr\u00f3ximo en Anoeta. Si no es por el acierto de Rulli, a esta hora el tanteo adverso ofrecer\u00eda un guarismo m\u00e1s amplio en la derrota. Dos seguidas, por cierto, desde que se inici\u00f3 el campeonato.<\/p>\n\n\n\n<p class=\" eplus-wrapper\">Un par de semanas por delante para preparar el partido contra el Legan\u00e9s. Se supone que para entonces el equipo recuperar\u00e1 futbolistas y resuello. Nos falta un poquito, o un muchito, de ritmo y sobre todo capacidad de llevar peligro a la porter\u00eda contraria. Fernando Pacheco, salvo la acci\u00f3n de Yuri en la primera parte, pudo leerse perfectamente los versos teresianos sin que nada, ni nadie, le molestaran.<\/p>\n\n\n\n<p class=\" eplus-wrapper\">Segu\u00eda viviendo sin vivir en m\u00ed hasta que lleg\u00f3 el Bidasoa para cambiar la tendencia, ganar y eliminar al Benidorm y convencernos a todos de que el esp\u00edritu, la fe y la confianza mueven muchas veces las monta\u00f1as.<\/p>\n","protected":false},"excerpt":{"rendered":"<p>Alav\u00e9s 1 &#8211; Real Sociedad 0 (Jornada 21 | s\u00e1b, 18\/03\/17 | 18:30H) Cuando comienzan a suceder cosas y llegan todas en cascada, necesitas parar, coger aire, y tratar de gestionar las emociones, propias y ajenas. No s\u00e9 sinceramente por d\u00f3nde empezar. La semana ha sido un portento de sobresaltos. D\u00eda tras d\u00eda han sucedido [&hellip;]<\/p>\n","protected":false},"author":1,"featured_media":7517,"comment_status":"closed","ping_status":"open","sticky":false,"template":"","format":"standard","meta":{"editor_plus_copied_stylings":"{}","_monsterinsights_skip_tracking":false,"_monsterinsights_sitenote_active":false,"_monsterinsights_sitenote_note":"","_monsterinsights_sitenote_category":0,"footnotes":""},"categories":[57],"tags":[],"class_list":["post-7550","post","type-post","status-publish","format-standard","has-post-thumbnail","hentry","category-beaterios-2016-2017"],"aioseo_notices":[],"_links":{"self":[{"href":"https:\/\/elbeaterio.es\/index.php\/wp-json\/wp\/v2\/posts\/7550","targetHints":{"allow":["GET"]}}],"collection":[{"href":"https:\/\/elbeaterio.es\/index.php\/wp-json\/wp\/v2\/posts"}],"about":[{"href":"https:\/\/elbeaterio.es\/index.php\/wp-json\/wp\/v2\/types\/post"}],"author":[{"embeddable":true,"href":"https:\/\/elbeaterio.es\/index.php\/wp-json\/wp\/v2\/users\/1"}],"replies":[{"embeddable":true,"href":"https:\/\/elbeaterio.es\/index.php\/wp-json\/wp\/v2\/comments?post=7550"}],"version-history":[{"count":2,"href":"https:\/\/elbeaterio.es\/index.php\/wp-json\/wp\/v2\/posts\/7550\/revisions"}],"predecessor-version":[{"id":7578,"href":"https:\/\/elbeaterio.es\/index.php\/wp-json\/wp\/v2\/posts\/7550\/revisions\/7578"}],"wp:featuredmedia":[{"embeddable":true,"href":"https:\/\/elbeaterio.es\/index.php\/wp-json\/wp\/v2\/media\/7517"}],"wp:attachment":[{"href":"https:\/\/elbeaterio.es\/index.php\/wp-json\/wp\/v2\/media?parent=7550"}],"wp:term":[{"taxonomy":"category","embeddable":true,"href":"https:\/\/elbeaterio.es\/index.php\/wp-json\/wp\/v2\/categories?post=7550"},{"taxonomy":"post_tag","embeddable":true,"href":"https:\/\/elbeaterio.es\/index.php\/wp-json\/wp\/v2\/tags?post=7550"}],"curies":[{"name":"wp","href":"https:\/\/api.w.org\/{rel}","templated":true}]}}