{"id":7553,"date":"2017-02-06T03:00:00","date_gmt":"2017-02-06T01:00:00","guid":{"rendered":"https:\/\/elbeaterio.es\/index.php\/2017\/02\/06\/toca-enjaretarsela\/"},"modified":"2025-05-27T19:28:08","modified_gmt":"2025-05-27T17:28:08","slug":"toca-enjaretarsela","status":"publish","type":"post","link":"https:\/\/elbeaterio.es\/index.php\/2017\/02\/06\/toca-enjaretarsela\/","title":{"rendered":"\u00a1Toca enjaret\u00e1rsela!"},"content":{"rendered":"\n<p class=\"has-gridlove-meta-color has-text-color has-link-color eplus-wrapper wp-elements-e5fed350dfba2f38c9b624e5924155dc\">Real Sociedad 3 &#8211; CA Osasuna 2 (Jornada 21 | dom, 05\/02\/17 | 18:30H)<\/p>\n\n\n\n<p class=\" eplus-wrapper\">sab\u00e9is de sobra el poco cari\u00f1o que le tengo a la LFP, esa que presume de ser la mejor liga del mundo y que, cada vez que cuenta con la oportunidad de lucirse, demuestra justo lo contrario. No dudo que aqu\u00ed compite la cr\u00e8me de la cr\u00e8me de los mejores futbolistas del mundo, pero la organizaci\u00f3n dista mucho de ser ejemplar. A esta hora el Real Madrid, l\u00edder la clasificaci\u00f3n, cuenta con dos partidos aplazados. Uno, por la participaci\u00f3n en el Mundialito, y otro el de ayer en Vigo, debido a que el riesgo de accidente para los aficionados que acudieran a Bala\u00eddos no era balad\u00ed.<\/p>\n\n\n\n<p class=\" eplus-wrapper\">Lleg\u00f3 el alcalde de la ciudad ol\u00edvica, responsable de la seguridad de sus ciudadanos, y suspendi\u00f3 el partido, porque no se daban las garant\u00edas necesarias para que los asistentes al match no vieran en peligro su integridad. Volaron las techumbres en A Coru\u00f1a y Vigo y se aplazaron ambos encuentros. \u00bfY ahora qu\u00e9?, se pregunta el personal. Es obvio que el calendario est\u00e1 m\u00e1s cargado que las pilas buenas de Duracell y que encontrar un hueco es m\u00e1s dif\u00edcil que aguja en pajar, pero ellos solitos se lo han buscado por culpa de ese af\u00e1n recaudador que atiborra de encuentros las jornadas y las empapuza.<\/p>\n\n\n\n<p class=\" eplus-wrapper\">Alguna mente pensante (debi\u00f3 faltar el d\u00eda del reparto) propone que el partido entre el Celta y el Real Madrid se dispute despu\u00e9s de acabar la liga. Y se queda tan ancho. Los dos equipos andan inmersos en competiciones europeas, por lo que los mi\u00e9rcoles est\u00e1n ocupados, como los domingos las iglesias. Es decir, que la organizaci\u00f3n no cuenta con respuesta suficiente como para que el pueblo se tranquilice y la competici\u00f3n se dignifique sin sufrir menoscabo. \u00a1Toca enjaret\u00e1rsela!<\/p>\n\n\n\n<p class=\" eplus-wrapper\">Ser\u00e1 interesante conocer la respuesta cuando se produzca. Como el asunto pasa a manos ahora de la RFEF que preside Villar y como esta le tiene un cari\u00f1o especial a la LFP, ardo en deseos de saber si el gol entra por la escuadra o botando mansamente sin portero bajo el larguero. \u00a1Qu\u00e9 entretenido! Como estas cosas generalmente perjudican a terceros, sali\u00f3 el Alav\u00e9s pidiendo reflexi\u00f3n por lo que supone de injusticia para esta eliminatoria de Copa que le puede llevar a la final.<\/p>\n\n\n\n<p class=\" eplus-wrapper\">El Celta, sin jugar contra el Madrid, afronta m\u00e1s descansado y con m\u00e1s tiempo que los vitorianos para preparar la vuelta de semifinales. No es lo mismo disputar un partido cuando todo est\u00e1 en juego, que si el todo el pescado est\u00e1 vendido. Petici\u00f3n razonable que cay\u00f3 en saco roto, pero que los babazorros resolvieron con un claro triunfo en Gij\u00f3n con una alineaci\u00f3n poco reconocible.<\/p>\n\n\n\n<p class=\" eplus-wrapper\">No es lo mismo enfrentarse a Osasuna, por ejemplo, cuando le quedan opciones de mantenerse en la categor\u00eda que si estuviera ya salvado o descendido. Como ayer nos situ\u00e1bamos en la primera de las tesis, los navarros vinieron con todo y a por todas, siete d\u00edas despu\u00e9s de que la Real iniciase la segunda vuelta con la derrota del Bernab\u00e9u.<\/p>\n\n\n\n<p class=\" eplus-wrapper\">Anunciado estaba. Se han reforzado como han podido en el mercado de invierno, recuperando gente que conoce la casa y el oficio, adem\u00e1s de un portero que atiende por Sirigu en cuyas manos se encomiendan para salvaguardar el portal e impedir que las cantadas amainen las opciones de \u00e9xito final. Osasuna fue lo que se esperaba, un equipo correoso, bien construido desde atr\u00e1s, jugando directo y marcando un gol en un remate brillante de Kenan Kodro. El tanto cre\u00f3 tanta incertidumbre que, si no es por Rulli, a lo mejor a esta hora habl\u00e1bamos de otra cosa.<\/p>\n\n\n\n<p class=\" eplus-wrapper\">La Real no acert\u00f3 a leer el partido durante una hora, ni a adaptarse a la tarde-noche de perros con la que obsequi\u00f3 a los aficionados. Viento, lluvia, granizo, apag\u00f3n de luces? incluso en el cuadro de Eusebio que, en cuanto incorpor\u00f3 al juego a Zurutuza, vio c\u00f3mo su equipo jugaba diferente, abr\u00eda el campo, sub\u00edan los laterales y llegaban las opciones de remate y gol que hasta entonces brillaban por su ausencia. Odriozola, otra vez muy fiable, y Yuri dieron un paso al frente y buscaron por la banda el camino de la remontada. Tres tantos en un cuarto de hora y el abatimiento a\u00f1adido en las filas rojillas que, probablemente, merecieron otro premio distinto al de la derrota.<\/p>\n\n\n\n<p class=\" eplus-wrapper\">Osasuna meti\u00f3 a la Real en problemas, le impidi\u00f3 desarrollar su juego y dispuso de oportunidades para que las cosas se torcieran y tambi\u00e9n se la tuvieran que enjaretar, pero felizmente encontr\u00f3 respuesta formidable cuando se necesitaba. El partido del peligro o de la tonter\u00eda. Nunca es f\u00e1cil la vuelta a la rutina, un encuentro por semana, cuando vuelves de un marem\u00e1gnum de exigencia. Tocaba adaptarse ante un rival que siempre complica las cosas y que no anduvo lejos de hacer saltar la banca. Afortunadamente, no terminaron de encontrar la llave de la caja fuerte.<\/p>\n","protected":false},"excerpt":{"rendered":"<p>Real Sociedad 3 &#8211; CA Osasuna 2 (Jornada 21 | dom, 05\/02\/17 | 18:30H) sab\u00e9is de sobra el poco cari\u00f1o que le tengo a la LFP, esa que presume de ser la mejor liga del mundo y que, cada vez que cuenta con la oportunidad de lucirse, demuestra justo lo contrario. No dudo que aqu\u00ed [&hellip;]<\/p>\n","protected":false},"author":1,"featured_media":7515,"comment_status":"closed","ping_status":"open","sticky":false,"template":"","format":"standard","meta":{"editor_plus_copied_stylings":"{}","_monsterinsights_skip_tracking":false,"_monsterinsights_sitenote_active":false,"_monsterinsights_sitenote_note":"","_monsterinsights_sitenote_category":0,"footnotes":""},"categories":[57],"tags":[],"class_list":["post-7553","post","type-post","status-publish","format-standard","has-post-thumbnail","hentry","category-beaterios-2016-2017"],"aioseo_notices":[],"_links":{"self":[{"href":"https:\/\/elbeaterio.es\/index.php\/wp-json\/wp\/v2\/posts\/7553","targetHints":{"allow":["GET"]}}],"collection":[{"href":"https:\/\/elbeaterio.es\/index.php\/wp-json\/wp\/v2\/posts"}],"about":[{"href":"https:\/\/elbeaterio.es\/index.php\/wp-json\/wp\/v2\/types\/post"}],"author":[{"embeddable":true,"href":"https:\/\/elbeaterio.es\/index.php\/wp-json\/wp\/v2\/users\/1"}],"replies":[{"embeddable":true,"href":"https:\/\/elbeaterio.es\/index.php\/wp-json\/wp\/v2\/comments?post=7553"}],"version-history":[{"count":2,"href":"https:\/\/elbeaterio.es\/index.php\/wp-json\/wp\/v2\/posts\/7553\/revisions"}],"predecessor-version":[{"id":7584,"href":"https:\/\/elbeaterio.es\/index.php\/wp-json\/wp\/v2\/posts\/7553\/revisions\/7584"}],"wp:featuredmedia":[{"embeddable":true,"href":"https:\/\/elbeaterio.es\/index.php\/wp-json\/wp\/v2\/media\/7515"}],"wp:attachment":[{"href":"https:\/\/elbeaterio.es\/index.php\/wp-json\/wp\/v2\/media?parent=7553"}],"wp:term":[{"taxonomy":"category","embeddable":true,"href":"https:\/\/elbeaterio.es\/index.php\/wp-json\/wp\/v2\/categories?post=7553"},{"taxonomy":"post_tag","embeddable":true,"href":"https:\/\/elbeaterio.es\/index.php\/wp-json\/wp\/v2\/tags?post=7553"}],"curies":[{"name":"wp","href":"https:\/\/api.w.org\/{rel}","templated":true}]}}