{"id":7554,"date":"2017-01-30T03:00:00","date_gmt":"2017-01-30T01:00:00","guid":{"rendered":"https:\/\/elbeaterio.es\/index.php\/2017\/01\/30\/llegar-a-final-de-mes\/"},"modified":"2025-05-27T19:28:08","modified_gmt":"2025-05-27T17:28:08","slug":"llegar-a-final-de-mes","status":"publish","type":"post","link":"https:\/\/elbeaterio.es\/index.php\/2017\/01\/30\/llegar-a-final-de-mes\/","title":{"rendered":"Llegar a final de mes"},"content":{"rendered":"\n<p class=\"has-gridlove-meta-color has-text-color has-link-color eplus-wrapper wp-elements-48c841a504edfe863fc5015ea97c28fc\">Real Madrid 3 &#8211; Real Sociedad 0 (Jornada 20 | dom, 29\/01\/17 | 20:45H)<\/p>\n\n\n\n<p class=\" eplus-wrapper\">Las inc\u00f3gnitas que os planteaba en relaci\u00f3n con la ausencia de H\u00e9ctor Hern\u00e1ndez en la convocatoria del Camp Nou se prolongaron en el tiempo hasta este s\u00e1bado cuando tampoco figuraba entre los elegidos por Eusebio para la cita del Bernab\u00e9u. Como quiera que todos los comit\u00e9s, habidos y por haber, mantuvieron la sanci\u00f3n a Yuri, al entrenador realista se le planteaba un marr\u00f3n en toda regla. Jugar contra el Real Madrid, en su campo, no parece una ocasi\u00f3n propicia para experimentos. Darle a un jugador del filial la oportunidad de debutar en semejante escenario, conlleva bemoles. A lo visto, al entrenador realista no le tiembla el pulso. Kevin debut\u00f3 en el flanco izquierdo de la defensa con Lucas V\u00e1zquez en su horizonte inmediato, cumpliendo con mucha dignidad.<\/p>\n\n\n\n<p class=\" eplus-wrapper\">Es decir que el ausente lateral vallisoletano saldr\u00e1 en las pr\u00f3ximas horas hacia otro destino. Lo mismo que hace d\u00edas lo hizo Rub\u00e9n Pardo, de estreno ayer con la camiseta verdiblanca del Betis. As\u00ed, la Real aligera tropa hasta el 30 de junio, una vez que se han cubierto todos los compromisos competicionales, salvo la dom\u00e9stica liga que nos lleva a un calendario racional, a partido por semana, y con el foco puesto y bien dirigido a un concreto objetivo. \u00a1Agur a la dispersi\u00f3n!<\/p>\n\n\n\n<p class=\" eplus-wrapper\">Y todo este traj\u00edn se deriva del penalti no pitado a Yuri por derribo indiscutible dentro del \u00e1rea. Lo que para todos nosotros es evidente, para quienes administran justicia deportiva, no. Ya me gustar\u00eda, pero parece misi\u00f3n imposible, que de vez en cuando estos santones act\u00faen de oficio y pongan en orden esta catarata de escupitajos, codazos, empellones, collejas, pescozones, cogotazos? que cada d\u00eda proliferan m\u00e1s. Afortunadamente, las c\u00e1maras de televisi\u00f3n desenmascaran a los causantes. Lejos de sonrojarse, mantienen el list\u00f3n en el mismo sitio que lo dejaron, porque aqu\u00ed no pasa nada y se perpet\u00faa la impunidad. Hay una tabla de medir y un reglamento para unos. Lo mismo que otro, menos generoso, para los dem\u00e1s. \u00bfQui\u00e9n le pone el cascabel al gato?<\/p>\n\n\n\n<p class=\" eplus-wrapper\">Hubo un tiempo en el que, a partidos como el de anoche, les daba una importancia relativa. Incluso, sab\u00e9is que abr\u00eda un par\u00e9ntesis, met\u00eda dentro el producto del d\u00eda, y cerraba el par\u00e9ntesis. Felizmente ahora se compite (por lo menos cincuenta minutos hasta que enchufaron el segundo), se da la cara y se pelea, aunque las bombonas est\u00e9n en la reserva y la cabeza no puede m\u00e1s que marearse. Esa es una evidencia del cambio m\u00e1s all\u00e1 del resultado.<\/p>\n\n\n\n<p class=\" eplus-wrapper\">En estas circunstancias parece que pueda suceder algo y se agradece, porque en tiempos no lejanos estos partidos se parec\u00edan a la escalera que conduc\u00eda a Mar\u00eda Estuardo al cadalso para ser decapitada.<\/p>\n\n\n\n<p class=\" eplus-wrapper\">Ciertamente, la jornada no se planteaba favorable tras los fracasos de Barcelona, Atl\u00e9tico y Sevilla. Los directos rivales madridistas capotaron y la oportunidad de poner m\u00e1s tierra de por medio se planteaba como una oportunidad para los locales y una dificultad a\u00f1adida (por si hubiera pocas) para los visitantes. Estos, por la misma causa, se encontraban con la gran oportunidad de crecer. Planteado el cuerpo a cuerpo muchas cosas iban a depender de los esfuerzos y de la resistencia. Quiz\u00e1s por ah\u00ed se pudiera entender la ausencia en el once inicial de Xabi Prieto y Vela.<\/p>\n\n\n\n<p class=\" eplus-wrapper\">La Real gustaba, llegaba con peligro y daba la sensaci\u00f3n de que no estaba lejos de la sorpresa. El Madrid no jugaba a casi nada. Ni saques de esquina, ni posesi\u00f3n, ni acierto en los pases, pero? te espera a que cometas un error o midas mal la distancia. Se sienten felices saliendo como gamos. As\u00ed nos pillaron en los dos primeros tantos. Casemiro reconoci\u00f3 al terminar el encuentro que lo hab\u00eda entrenado durante la semana.<\/p>\n\n\n\n<p class=\" eplus-wrapper\">Con el segundo gol, el partido se acab\u00f3. El tanto nos hizo da\u00f1o y todo lo que pas\u00f3 despu\u00e9s pertenece m\u00e1s a la pel\u00edcula tantas veces vista. P\u00e9rdida de tensi\u00f3n, expulsi\u00f3n de I\u00f1igo y todos mirando al reloj para que todo acabara cuanto antes. No hay equipo en el mundo que juegue en cuatro d\u00edas contra el Bar\u00e7a y Real Madrid y no lo pague de alguna manera.<\/p>\n\n\n\n<p class=\" eplus-wrapper\">Concluye, por fin, un mes pernicioso con nueve partidos en veinticinco d\u00edas, que acaban con el m\u00e1s pintado. Kit de supervivencia para t\u00e9cnicos, jugadores, periodistas, aficionados, sometidos al dise\u00f1o de una hoja de ruta implacable que va dejando bajas en el camino, como si pasara una plaga o una caballer\u00eda. Se agradece un poco de calma, porque el equipo necesita recuperarse y descansar. Queda atr\u00e1s la cuesta de un mes en el que tanto esfuerzo supone llegar al final.<\/p>\n","protected":false},"excerpt":{"rendered":"<p>Real Madrid 3 &#8211; Real Sociedad 0 (Jornada 20 | dom, 29\/01\/17 | 20:45H) Las inc\u00f3gnitas que os planteaba en relaci\u00f3n con la ausencia de H\u00e9ctor Hern\u00e1ndez en la convocatoria del Camp Nou se prolongaron en el tiempo hasta este s\u00e1bado cuando tampoco figuraba entre los elegidos por Eusebio para la cita del Bernab\u00e9u. Como [&hellip;]<\/p>\n","protected":false},"author":1,"featured_media":7514,"comment_status":"closed","ping_status":"open","sticky":false,"template":"","format":"standard","meta":{"editor_plus_copied_stylings":"{}","_monsterinsights_skip_tracking":false,"_monsterinsights_sitenote_active":false,"_monsterinsights_sitenote_note":"","_monsterinsights_sitenote_category":0,"footnotes":""},"categories":[57],"tags":[],"class_list":["post-7554","post","type-post","status-publish","format-standard","has-post-thumbnail","hentry","category-beaterios-2016-2017"],"aioseo_notices":[],"_links":{"self":[{"href":"https:\/\/elbeaterio.es\/index.php\/wp-json\/wp\/v2\/posts\/7554","targetHints":{"allow":["GET"]}}],"collection":[{"href":"https:\/\/elbeaterio.es\/index.php\/wp-json\/wp\/v2\/posts"}],"about":[{"href":"https:\/\/elbeaterio.es\/index.php\/wp-json\/wp\/v2\/types\/post"}],"author":[{"embeddable":true,"href":"https:\/\/elbeaterio.es\/index.php\/wp-json\/wp\/v2\/users\/1"}],"replies":[{"embeddable":true,"href":"https:\/\/elbeaterio.es\/index.php\/wp-json\/wp\/v2\/comments?post=7554"}],"version-history":[{"count":2,"href":"https:\/\/elbeaterio.es\/index.php\/wp-json\/wp\/v2\/posts\/7554\/revisions"}],"predecessor-version":[{"id":7586,"href":"https:\/\/elbeaterio.es\/index.php\/wp-json\/wp\/v2\/posts\/7554\/revisions\/7586"}],"wp:featuredmedia":[{"embeddable":true,"href":"https:\/\/elbeaterio.es\/index.php\/wp-json\/wp\/v2\/media\/7514"}],"wp:attachment":[{"href":"https:\/\/elbeaterio.es\/index.php\/wp-json\/wp\/v2\/media?parent=7554"}],"wp:term":[{"taxonomy":"category","embeddable":true,"href":"https:\/\/elbeaterio.es\/index.php\/wp-json\/wp\/v2\/categories?post=7554"},{"taxonomy":"post_tag","embeddable":true,"href":"https:\/\/elbeaterio.es\/index.php\/wp-json\/wp\/v2\/tags?post=7554"}],"curies":[{"name":"wp","href":"https:\/\/api.w.org\/{rel}","templated":true}]}}