{"id":7977,"date":"2014-08-08T00:00:00","date_gmt":"2014-08-07T22:00:00","guid":{"rendered":"https:\/\/elbeaterio.es\/index.php\/2014\/08\/08\/el-coro-y-los-solistas\/"},"modified":"2025-05-27T19:27:09","modified_gmt":"2025-05-27T17:27:09","slug":"el-coro-y-los-solistas","status":"publish","type":"post","link":"https:\/\/elbeaterio.es\/index.php\/2014\/08\/08\/el-coro-y-los-solistas\/","title":{"rendered":"El coro y los solistas"},"content":{"rendered":"\n<p class=\"has-gridlove-meta-color has-text-color has-link-color eplus-wrapper wp-elements-b05823516390d46349014db2d3a9094d\">Aberdeen FC 2 &#8211; Real Sociedad 3 (Europa league, clasificaci\u00f3n vuelta &#8211; 07\/08\/2014)<\/p>\n\n\n\n<p class=\" eplus-wrapper\">Estaba ayer jam\u00e1ndome el tarro tratando de recordar una experiencia que casualmente hoy cumple 25 a\u00f1os. La Real decidi\u00f3 que Marco Boronat fuese el responsable del primer equipo, aunque ya hab\u00eda terminado el ejercicio anterior tras la salida de John Toshack. Aquel verano nos fuimos a Escocia a jugar partidos de pretemporada, lo mismo que a Londres. El tiempo pasado, y el an\u00e1lisis del mismo, permite entender lo mucho que han cambiado las cosas.<\/p>\n\n\n\n<p class=\" eplus-wrapper\">Los informadores que entonces viaj\u00e1bamos con el equipo \u00e9ramos muy pocos, hasta tal punto que ocup\u00e1bamos asientos en el autob\u00fas que llevaba al grupo all\u00e1 donde fuere. Hoy eso es impensable. Como en aquella \u00e9poca no manej\u00e1bamos ni m\u00f3viles, ni c\u00e1maras digitales, ni ordenadores, ni nada parecido, los testimonios que guardo son m\u00ednimos y se esconden en la mara\u00f1a de los viejos recuerdos.<\/p>\n\n\n\n<p class=\" eplus-wrapper\">Un d\u00eda llegamos a Glasgow, ciudad con fama de fea por industrial. Su prestigio era reducido aunque al verla encontr\u00e9 cierto encanto. La primera noche cenamos en un restaurante sorprendente, Art Dec\u00f3 en toda regla. Supongo que sigue en el mismo sitio y con el mismo nombre, Rogano, establecimiento c\u00e9ntrico y muy afamado. Es imposible que recuerde el men\u00fa, pero intuyo que algo de salm\u00f3n desfil\u00f3 por la mesa. En ese viaje se repiti\u00f3 bastante, lo mismo que el rosbif.<\/p>\n\n\n\n<p class=\" eplus-wrapper\">El equipo entrenaba y disputaba partidos amistosos frente a rivales que siguen siendo referentes en su peque\u00f1a liga: Motherwell, Dundee, Dunfermline. Una de las noches nos invitaron a cenar a toda la expedici\u00f3n a un hotel en el que se homenajeaba al \u00e1rbitro internacional Bob Valentine que se retiraba. A los postres comenzaron los discursos, unas chapas monumentales que lo eran m\u00e1s porque ingl\u00e9s, lo que se dice ingl\u00e9s no lo habl\u00e1bamos nadie.<\/p>\n\n\n\n<p class=\" eplus-wrapper\">Llegado el momento, Boronat, con criterio impagable y plausible, sugiri\u00f3 que era hora de marcharse. Y nos fuimos, gracias a Dios.<\/p>\n\n\n\n<p class=\" eplus-wrapper\">Aquella gira nos permiti\u00f3 conocer lugares id\u00edlicos: Edimburgo, maravilloso Old Town, lo mismo que el m\u00edtico campo de rugby de Murrayfield que vimos desde fuera; St. Andrews, parecido a un cuento de hadas, con un cementerio al final de la calle principal con casas peque\u00f1as hechas de granito y rodeadas de bruma. Compr\u00e9 un precioso alfiler de corbata con el escudo del m\u00edtico campo de golf en una de las tiendas al uso que en sus escaparates luc\u00eda fotos enormes de Olazabal. A\u00fan lo conservo en una peque\u00f1a cajita azul aterciopelada.<\/p>\n\n\n\n<p class=\" eplus-wrapper\">Anduvimos cerca de Aberdeen, pero no llegamos a pisar la ciudad y no vimos el lago Ness por si aparec\u00eda el monstruo que en aquella \u00e9poca creaba p\u00e1nicos y desarrollaba la leyenda en pleno apogeo. Muchas personas dec\u00edan haberlo visto.<\/p>\n\n\n\n<p class=\" eplus-wrapper\">No era un verano f\u00e1cil. Se acababan de marchar Rekarte, Bakero y Begiristain. Las dudas sobrevolaban el ambiente. Fue entonces cuando se decidi\u00f3 acudir al mercado extranjero. Aquello supon\u00eda un cambio profundo en la filosof\u00eda del club. No se ocultaban las reuniones, porque tanto el entrenador como dirigentes del club y un representante ingl\u00e9s hablaban y hablaban para cerrar el fichaje de quien pocos d\u00edas despu\u00e9s llegaba al plantel realista: John Aldridge.<\/p>\n\n\n\n<p class=\" eplus-wrapper\">Cuento estas cosas para no perder de vista el camino realizado, el c\u00f3mo y el cu\u00e1ndo. Lo que ahora parece normal, entonces fue un shock en toda regla. Aquella gira concluy\u00f3 en Wembley y lo que m\u00e1s siento es no guardar fotograf\u00edas del viejo estadio que era entonces algo as\u00ed como el sancta sanct\u00f3rum de los campos de f\u00fatbol.<\/p>\n\n\n\n<p class=\" eplus-wrapper\">Estas historias me apasionan m\u00e1s que los partidos de rodaje con vitola de decisivos y que debes sacarlos adelante si no quieres que te salgan los colores, te pinten la cara y te hagan dudar hasta del apellido. El Aberdeen puso todo lo necesario. Llen\u00f3 el campo, hizo sonar a la grada como un orfe\u00f3n al un\u00edsono, pero le fallaron los solistas. Justo lo contrario que su rival, que no fue arm\u00f3nico en la actuaci\u00f3n pero los dos tenores le sacaron del aprieto y los apuros.<\/p>\n\n\n\n<p class=\" eplus-wrapper\">Primero Xabi Prieto, cuyo remate permiti\u00f3 adelantar a su equipo y abrir una brecha casi insalvable para el oponente. Luego, el pase a De la Bella que termin\u00f3 con el claro penalti que el capit\u00e1n materializ\u00f3 con maestr\u00eda. La otra aportaci\u00f3n que marc\u00f3 diferencia correspondi\u00f3 a Canales, Su acceso al terreno cambi\u00f3 la configuraci\u00f3n y a\u00f1adi\u00f3 las ideas que faltaban. Tuvo un par de goles y dio el centro que Markel acert\u00f3 a meter en la porter\u00eda de Langfield, como se dec\u00eda otrora, de soberbio testarazo.<\/p>\n\n\n\n<p class=\" eplus-wrapper\">Objetivo cumplido, pero con un importante margen de mejora por delante.<\/p>\n","protected":false},"excerpt":{"rendered":"<p>Aberdeen FC 2 &#8211; Real Sociedad 3 (Europa league, clasificaci\u00f3n vuelta &#8211; 07\/08\/2014) Estaba ayer jam\u00e1ndome el tarro tratando de recordar una experiencia que casualmente hoy cumple 25 a\u00f1os. La Real decidi\u00f3 que Marco Boronat fuese el responsable del primer equipo, aunque ya hab\u00eda terminado el ejercicio anterior tras la salida de John Toshack. Aquel [&hellip;]<\/p>\n","protected":false},"author":1,"featured_media":7843,"comment_status":"closed","ping_status":"open","sticky":false,"template":"","format":"standard","meta":{"editor_plus_copied_stylings":"{}","_monsterinsights_skip_tracking":false,"_monsterinsights_sitenote_active":false,"_monsterinsights_sitenote_note":"","_monsterinsights_sitenote_category":0,"footnotes":""},"categories":[59],"tags":[],"class_list":["post-7977","post","type-post","status-publish","format-standard","has-post-thumbnail","hentry","category-beaterios-2014-2015"],"aioseo_notices":[],"_links":{"self":[{"href":"https:\/\/elbeaterio.es\/index.php\/wp-json\/wp\/v2\/posts\/7977","targetHints":{"allow":["GET"]}}],"collection":[{"href":"https:\/\/elbeaterio.es\/index.php\/wp-json\/wp\/v2\/posts"}],"about":[{"href":"https:\/\/elbeaterio.es\/index.php\/wp-json\/wp\/v2\/types\/post"}],"author":[{"embeddable":true,"href":"https:\/\/elbeaterio.es\/index.php\/wp-json\/wp\/v2\/users\/1"}],"replies":[{"embeddable":true,"href":"https:\/\/elbeaterio.es\/index.php\/wp-json\/wp\/v2\/comments?post=7977"}],"version-history":[{"count":1,"href":"https:\/\/elbeaterio.es\/index.php\/wp-json\/wp\/v2\/posts\/7977\/revisions"}],"predecessor-version":[{"id":8059,"href":"https:\/\/elbeaterio.es\/index.php\/wp-json\/wp\/v2\/posts\/7977\/revisions\/8059"}],"wp:featuredmedia":[{"embeddable":true,"href":"https:\/\/elbeaterio.es\/index.php\/wp-json\/wp\/v2\/media\/7843"}],"wp:attachment":[{"href":"https:\/\/elbeaterio.es\/index.php\/wp-json\/wp\/v2\/media?parent=7977"}],"wp:term":[{"taxonomy":"category","embeddable":true,"href":"https:\/\/elbeaterio.es\/index.php\/wp-json\/wp\/v2\/categories?post=7977"},{"taxonomy":"post_tag","embeddable":true,"href":"https:\/\/elbeaterio.es\/index.php\/wp-json\/wp\/v2\/tags?post=7977"}],"curies":[{"name":"wp","href":"https:\/\/api.w.org\/{rel}","templated":true}]}}