{"id":85,"date":"2012-03-05T07:13:37","date_gmt":"2012-03-05T07:13:37","guid":{"rendered":"http:\/\/localhost\/joomla\/2012\/03\/05\/icomo-fermin-con-su-banderin\/"},"modified":"2025-05-28T20:49:49","modified_gmt":"2025-05-28T18:49:49","slug":"icomo-fermin-con-su-banderin","status":"publish","type":"post","link":"https:\/\/elbeaterio.es\/index.php\/2012\/03\/05\/icomo-fermin-con-su-banderin\/","title":{"rendered":"\u00a1Como Ferm\u00edn con su bander\u00edn&#8230;!"},"content":{"rendered":"\n<figure class=\" wp-block-table eplus-wrapper\"><table><thead><tr><th class=\"has-text-align-center\" data-align=\"center\">Athletic Club 2-0 Real Sociedad<\/th><\/tr><\/thead><tbody><tr><td class=\"has-text-align-center\" data-align=\"center\">Jornada 26 Liga &#8211; 04\/03\/2012<\/td><\/tr><\/tbody><\/table><\/figure>\n\n\n\n<p class=\" eplus-wrapper\">Lo primero a lo que voy a referirme es al \u00e1rbitro y a su asistente, muy influyentes en el resultado final del partido. Decisivos, como en su d\u00eda lo fueron Medina Cantalejo y Undiano con Ferm\u00edn y su bander\u00edn. Un gol, o un penalti con expulsi\u00f3n, al inicio del segundo tiempo nos hubiera ofrecido otro partido y otra ilusi\u00f3n. Mateu pasa a la larga lista de atropellos que la Real sufre en San Mam\u00e9s. A las propias y grandes dificultades que ofrece el rival se une el puntillazo del cachetero.<\/p>\n\n\n\n<!--more-->\n\n\n\n<p class=\" eplus-wrapper\">Guardo muchos de los libros de bachillerato, sobre todo los de las asignaturas que me gustaban. No busques en mi biblioteca nada que se aproxime a la ciencia porque estar\u00e1s perdiendo el tiempo. A lo mejor es una deformaci\u00f3n, pero pasadas m\u00e1s de cuatro d\u00e9cadas no me arrepiento de mis gustos. Este fin de semana he tratado de ordenarlos. Necesitaba espacio para hacer hueco a otros m\u00e1s modernos. Lejos de ir deprisa me lo tom\u00e9 con calme y fue abriendo y cerrando las p\u00e1ginas de algunos de ellos.\u00a0Encontr\u00e9 entre las hojas apuntes hechos a mano, fichas, alguna estampita y muchas l\u00edneas subrayadas con l\u00e1piz a sugerencia del profesor (entonces no exist\u00edan los fosforitos). Al llegar al texto de Historia del Arte encontr\u00e9 un p\u00e1rrafo curioso, en los tiempos de Persia, Mesopotamia y el antiguo Egipto. En el espacio dedicado al relieve caldeoasirio s\u00f3lo destacaba una frase marcada &#8220;es muy importante&#8221;, es decir que lo m\u00e1s significativo de ese periodo art\u00edstico era eso y nada m\u00e1s.<\/p>\n\n\n\n<p class=\" eplus-wrapper\">De inmediato record\u00e9 al responsable. Era un antiguo cura que abandon\u00f3 los h\u00e1bitos para secularizarse. Andaluz de C\u00e1diz era bastante vago y engordaba por d\u00edas. Usaba gafas y era conocido por su mote &#8220;T\u00eda Leo&#8221;, que era en aquel tiempo una se\u00f1ora entra\u00f1able que anunciaba en la pantalla de televisi\u00f3n pastillas de &#8220;Avecrem&#8221; para hacer caldo.<\/p>\n\n\n\n<p class=\" eplus-wrapper\">Su padre hab\u00eda sido capit\u00e1n de artiller\u00eda. Su segundo apellido sonaba a vasco, como el largo nombre de un pueblo navarro. Un d\u00eda, al salir del colegio, le vimos con una rubia llamativa a la que pasaba el brazo por el cuello como los colegas de ahora. En aquel tiempo aquello era un esc\u00e1ndalo sobre todo si suced\u00eda en la misma puerta del colegio religioso en el que nos daba clase. \u00a1C\u00f3mo ser\u00eda que no se me ha olvidado!. Nunca m\u00e1s supe de \u00e9l.<\/p>\n\n\n\n<p class=\" eplus-wrapper\">\u00a0Segu\u00ed repasando libros hasta que comprob\u00e9 que no consegu\u00eda aumentar el espacio y estaba la sala de casa en plan siniestro total. Amontonados en largas pilas, trat\u00e9 de colocarlos de nuevo. Y como sucede tantas veces, peor el remedio que la enfermedad, porque sobraban unos cuantos, la mayor\u00eda novelas, que antes del zafarrancho estaban acomodados, bien pegaditos unos a otros. Como las defensas de los buenos equipos, esas que achican espacios y dificultan el juego del rival.<\/p>\n\n\n\n<p class=\" eplus-wrapper\">Intu\u00ed que los nuestros saldr\u00edan de ese modo sobre el c\u00e9sped de San Mam\u00e9s. Vestidos con coraza, como los relieves asirios de Sarg\u00f3n con cabezas de hombre y cuerpos de toro. Con cuernos para embestir. Comprometidos con su fiel feligres\u00eda, la afici\u00f3n, esa que apoya haciendo esfuerzos impagables y colas para conseguir un sitio cercano desde el que poder empujarles cuando m\u00e1s falta hace. En el campo del Athletic, por todo lo visto, era previsible que el equipo necesitara esos apoyos y m\u00e1s.<\/p>\n\n\n\n<p class=\" eplus-wrapper\">\u00a0Era un d\u00eda para las decisiones. Las primeras le correspond\u00edan a Montanier. Dejar a Ifr\u00e1n en la grada y a Imanol Agirretxe en el banquillo conllevaba mensaje. F\u00fatbol por abajo y de movilidad para sorprender a los &#8220;tanques&#8221; San Jos\u00e9-Amorebieta a los que dejaba sin referencias.<\/p>\n\n\n\n<p class=\" eplus-wrapper\">\u00a0Como antes de la media hora Susaeta adelant\u00f3 a los suyos, poco quedaba que defender y mucho que atacar. Hasta el descanso los minutos trascurrieron sin m\u00e1s sobresaltos que el tiro al larguero del propio autor del tanto. Luego, en la reanudaci\u00f3n, pas\u00f3 lo que pas\u00f3. La Real empat\u00f3 y le birlaron su conquista entre el asistente, el \u00e1rbitro y los temores. Los realistas no merecieron perder. Quiz\u00e1s los cambios debieron llegar antes, porque mover el banquillo a tiempo, como los relieves caldeoasirios, es muy importante.<\/p>\n\n\n\n<p class=\" eplus-wrapper\">&nbsp;<\/p>\n\n\n\n<p class=\" eplus-wrapper\">PD.- Lamentablemente, ayer, despu\u00e9s de casi veinticinco a\u00f1os transmitiendo partidos en los campos, me perd\u00ed &#8220;in situ&#8221; un derby que como siempre merec\u00eda la pena. Las emisoras de radio faltamos a la cita como nos hubiera gustado estar, al lado del equipo y de sus seguidores.<\/p>\n","protected":false},"excerpt":{"rendered":"<p>Athletic Club 2-0 Real Sociedad Jornada 26 Liga &#8211; 04\/03\/2012 Lo primero a lo que voy a referirme es al \u00e1rbitro y a su asistente, muy influyentes en el resultado final del partido. Decisivos, como en su d\u00eda lo fueron Medina Cantalejo y Undiano con Ferm\u00edn y su bander\u00edn. Un gol, o un penalti con [&hellip;]<\/p>\n","protected":false},"author":1,"featured_media":8456,"comment_status":"closed","ping_status":"open","sticky":false,"template":"","format":"standard","meta":{"editor_plus_copied_stylings":"{}","_monsterinsights_skip_tracking":false,"_monsterinsights_sitenote_active":false,"_monsterinsights_sitenote_note":"","_monsterinsights_sitenote_category":0,"footnotes":""},"categories":[33],"tags":[],"class_list":["post-85","post","type-post","status-publish","format-standard","has-post-thumbnail","hentry","category-beaterios-2011-2012"],"aioseo_notices":[],"_links":{"self":[{"href":"https:\/\/elbeaterio.es\/index.php\/wp-json\/wp\/v2\/posts\/85","targetHints":{"allow":["GET"]}}],"collection":[{"href":"https:\/\/elbeaterio.es\/index.php\/wp-json\/wp\/v2\/posts"}],"about":[{"href":"https:\/\/elbeaterio.es\/index.php\/wp-json\/wp\/v2\/types\/post"}],"author":[{"embeddable":true,"href":"https:\/\/elbeaterio.es\/index.php\/wp-json\/wp\/v2\/users\/1"}],"replies":[{"embeddable":true,"href":"https:\/\/elbeaterio.es\/index.php\/wp-json\/wp\/v2\/comments?post=85"}],"version-history":[{"count":2,"href":"https:\/\/elbeaterio.es\/index.php\/wp-json\/wp\/v2\/posts\/85\/revisions"}],"predecessor-version":[{"id":8495,"href":"https:\/\/elbeaterio.es\/index.php\/wp-json\/wp\/v2\/posts\/85\/revisions\/8495"}],"wp:featuredmedia":[{"embeddable":true,"href":"https:\/\/elbeaterio.es\/index.php\/wp-json\/wp\/v2\/media\/8456"}],"wp:attachment":[{"href":"https:\/\/elbeaterio.es\/index.php\/wp-json\/wp\/v2\/media?parent=85"}],"wp:term":[{"taxonomy":"category","embeddable":true,"href":"https:\/\/elbeaterio.es\/index.php\/wp-json\/wp\/v2\/categories?post=85"},{"taxonomy":"post_tag","embeddable":true,"href":"https:\/\/elbeaterio.es\/index.php\/wp-json\/wp\/v2\/tags?post=85"}],"curies":[{"name":"wp","href":"https:\/\/api.w.org\/{rel}","templated":true}]}}