{"id":87,"date":"2012-02-27T07:05:04","date_gmt":"2012-02-27T07:05:04","guid":{"rendered":"http:\/\/localhost\/joomla\/2012\/02\/27\/iaxi-te-queremos\/"},"modified":"2025-05-28T20:48:29","modified_gmt":"2025-05-28T18:48:29","slug":"iaxi-te-queremos","status":"publish","type":"post","link":"https:\/\/elbeaterio.es\/index.php\/2012\/02\/27\/iaxi-te-queremos\/","title":{"rendered":"\u00a1Axi, te queremos!"},"content":{"rendered":"\n<figure class=\" wp-block-table eplus-wrapper\"><table><thead><tr><th class=\"has-text-align-center\" data-align=\"center\">Real Sociedad 1-0 Real Mallorca<\/th><\/tr><\/thead><tbody><tr><td class=\"has-text-align-center\" data-align=\"center\">Jornada 25 Liga &#8211; 26\/02\/2012<\/td><\/tr><\/tbody><\/table><\/figure>\n\n\n\n<p class=\" eplus-wrapper\">Dicen que un texto nunca debe comenzar con una frase condicional. Dicen que debe mantenerse el criterio constructivo, es decir, sujeto, verbo y predicado. Muy bien, pues hoy inicio con un &#8220;si&#8221; este d\u00eda despu\u00e9s del paso rampl\u00f3n del Mallorca por Anoeta y de la victoria pl\u00fambea de los realistas.<\/p>\n\n\n\n<!--more-->\n\n\n\n<p class=\" eplus-wrapper\"><br>Si en lugar de un estadio desolador e insensible cont\u00e1semos con un campo de f\u00fatbol como debiera haber sido y no fue, el sentimiento de los seguidores con su equipo ser\u00eda mucho m\u00e1s cercano y efectivo que la distancia lamentable que les separa. Ese &#8220;elefante blanco&#8221; que nadie quiere no es el lugar m\u00e1s id\u00f3neo para expresar lo que se lleva dentro. Lo dijimos hace a\u00f1os cuando se puso la primera piedra y lo mantenemos ahora cuando casi todo el mundo est\u00e1 de acuerdo en que aquello no respond\u00eda a las necesidades.<\/p>\n\n\n\n<p class=\" eplus-wrapper\">Si en lugar de guipuzcoanos, porque somos como somos, en la grada se citaran aficionados con otros comportamientos menos fr\u00edos y m\u00e1s vehementes, la resultante, sin duda, marcar\u00eda otros par\u00e1metros. Y digo todo esto, porque en otro escenario, despu\u00e9s del atropello con Axi Illarramendi, ayer se hubiera montado un \u00a1Viva Cartagena! nada m\u00e1s asomar por la escalinata el uniforme amarillo del andaluz Paradas Romero.<\/p>\n\n\n\n<p class=\" eplus-wrapper\">Lo del chaval me sigue pareciendo escandaloso. No voy a valorar si la acci\u00f3n es de roja directa, o no. Ni siquiera, si la entrada es lateral o por detr\u00e1s. El \u00e1rbitro fue como un cohete a expulsarle. Tir\u00f3 de ordenador de modo sibilino para redactar el acta y poner en manos del comit\u00e9 de turno un documento con el que decidir. Por su parte, el club remite un v\u00eddeo tratando de que la expulsi\u00f3n no sea considerada como tal. La resultante, la conocemos de sobra. Dos partidos que no se digieren ni con bicarbonato Torres Mu\u00f1oz.<\/p>\n\n\n\n<p class=\" eplus-wrapper\">Reglamento en mano y aplicando la letra, pueden decidir lo que quieran, pero en el camino se dan cita tantos agravios comparativos que esta sanci\u00f3n no se sostiene por ninguna parte. Estamos aburridos de ver partidos en la liga que terminan de modo deleznable. Los aficionados hacen de esos comportamientos indefendibles tema de conversaci\u00f3n semanal que se prorroga cuando los comit\u00e9s de turno deciden n\u00e1usea.<\/p>\n\n\n\n<p class=\" eplus-wrapper\">Viendo las im\u00e1genes del Rayo-Real Madrid y las decisiones arbitrales al respecto de las jugadas conflictivas, de los pisotones y codazos al uso, solicito la beatificaci\u00f3n deportiva de&nbsp; Asier Illarramendi que si se pone h\u00e1bito azul y toca blanca no es peor que Teresa de Calcuta. \u00a1Axi, te queremos!<\/p>\n\n\n\n<p class=\" eplus-wrapper\">Ahora convivimos con un desm\u00e1n y una tropel\u00eda que afectan a un chaval que debe aprender tambi\u00e9n a medir sus impulsos. Ello no est\u00e1 re\u00f1ido con el respeto que merece. Lo que el jugador siente tiene un aire a&nbsp; lo nuestro, al escandaloso desatino que impide a las emisoras de radio acceder a los estadios para transmitir los partidos.<\/p>\n\n\n\n<p class=\" eplus-wrapper\">Por eso, aplaudo que el club haya recurrido al CDD (disciplina deportiva) y est\u00e9 a la espera de que alguien con m\u00e1s amplio criterio determine lo que corresponde, por higiene deportiva y por decencia.<\/p>\n\n\n\n<p class=\" eplus-wrapper\">Dicho lo cual y con la esperanza de que pueda jugar el pr\u00f3ximo domingo, me refiero al partido de ayer ante los baleares, aquellos que nos dieron un soplamocos con todas las de la ley cuando so\u00f1\u00e1bamos con ilusionarnos. Unos y otros se hartaron durante la semana de afirmar que el encuentro de Anoeta nada ten\u00eda que ver con aquel de la copa. Forma gratuita y f\u00e1cil de quitarse un muerto de encima. Esos varapalos no se olvidan as\u00ed como as\u00ed.<\/p>\n\n\n\n<p class=\" eplus-wrapper\">Unos y otros nos aburrieron hasta la saciedad con un partido turronero en febrero y con un gol salvador de Agirretxe que le viene bien al equipo para alcanzar los treinta puntos, que le viene bien a \u00e9l para romper la sequ\u00eda personal, pero que no cambia la tendencia de un f\u00fatbol que brilla por su ausencia un domingo s\u00ed y otro tambi\u00e9n.<\/p>\n\n\n\n<p class=\" eplus-wrapper\">&nbsp;<\/p>\n\n\n\n<p class=\" eplus-wrapper\">&nbsp;<\/p>\n\n\n\n<p class=\" eplus-wrapper\">&nbsp;<\/p>\n","protected":false},"excerpt":{"rendered":"<p>Real Sociedad 1-0 Real Mallorca Jornada 25 Liga &#8211; 26\/02\/2012 Dicen que un texto nunca debe comenzar con una frase condicional. Dicen que debe mantenerse el criterio constructivo, es decir, sujeto, verbo y predicado. Muy bien, pues hoy inicio con un &#8220;si&#8221; este d\u00eda despu\u00e9s del paso rampl\u00f3n del Mallorca por Anoeta y de la [&hellip;]<\/p>\n","protected":false},"author":1,"featured_media":8455,"comment_status":"closed","ping_status":"open","sticky":false,"template":"","format":"standard","meta":{"editor_plus_copied_stylings":"{}","_monsterinsights_skip_tracking":false,"_monsterinsights_sitenote_active":false,"_monsterinsights_sitenote_note":"","_monsterinsights_sitenote_category":0,"footnotes":""},"categories":[33],"tags":[],"class_list":["post-87","post","type-post","status-publish","format-standard","has-post-thumbnail","hentry","category-beaterios-2011-2012"],"aioseo_notices":[],"_links":{"self":[{"href":"https:\/\/elbeaterio.es\/index.php\/wp-json\/wp\/v2\/posts\/87","targetHints":{"allow":["GET"]}}],"collection":[{"href":"https:\/\/elbeaterio.es\/index.php\/wp-json\/wp\/v2\/posts"}],"about":[{"href":"https:\/\/elbeaterio.es\/index.php\/wp-json\/wp\/v2\/types\/post"}],"author":[{"embeddable":true,"href":"https:\/\/elbeaterio.es\/index.php\/wp-json\/wp\/v2\/users\/1"}],"replies":[{"embeddable":true,"href":"https:\/\/elbeaterio.es\/index.php\/wp-json\/wp\/v2\/comments?post=87"}],"version-history":[{"count":2,"href":"https:\/\/elbeaterio.es\/index.php\/wp-json\/wp\/v2\/posts\/87\/revisions"}],"predecessor-version":[{"id":8493,"href":"https:\/\/elbeaterio.es\/index.php\/wp-json\/wp\/v2\/posts\/87\/revisions\/8493"}],"wp:featuredmedia":[{"embeddable":true,"href":"https:\/\/elbeaterio.es\/index.php\/wp-json\/wp\/v2\/media\/8455"}],"wp:attachment":[{"href":"https:\/\/elbeaterio.es\/index.php\/wp-json\/wp\/v2\/media?parent=87"}],"wp:term":[{"taxonomy":"category","embeddable":true,"href":"https:\/\/elbeaterio.es\/index.php\/wp-json\/wp\/v2\/categories?post=87"},{"taxonomy":"post_tag","embeddable":true,"href":"https:\/\/elbeaterio.es\/index.php\/wp-json\/wp\/v2\/tags?post=87"}],"curies":[{"name":"wp","href":"https:\/\/api.w.org\/{rel}","templated":true}]}}