{"id":8789,"date":"2020-07-07T15:32:00","date_gmt":"2020-07-07T13:32:00","guid":{"rendered":"https:\/\/elbeaterio.es\/?p=8789"},"modified":"2025-05-30T15:34:32","modified_gmt":"2025-05-30T13:34:32","slug":"empate-con-panuelico-rojo","status":"publish","type":"post","link":"https:\/\/elbeaterio.es\/index.php\/2020\/07\/07\/empate-con-panuelico-rojo\/","title":{"rendered":"\u00a1Empate con pa\u00f1uelico rojo!"},"content":{"rendered":"\n<p class=\" eplus-wrapper\"><\/p>\n\n\n\n<figure class=\" wp-block-table eplus-wrapper\"><table><thead><tr><th class=\"has-text-align-center\" data-align=\"center\">Levante 1-1 Real Sociedad<\/th><\/tr><\/thead><tbody><tr><td class=\"has-text-align-center\" data-align=\"center\">Jornada 34 Liga &#8211; 06\/07\/2020<\/td><\/tr><\/tbody><\/table><\/figure>\n\n\n\n<p class=\" eplus-wrapper\">o primero que quiero hacer es saludar a las buenas gentes de Pasaia, Lesaka y a quienes siguen esta secci\u00f3n desde la capital navarra. Hoy es San Ferm\u00edn, el d\u00eda del santo patr\u00f3n que este a\u00f1o se celebra de aquella manera, por no decir que no se celebra. Un recuerdo tambi\u00e9n para Mikel Merino, Nacho Monreal, \u00c1lex Remiro, quienes, en lugar de vestir de blanco, pa\u00f1uelico rojo y tomarse unas birras con los amigos, se pondr\u00e1n un ch\u00e1ndal, unas medias y unas botas de colores despu\u00e9s del empate ante el Levante para comer men\u00fa de dieta. Es lo que hay.<\/p>\n\n\n\n<p class=\" eplus-wrapper\">Disfruto mucho viendo la plaza abarrotada del Ayuntamiento pamplon\u00e9s cuando va a encenderse la mecha de un cohete que anuncia fiesta. Ayer el txupinazo se escuch\u00f3 en La Nuc\u00eda. Fue Isak quien puso fuego al centro de Oyarzabal (otro m\u00e1s) para marcar de espuela un gol de esos que te dejan patidifuso. Con qu\u00e9 calma y frialdad manda el bal\u00f3n al fondo de la porter\u00eda. Este chico es como es. Cualquier otro futbolista del mundo hubiera hecho cabriolas, se hubiera abrazado con el palo del bander\u00edn de c\u00f3rner, nos hubiera ense\u00f1ado la tableta y no s\u00e9 cu\u00e1ntas cosas m\u00e1s. Si este un d\u00eda corriera el encierro, sal\u00eda por delante de la manada y se presentaba solo en la plaza de toros. \u00a1Qu\u00e9 barbaridad y qu\u00e9 zancada! Lo preocupante son las im\u00e1genes del final del encuentro, cuando se vio que llevaba una f\u00e1brica de hielo en su muslo derecho. Est\u00e1n todos de m\u00edrame y no me toques.<\/p>\n\n\n\n<p class=\" eplus-wrapper\">Lo que pasa es que muchos no son como Alex. Hay morlacos que cabecean a los lados y enganchan al que se despista. Poco despu\u00e9s del gol del jugador sueco, nos cazaron para empatar casi a rengl\u00f3n seguido. El cuerno, por el chirimbolo. Un pelotazo desde el pueblo de al lado nos sorprendi\u00f3 y nos dej\u00f3 un mal regusto cuando nos relam\u00edamos. Puede suceder y de hecho sucede. El t\u00e9cnico, sin serlo, funciona muchas veces como trapecista sobre el alambre. Debe equilibrar un mont\u00f3n de cosas. Primero, la esperada catarata de lesiones que no va a dejar de pie a casi nadie. Luego, el obligado reparto de minutos y de esfuerzos. M\u00e1s tarde, la preparaci\u00f3n de los partidos y, finalmente, la dosis de fortuna.<\/p>\n\n\n\n<p class=\" eplus-wrapper\">En medio de ese coctel cambi\u00f3 seis jugadores en relaci\u00f3n con el \u00faltimo partido ante el Espanyol con Moy\u00e1 bajo palos. Pretender con esos condicionantes que el equipo est\u00e9 perfectamente ensamblado no es que sea una utop\u00eda, pero se le acerca. Meto en el mismo saco el cambio de sistema con las sustituciones sobre la marcha en la alineaci\u00f3n inicial. Nos fue mejor en el primer tiempo que en el segundo, pero quiz\u00e1s este partido se hubiera perdido en la din\u00e1mica de las semanas anteriores al choque con el Espanyol. Y a lo mejor si Portu acierta en su ocasi\u00f3n, a esta hora hablamos de otra cosa. \u00a1Vete a saber!<\/p>\n\n\n\n<p class=\" eplus-wrapper\">En esta \u00e9poca del a\u00f1o suelo levantarme antes de las ocho. Enciendo el televisor y veo los encierros. Me gusta que pasen cosas, del mismo modo que valoro la osad\u00eda de quienes deciden correr delante de los astados. Hubo un jugador de la Real que se atrev\u00eda, corr\u00eda siempre en la misma zona de Estafeta, peri\u00f3dico en mano, vestido impecablemente, al lado de los m\u00e1s expertos participantes y disfrutaba de las carreras como cuando met\u00eda un gol. Un d\u00eda le pregunt\u00e9 qu\u00e9 sent\u00eda y por qu\u00e9 se la jugaba. Me mir\u00f3, sonri\u00f3 y casi guard\u00f3 silencio, porque probablemente no encontraba una explicaci\u00f3n con la que satisfacer mi curiosidad. \u00a1Se lleva dentro! Cuando dej\u00f3 el f\u00fatbol sigui\u00f3 participando muchos a\u00f1os y no s\u00e9 si lo sigue haciendo. Son de otra pasta.<\/p>\n\n\n\n<p class=\" eplus-wrapper\">A veces, cuando visito Pamplona, suelo hacer el recorrido al rev\u00e9s. Comienzo en la entrada a la plaza y termin\u00f3 en la Casa Consistorial. Mucho m\u00e1s lento que los toros y parando m\u00e1s de lo recomendable, bajo por Estafeta. Es una calle emblem\u00e1tica, con mucho sabor y atractivo, mezcla de olores y sabores. Como la Real a d\u00eda de hoy, que es un compendio de cosas. Jugadores expertos y debutantes, unos sanos, otros lesionados y otros m\u00e1s rajados en los quir\u00f3fanos, aunque para alg\u00fan sabio, y no precisamente de Roma, esas quirurgias sean un cuento chino. \u00a1La madre que les pari\u00f3!<\/p>\n\n\n\n<p class=\" eplus-wrapper\">Como la jornada hab\u00eda planteado unos cuantos resultados favorables a las tesis europeas del equipo, sumar un punto, ante un rival que siempre nos incomoda, no parece malo. Ser\u00e1 mucho mejor si en el pr\u00f3ximo encuentro ante el Granada los puntos se quedan en casa. Est\u00e1 todo igualad\u00edsimo, cualquier error se paga. Los partidos se resuelven por peque\u00f1os detalles.<\/p>\n\n\n\n<p class=\" eplus-wrapper\">La Real sali\u00f3 enganchada en La Nuc\u00eda, pero termin\u00f3 por desengancharse poco a poco, aunque no descarril\u00f3. En las declaraciones de Moy\u00e1 al final del partido se pudo leer entre l\u00edneas que el calor hab\u00eda hecho mella en el rendimiento. Imanol realiz\u00f3 los cinco cambios que le permite el vigente reglamento y alent\u00f3 a los suyos en las pausas de hidrataci\u00f3n. Conoce mejor que nadie c\u00f3mo est\u00e1 su gente y a lo mejor hoy le pide a San Ferm\u00edn que le eche una manita para lo que falta desde aqu\u00ed hasta el final. Todo nos va a hacer falta. Y prometo una vueltita por Estafeta y una visita a la capilla del santo si el a\u00f1o que viene estamos compitiendo m\u00e1s all\u00e1 del Bidasoa.<\/p>\n\n\n\n<p class=\" eplus-wrapper\">\u00bfOs hab\u00e9is dado cuenta que llevo dos beaterios seguidos sin hablar del VAR? La risa ha cambiado de barrio. Am\u00e9n.<\/p>\n\n\n\n<p class=\" eplus-wrapper\"><\/p>\n","protected":false},"excerpt":{"rendered":"<p>Levante 1-1 Real Sociedad Jornada 34 Liga &#8211; 06\/07\/2020 o primero que quiero hacer es saludar a las buenas gentes de Pasaia, Lesaka y a quienes siguen esta secci\u00f3n desde la capital navarra. Hoy es San Ferm\u00edn, el d\u00eda del santo patr\u00f3n que este a\u00f1o se celebra de aquella manera, por no decir que no [&hellip;]<\/p>\n","protected":false},"author":1,"featured_media":8790,"comment_status":"closed","ping_status":"open","sticky":false,"template":"","format":"standard","meta":{"editor_plus_copied_stylings":"{}","_monsterinsights_skip_tracking":false,"_monsterinsights_sitenote_active":false,"_monsterinsights_sitenote_note":"","_monsterinsights_sitenote_category":0,"footnotes":""},"categories":[54],"tags":[],"class_list":["post-8789","post","type-post","status-publish","format-standard","has-post-thumbnail","hentry","category-beaterios-2019-2020"],"aioseo_notices":[],"_links":{"self":[{"href":"https:\/\/elbeaterio.es\/index.php\/wp-json\/wp\/v2\/posts\/8789","targetHints":{"allow":["GET"]}}],"collection":[{"href":"https:\/\/elbeaterio.es\/index.php\/wp-json\/wp\/v2\/posts"}],"about":[{"href":"https:\/\/elbeaterio.es\/index.php\/wp-json\/wp\/v2\/types\/post"}],"author":[{"embeddable":true,"href":"https:\/\/elbeaterio.es\/index.php\/wp-json\/wp\/v2\/users\/1"}],"replies":[{"embeddable":true,"href":"https:\/\/elbeaterio.es\/index.php\/wp-json\/wp\/v2\/comments?post=8789"}],"version-history":[{"count":1,"href":"https:\/\/elbeaterio.es\/index.php\/wp-json\/wp\/v2\/posts\/8789\/revisions"}],"predecessor-version":[{"id":8791,"href":"https:\/\/elbeaterio.es\/index.php\/wp-json\/wp\/v2\/posts\/8789\/revisions\/8791"}],"wp:featuredmedia":[{"embeddable":true,"href":"https:\/\/elbeaterio.es\/index.php\/wp-json\/wp\/v2\/media\/8790"}],"wp:attachment":[{"href":"https:\/\/elbeaterio.es\/index.php\/wp-json\/wp\/v2\/media?parent=8789"}],"wp:term":[{"taxonomy":"category","embeddable":true,"href":"https:\/\/elbeaterio.es\/index.php\/wp-json\/wp\/v2\/categories?post=8789"},{"taxonomy":"post_tag","embeddable":true,"href":"https:\/\/elbeaterio.es\/index.php\/wp-json\/wp\/v2\/tags?post=8789"}],"curies":[{"name":"wp","href":"https:\/\/api.w.org\/{rel}","templated":true}]}}