{"id":888,"date":"2012-11-16T09:05:52","date_gmt":"2012-11-16T09:05:52","guid":{"rendered":"http:\/\/localhost\/joomla\/2012\/11\/16\/la-semana-fantastica\/"},"modified":"2023-07-02T16:14:05","modified_gmt":"2023-07-02T14:14:05","slug":"la-semana-fantastica","status":"publish","type":"post","link":"https:\/\/elbeaterio.es\/index.php\/2012\/11\/16\/la-semana-fantastica\/","title":{"rendered":"La semana fant\u00e1stica"},"content":{"rendered":"<p>Como en El Corte Ingl\u00e9s, la Real Sociedad cierra una semana fant\u00e1stica, para enmarcar. Una\u00a0de esas que gustan a los aficionados y satisfacen a los dirigentes. Los puntos de M\u00e1laga, la pac\u00edfica junta de accionistas y la renovaci\u00f3n de Claudio Bravo hasta 2017 constituyen tres elementos distantes entre s\u00ed, pero relacionados en torno a la misma idea. Casi todo de una tacada.<\/p>\n<p><!--more--><\/p>\n<p>\u00a0<\/p>\n<p>La competici\u00f3n determina el paso de las entidades. A vueltas con el valor real del t\u00e9cnico, el encuentro de La Rosaleda sirvi\u00f3 para tranquilizar las aguas a trav\u00e9s de tres puntos necesarios, con la dupla Illarramendi-Pardo, ansiada y esperada por una mayor\u00eda, al mando de las operaciones.<\/p>\n<p>Las aritm\u00e9ticas cuadran. El ejercicio econ\u00f3mico anterior se salva con superavit, sin incluir en \u00e9l los muchos millones que la justicia concede por sentencia en el conflicto televisivo con Mediapro. Ese ha sido uno de los procesos mejor gestionados por la directiva que preside Aperribay.<\/p>\n<p>Adem\u00e1s de otros muchos que han permitido aprobar con una mayor\u00eda escandalosa todos y cada uno de los asuntos sometidos a votaci\u00f3n. Cheque al portador de los accionistas para los gestores que llegaron a un club que rozaba la bancarrota y la disoluci\u00f3n y ahora coquetea con d\u00edas de vino y rosas.<\/p>\n<p>Relacionado con esa actividad de presente y futuro, debe entenderse la renovaci\u00f3n de Claudio Bravo hasta 2017. El portero y su rendimiento constituyen parte esencial de la columna titular del primer equipo. Vino de Chile hace seis a\u00f1os.<\/p>\n<p>En el tiempo transcurrido ha crecido como jugador y como individuo, porque ha acertado a relativizar las situaciones. Ha alcanzado la madurez necesaria como para discernir entre los sue\u00f1os y las realidades.<\/p>\n<p>Satisfecho con lo que es y le reconocen, el jugador opta por seguir donde est\u00e1. \u00bfPara qu\u00e9 cambiar?. Bien remunerado, aceptado por todos, querido por el p\u00fablico,\u00a0capit\u00e1n de la selecci\u00f3n de su pa\u00eds, plenamente integrado en un vestuario unido en torno al mismo proyecto, sin fisuras.<\/p>\n<p>Por delante, muchos retos. Entre ellos la remodelaci\u00f3n de Anoeta, la consolidaci\u00f3n del hecho deportivo, el desarrollo de la Fundaci\u00f3n, el equilibrio presupuestario. Y una pregunta: \u00bfSe presentar\u00e1 cuando llegue el momento el consejo a la reelecci\u00f3n?.<\/p>\n<p>\u00a0<\/p>\n","protected":false},"excerpt":{"rendered":"<p>Como en El Corte Ingl\u00e9s, la Real Sociedad cierra una semana fant\u00e1stica, para enmarcar. Una\u00a0de esas que gustan a los aficionados y satisfacen a los dirigentes. Los puntos de M\u00e1laga, la pac\u00edfica junta de accionistas y la renovaci\u00f3n de Claudio Bravo hasta 2017 constituyen tres elementos distantes entre s\u00ed, pero relacionados en torno a la [&hellip;]<\/p>\n","protected":false},"author":1,"featured_media":0,"comment_status":"closed","ping_status":"open","sticky":false,"template":"","format":"standard","meta":{"editor_plus_copied_stylings":"{}","_monsterinsights_skip_tracking":false,"_monsterinsights_sitenote_active":false,"_monsterinsights_sitenote_note":"","_monsterinsights_sitenote_category":0,"footnotes":""},"categories":[45],"tags":[],"class_list":["post-888","post","type-post","status-publish","format-standard","hentry","category-comentarios-2012-2013"],"aioseo_notices":[],"_links":{"self":[{"href":"https:\/\/elbeaterio.es\/index.php\/wp-json\/wp\/v2\/posts\/888","targetHints":{"allow":["GET"]}}],"collection":[{"href":"https:\/\/elbeaterio.es\/index.php\/wp-json\/wp\/v2\/posts"}],"about":[{"href":"https:\/\/elbeaterio.es\/index.php\/wp-json\/wp\/v2\/types\/post"}],"author":[{"embeddable":true,"href":"https:\/\/elbeaterio.es\/index.php\/wp-json\/wp\/v2\/users\/1"}],"replies":[{"embeddable":true,"href":"https:\/\/elbeaterio.es\/index.php\/wp-json\/wp\/v2\/comments?post=888"}],"version-history":[{"count":1,"href":"https:\/\/elbeaterio.es\/index.php\/wp-json\/wp\/v2\/posts\/888\/revisions"}],"predecessor-version":[{"id":5526,"href":"https:\/\/elbeaterio.es\/index.php\/wp-json\/wp\/v2\/posts\/888\/revisions\/5526"}],"wp:attachment":[{"href":"https:\/\/elbeaterio.es\/index.php\/wp-json\/wp\/v2\/media?parent=888"}],"wp:term":[{"taxonomy":"category","embeddable":true,"href":"https:\/\/elbeaterio.es\/index.php\/wp-json\/wp\/v2\/categories?post=888"},{"taxonomy":"post_tag","embeddable":true,"href":"https:\/\/elbeaterio.es\/index.php\/wp-json\/wp\/v2\/tags?post=888"}],"curies":[{"name":"wp","href":"https:\/\/api.w.org\/{rel}","templated":true}]}}